{"id":112316,"date":"2025-05-15T10:49:12","date_gmt":"2025-05-15T10:49:12","guid":{"rendered":"https:\/\/www.europesays.com\/de\/112316\/"},"modified":"2025-05-15T10:49:12","modified_gmt":"2025-05-15T10:49:12","slug":"dresden-hitlergruss-im-oldtimer-ermittlungen-gegen-mann-politik","status":"publish","type":"post","link":"https:\/\/www.europesays.com\/de\/112316\/","title":{"rendered":"Dresden &#8211; Hitlergru\u00df im Oldtimer? Ermittlungen gegen Mann &#8211; Politik"},"content":{"rendered":"<p data-manual=\"paragraph\" data-schema-org-speakable=\"true\" class=\"css-1ylqqlw\">Dresden (dpa\/sn) &#8211; Ein Mann soll in einem Milit\u00e4r-Oldtimer als Beifahrer durch Dresden gefahren sein und dabei einen Stahlhelm getragen und den Hitlergru\u00df gezeigt haben. Die Staatsanwaltschaft ermittelt wegen des Verdachts des Verwendens von Kennzeichen verfassungswidriger und terroristischer Organisationen gegen den Mann, wie es in einer Mitteilung hie\u00df. Der 37-J\u00e4hrige sei nicht vorbestraft und habe sich bislang nicht zu den Vorw\u00fcrfen ge\u00e4u\u00dfert.<\/p>\n<p data-manual=\"paragraph\" data-schema-org-speakable=\"true\" class=\"css-1ylqqlw\">Laut Staatsanwaltschaft waren der Mann und die anderen Insassen des offenen Wagens am vergangenen Freitag auf dem Weg zu einem Oldtimer-Treffen. Gegen alle Insassen wurde ermittelt, nur gegen den 37-j\u00e4hrigen Beschuldigten wurde nun Strafbefehl beantragt. Die Staatsanwaltschaft verlangt eine Strafe von 2.500 Euro, wie es hie\u00df.<\/p>\n<p data-manual=\"paragraph\" data-schema-org-speakable=\"true\" class=\"css-1ylqqlw\">\u00a9 dpa-infocom, dpa:250515-930-546491\/1<\/p>\n","protected":false},"excerpt":{"rendered":"Dresden (dpa\/sn) &#8211; Ein Mann soll in einem Milit\u00e4r-Oldtimer als Beifahrer durch Dresden gefahren sein und dabei einen&hellip;\n","protected":false},"author":2,"featured_media":112317,"comment_status":"","ping_status":"","sticky":false,"template":"","format":"standard","meta":{"footnotes":""},"categories":[1835],"tags":[3364,29,2386,1549,30,1584,16,859,149,11362],"class_list":{"0":"post-112316","1":"post","2":"type-post","3":"status-publish","4":"format-standard","5":"has-post-thumbnail","7":"category-dresden","8":"tag-de","9":"tag-deutschland","10":"tag-dresden","11":"tag-extremismus","12":"tag-germany","13":"tag-kriminalitaet","14":"tag-politik","15":"tag-sachsen","16":"tag-sueddeutsche-zeitung","17":"tag-ungefaehrer-tatort"},"share_on_mastodon":{"url":"https:\/\/pubeurope.com\/@de\/114511463184711276","error":""},"_links":{"self":[{"href":"https:\/\/www.europesays.com\/de\/wp-json\/wp\/v2\/posts\/112316","targetHints":{"allow":["GET"]}}],"collection":[{"href":"https:\/\/www.europesays.com\/de\/wp-json\/wp\/v2\/posts"}],"about":[{"href":"https:\/\/www.europesays.com\/de\/wp-json\/wp\/v2\/types\/post"}],"author":[{"embeddable":true,"href":"https:\/\/www.europesays.com\/de\/wp-json\/wp\/v2\/users\/2"}],"replies":[{"embeddable":true,"href":"https:\/\/www.europesays.com\/de\/wp-json\/wp\/v2\/comments?post=112316"}],"version-history":[{"count":0,"href":"https:\/\/www.europesays.com\/de\/wp-json\/wp\/v2\/posts\/112316\/revisions"}],"wp:featuredmedia":[{"embeddable":true,"href":"https:\/\/www.europesays.com\/de\/wp-json\/wp\/v2\/media\/112317"}],"wp:attachment":[{"href":"https:\/\/www.europesays.com\/de\/wp-json\/wp\/v2\/media?parent=112316"}],"wp:term":[{"taxonomy":"category","embeddable":true,"href":"https:\/\/www.europesays.com\/de\/wp-json\/wp\/v2\/categories?post=112316"},{"taxonomy":"post_tag","embeddable":true,"href":"https:\/\/www.europesays.com\/de\/wp-json\/wp\/v2\/tags?post=112316"}],"curies":[{"name":"wp","href":"https:\/\/api.w.org\/{rel}","templated":true}]}}