{"id":112318,"date":"2025-05-15T10:50:08","date_gmt":"2025-05-15T10:50:08","guid":{"rendered":"https:\/\/www.europesays.com\/de\/112318\/"},"modified":"2025-05-15T10:50:08","modified_gmt":"2025-05-15T10:50:08","slug":"bremen-polizei-fasst-gesuchten-dieb-am-hauptbahnhof-regional","status":"publish","type":"post","link":"https:\/\/www.europesays.com\/de\/112318\/","title":{"rendered":"Bremen: Polizei fasst gesuchten Dieb am Hauptbahnhof | Regional"},"content":{"rendered":"<p>Bremen \u2013 <b>Ein 44-j\u00e4hriger Mann wurde am Bremer Hauptbahnhof von der Polizei beim Versuch, gestohlene Waren zu verkaufen, festgenommen.<\/b><\/p>\n<p>Fahndungsbeamte beobachteten am 14.05.2025 gegen 14 Uhr, wie der Mann einer anderen Person Gegenst\u00e4nde aus seiner Sporttasche zeigte. Diese wollte er offenbar verkaufen. Die hinzugezogene Bundespolizei fand bei ihm originalverpackte Toniefiguren, Parf\u00fcmflaschen und Kosmetikartikel im Wert von \u00fcber 600 Euro.<\/p>\n<p>Auch interessant<\/p>\n<p>Anzeige<\/p>\n<p>Auch interessant<\/p>\n<p>Anzeige<\/p>\n<p>Ein Datenabgleich ergab, dass der Mann per Haftbefehl vom Amtsgericht Rotenburg (W\u00fcmme) gesucht wurde. Er war 2019 wegen Diebstahls und Urkundenf\u00e4lschung zu einer Bew\u00e4hrungsstrafe verurteilt worden, die er nicht einhielt. Daher muss er nun eine Haftstrafe antreten.<\/p>\n<p>Nach den polizeilichen Ma\u00dfnahmen wurde der 44-J\u00e4hrige in die Justizvollzugsanstalt Bremen gebracht. Zudem erwartet ihn ein weiteres Strafverfahren, da die angebotenen Waren wenige Tage zuvor aus einer Apotheke in Zeven gestohlen worden waren.<\/p>\n<p>Dieser Text basiert auf einer offiziellen Beh\u00f6rden-Information und wurde mit Hilfe von KI erstellt.<\/p>\n","protected":false},"excerpt":{"rendered":"Bremen \u2013 Ein 44-j\u00e4hriger Mann wurde am Bremer Hauptbahnhof von der Polizei beim Versuch, gestohlene Waren zu verkaufen,&hellip;\n","protected":false},"author":2,"featured_media":83424,"comment_status":"","ping_status":"","sticky":false,"template":"","format":"standard","meta":{"footnotes":""},"categories":[1824],"tags":[2420,3364,29,1686,30,2509,121,45,1995],"class_list":{"0":"post-112318","1":"post","2":"type-post","3":"status-publish","4":"format-standard","5":"has-post-thumbnail","7":"category-bremen","8":"tag-bremen","9":"tag-de","10":"tag-deutschland","11":"tag-diebstahl","12":"tag-germany","13":"tag-ki-ots","14":"tag-polizei","15":"tag-texttospeech","16":"tag-verbrechen"},"share_on_mastodon":{"url":"https:\/\/pubeurope.com\/@de\/114511467133432395","error":""},"_links":{"self":[{"href":"https:\/\/www.europesays.com\/de\/wp-json\/wp\/v2\/posts\/112318","targetHints":{"allow":["GET"]}}],"collection":[{"href":"https:\/\/www.europesays.com\/de\/wp-json\/wp\/v2\/posts"}],"about":[{"href":"https:\/\/www.europesays.com\/de\/wp-json\/wp\/v2\/types\/post"}],"author":[{"embeddable":true,"href":"https:\/\/www.europesays.com\/de\/wp-json\/wp\/v2\/users\/2"}],"replies":[{"embeddable":true,"href":"https:\/\/www.europesays.com\/de\/wp-json\/wp\/v2\/comments?post=112318"}],"version-history":[{"count":0,"href":"https:\/\/www.europesays.com\/de\/wp-json\/wp\/v2\/posts\/112318\/revisions"}],"wp:featuredmedia":[{"embeddable":true,"href":"https:\/\/www.europesays.com\/de\/wp-json\/wp\/v2\/media\/83424"}],"wp:attachment":[{"href":"https:\/\/www.europesays.com\/de\/wp-json\/wp\/v2\/media?parent=112318"}],"wp:term":[{"taxonomy":"category","embeddable":true,"href":"https:\/\/www.europesays.com\/de\/wp-json\/wp\/v2\/categories?post=112318"},{"taxonomy":"post_tag","embeddable":true,"href":"https:\/\/www.europesays.com\/de\/wp-json\/wp\/v2\/tags?post=112318"}],"curies":[{"name":"wp","href":"https:\/\/api.w.org\/{rel}","templated":true}]}}