{"id":112319,"date":"2025-05-15T10:51:08","date_gmt":"2025-05-15T10:51:08","guid":{"rendered":"https:\/\/www.europesays.com\/de\/112319\/"},"modified":"2025-05-15T10:51:08","modified_gmt":"2025-05-15T10:51:08","slug":"bremen-mann-schlaeft-berauscht-auf-gleis-und-stoppt-zugverkehr-regional","status":"publish","type":"post","link":"https:\/\/www.europesays.com\/de\/112319\/","title":{"rendered":"Bremen: Mann schl\u00e4ft berauscht auf Gleis und stoppt Zugverkehr | Regional"},"content":{"rendered":"<p>Meckelfeld \u2013 <b>Ein 29-J\u00e4hriger legte sich am Bahnhof Meckelfeld ins Gleis und schlief nach dem Konsum von Marihuana ein.<\/b><\/p>\n<p>Der Vorfall ereignete sich am Mittwochnachmittag und f\u00fchrte zu mehreren Zugversp\u00e4tungen. Laut ersten Erkenntnissen der Bundespolizei entdeckte der Lokf\u00fchrer eines G\u00fcterzugs gegen 14.06 Uhr die Person im Nachbargleis. Sofort veranlasste er eine Streckensperrung und informierte die Bundespolizei in L\u00fcneburg.<\/p>\n<p>Auch interessant<\/p>\n<p>Anzeige<\/p>\n<p>Auch interessant<\/p>\n<p>Anzeige<\/p>\n<p>Der Lokf\u00fchrer stoppte den Zug, ging zu dem Mann und nahm ihn, da er verwirrt wirkte, mit in den F\u00fchrerstand. Dort schlief der 29-J\u00e4hrige erneut ein. Gegen\u00fcber den Polizisten erkl\u00e4rte der Mann, dass er in einer nahegelegenen Gartenanlage einen Joint geraucht hatte. Dadurch habe er die Orientierung verloren und sei im Gleis eingeschlafen, ohne es zu bemerken.<\/p>\n<p>Die Bundespolizisten leiteten ein Ordnungswidrigkeitenverfahren wegen unerlaubtem Aufenthalt im Gleis ein und belehrten den Mann \u00fcber die Gefahren im Bahnbereich. Aufgrund des Vorfalls blieb die Bahnstrecke einige Minuten gesperrt, was zu Versp\u00e4tungen bei 18 Z\u00fcgen f\u00fchrte.<\/p>\n<p>Dieser Text basiert auf einer offiziellen Beh\u00f6rden-Information und wurde mit Hilfe von KI erstellt.<\/p>\n","protected":false},"excerpt":{"rendered":"Meckelfeld \u2013 Ein 29-J\u00e4hriger legte sich am Bahnhof Meckelfeld ins Gleis und schlief nach dem Konsum von Marihuana&hellip;\n","protected":false},"author":2,"featured_media":83424,"comment_status":"","ping_status":"","sticky":false,"template":"","format":"standard","meta":{"footnotes":""},"categories":[1824],"tags":[2420,3364,29,1994,30,2509,121,45,2624],"class_list":{"0":"post-112319","1":"post","2":"type-post","3":"status-publish","4":"format-standard","5":"has-post-thumbnail","7":"category-bremen","8":"tag-bremen","9":"tag-de","10":"tag-deutschland","11":"tag-drogenhandel","12":"tag-germany","13":"tag-ki-ots","14":"tag-polizei","15":"tag-texttospeech","16":"tag-unfaelle"},"share_on_mastodon":{"url":"https:\/\/pubeurope.com\/@de\/114511471060152705","error":""},"_links":{"self":[{"href":"https:\/\/www.europesays.com\/de\/wp-json\/wp\/v2\/posts\/112319","targetHints":{"allow":["GET"]}}],"collection":[{"href":"https:\/\/www.europesays.com\/de\/wp-json\/wp\/v2\/posts"}],"about":[{"href":"https:\/\/www.europesays.com\/de\/wp-json\/wp\/v2\/types\/post"}],"author":[{"embeddable":true,"href":"https:\/\/www.europesays.com\/de\/wp-json\/wp\/v2\/users\/2"}],"replies":[{"embeddable":true,"href":"https:\/\/www.europesays.com\/de\/wp-json\/wp\/v2\/comments?post=112319"}],"version-history":[{"count":0,"href":"https:\/\/www.europesays.com\/de\/wp-json\/wp\/v2\/posts\/112319\/revisions"}],"wp:featuredmedia":[{"embeddable":true,"href":"https:\/\/www.europesays.com\/de\/wp-json\/wp\/v2\/media\/83424"}],"wp:attachment":[{"href":"https:\/\/www.europesays.com\/de\/wp-json\/wp\/v2\/media?parent=112319"}],"wp:term":[{"taxonomy":"category","embeddable":true,"href":"https:\/\/www.europesays.com\/de\/wp-json\/wp\/v2\/categories?post=112319"},{"taxonomy":"post_tag","embeddable":true,"href":"https:\/\/www.europesays.com\/de\/wp-json\/wp\/v2\/tags?post=112319"}],"curies":[{"name":"wp","href":"https:\/\/api.w.org\/{rel}","templated":true}]}}