{"id":112320,"date":"2025-05-15T10:52:08","date_gmt":"2025-05-15T10:52:08","guid":{"rendered":"https:\/\/www.europesays.com\/de\/112320\/"},"modified":"2025-05-15T10:52:08","modified_gmt":"2025-05-15T10:52:08","slug":"essen-pedelec-fahrerin-bei-unfall-leicht-verletzt-regional","status":"publish","type":"post","link":"https:\/\/www.europesays.com\/de\/112320\/","title":{"rendered":"Essen: Pedelec-Fahrerin bei Unfall leicht verletzt | Regional"},"content":{"rendered":"<p>Essen \u2013 <b>Eine Pedelec-Fahrerin wurde am 13. Mai in Essen bei einem Verkehrsunfall leicht verletzt.<\/b><\/p>\n<p>Die 49-J\u00e4hrige fuhr um 9.30 Uhr auf der Alfredstra\u00dfe und \u00fcberquerte die Kreuzung zur Martinstra\u00dfe an einer Fu\u00dfg\u00e4ngerampel. Dabei erfasste ein blauer Pkw die Frau, woraufhin sie st\u00fcrzte. Der Autofahrer hielt kurz an, um sich nach ihrem Zustand zu erkundigen, fuhr dann jedoch weiter, ohne seine Daten zu hinterlassen. Die Polizei wurde informiert, da die Frau verletzt war und ihr Pedelec besch\u00e4digt wurde.<\/p>\n<p>Die Polizei Essen sucht nun nach dem Fahrer und bittet Zeugen um Hinweise. Wer Informationen hat, kann sich telefonisch unter 0201\/829-0 oder per E-Mail an hinweise.essen@polizei.nrw.de melden.<\/p>\n<p>Dieser Text basiert auf einer offiziellen Beh\u00f6rden-Information und wurde mit Hilfe von KI erstellt.<\/p>\n","protected":false},"excerpt":{"rendered":"Essen \u2013 Eine Pedelec-Fahrerin wurde am 13. Mai in Essen bei einem Verkehrsunfall leicht verletzt. Die 49-J\u00e4hrige fuhr&hellip;\n","protected":false},"author":2,"featured_media":75014,"comment_status":"","ping_status":"","sticky":false,"template":"","format":"standard","meta":{"footnotes":""},"categories":[1834],"tags":[3364,29,3688,30,2509,1209,121,45,2624],"class_list":{"0":"post-112320","1":"post","2":"type-post","3":"status-publish","4":"format-standard","5":"has-post-thumbnail","7":"category-essen","8":"tag-de","9":"tag-deutschland","10":"tag-essen","11":"tag-germany","12":"tag-ki-ots","13":"tag-nordrhein-westfalen","14":"tag-polizei","15":"tag-texttospeech","16":"tag-unfaelle"},"share_on_mastodon":{"url":"https:\/\/pubeurope.com\/@de\/114511475145566262","error":""},"_links":{"self":[{"href":"https:\/\/www.europesays.com\/de\/wp-json\/wp\/v2\/posts\/112320","targetHints":{"allow":["GET"]}}],"collection":[{"href":"https:\/\/www.europesays.com\/de\/wp-json\/wp\/v2\/posts"}],"about":[{"href":"https:\/\/www.europesays.com\/de\/wp-json\/wp\/v2\/types\/post"}],"author":[{"embeddable":true,"href":"https:\/\/www.europesays.com\/de\/wp-json\/wp\/v2\/users\/2"}],"replies":[{"embeddable":true,"href":"https:\/\/www.europesays.com\/de\/wp-json\/wp\/v2\/comments?post=112320"}],"version-history":[{"count":0,"href":"https:\/\/www.europesays.com\/de\/wp-json\/wp\/v2\/posts\/112320\/revisions"}],"wp:featuredmedia":[{"embeddable":true,"href":"https:\/\/www.europesays.com\/de\/wp-json\/wp\/v2\/media\/75014"}],"wp:attachment":[{"href":"https:\/\/www.europesays.com\/de\/wp-json\/wp\/v2\/media?parent=112320"}],"wp:term":[{"taxonomy":"category","embeddable":true,"href":"https:\/\/www.europesays.com\/de\/wp-json\/wp\/v2\/categories?post=112320"},{"taxonomy":"post_tag","embeddable":true,"href":"https:\/\/www.europesays.com\/de\/wp-json\/wp\/v2\/tags?post=112320"}],"curies":[{"name":"wp","href":"https:\/\/api.w.org\/{rel}","templated":true}]}}