{"id":1123254,"date":"2026-06-26T13:01:18","date_gmt":"2026-06-26T13:01:18","guid":{"rendered":"https:\/\/www.europesays.com\/de\/1123254\/"},"modified":"2026-06-26T13:01:18","modified_gmt":"2026-06-26T13:01:18","slug":"eselnest-laedt-zum-feriencamp-fuer-kinder","status":"publish","type":"post","link":"https:\/\/www.europesays.com\/de\/1123254\/","title":{"rendered":"Eselnest l\u00e4dt zum Feriencamp f\u00fcr Kinder"},"content":{"rendered":"\n<p>Das Eselnest veranstaltet vom 9. bis 14. August 2026 ein Feriencamp f\u00fcr Kinder im Alter von 9 bis 13 Jahren. \u00dcbernachtet wird in Zelten oder unter freiem Himmel. <\/p>\n<p>Zum Programm geh\u00f6ren t\u00e4gliche Radtouren zu B\u00e4dern in Dresden und der Umgebung, Lagerfeuer, die Arbeit mit den Eseln, Spielabende, Tischtennis, Kochen \u00fcber offenem Feuer und T\u00f6pfern. <\/p>\n<p>Die Teilnahme kostet 180 Euro, Inhaber eines Dresdenpasses zahlen 100 Euro. Enthalten sind \u00dcbernachtung, Betreuung, Vollverpflegung, der Eintritt in die B\u00e4der sowie Fahrkarten.<\/p>\n<p><a class=\"gofollow\" data-track=\"MTM3LDEsNjA=\" href=\"https:\/\/pieschen-aktuell.de\/tanzquelle-elbflorenz-bewegung-und-kreativitaet-fuer-dresden\/\" target=\"_blank\" rel=\"noopener nofollow\"><img fetchpriority=\"high\" decoding=\"async\" src=\"https:\/\/www.europesays.com\/de\/wp-content\/uploads\/2025\/04\/2025-02-04-LogoTanzquelle-1.jpg\" alt=\"Tanzquelle Elbflorenz\" width=\"300\" height=\"250\"\/><\/a><br \/>  <img loading=\"lazy\" decoding=\"async\" src=\"https:\/\/www.europesays.com\/de\/wp-content\/uploads\/2026\/06\/2026-06-26-Eselnest.jpg\" alt=\"Ausfl\u00fcge und Spiele - Sommerferien im Eselnest - Foto: Spielprojekt e.V.\" width=\"1536\" height=\"864\" class=\"size-full wp-image-76659\"  \/>Ausfl\u00fcge und Spiele \u2013 Sommerferien im Eselnest \u2013 Foto: Spielprojekt e.V.    <\/p>\n","protected":false},"excerpt":{"rendered":"Das Eselnest veranstaltet vom 9. bis 14. August 2026 ein Feriencamp f\u00fcr Kinder im Alter von 9 bis&hellip;\n","protected":false},"author":2,"featured_media":1123255,"comment_status":"","ping_status":"","sticky":false,"template":"","format":"standard","meta":{"footnotes":"","_share_on_mastodon":"0"},"categories":[1835],"tags":[3364,29,2386,237036,63346,30,859,11290],"class_list":["post-1123254","post","type-post","status-publish","format-standard","has-post-thumbnail","category-dresden","tag-de","tag-deutschland","tag-dresden","tag-eselnest","tag-feriencamp","tag-germany","tag-sachsen","tag-sommerferien"],"share_on_mastodon":{"url":"https:\/\/pubeurope.com\/@de\/116816545128243994","error":""},"_links":{"self":[{"href":"https:\/\/www.europesays.com\/de\/wp-json\/wp\/v2\/posts\/1123254","targetHints":{"allow":["GET"]}}],"collection":[{"href":"https:\/\/www.europesays.com\/de\/wp-json\/wp\/v2\/posts"}],"about":[{"href":"https:\/\/www.europesays.com\/de\/wp-json\/wp\/v2\/types\/post"}],"author":[{"embeddable":true,"href":"https:\/\/www.europesays.com\/de\/wp-json\/wp\/v2\/users\/2"}],"replies":[{"embeddable":true,"href":"https:\/\/www.europesays.com\/de\/wp-json\/wp\/v2\/comments?post=1123254"}],"version-history":[{"count":0,"href":"https:\/\/www.europesays.com\/de\/wp-json\/wp\/v2\/posts\/1123254\/revisions"}],"wp:featuredmedia":[{"embeddable":true,"href":"https:\/\/www.europesays.com\/de\/wp-json\/wp\/v2\/media\/1123255"}],"wp:attachment":[{"href":"https:\/\/www.europesays.com\/de\/wp-json\/wp\/v2\/media?parent=1123254"}],"wp:term":[{"taxonomy":"category","embeddable":true,"href":"https:\/\/www.europesays.com\/de\/wp-json\/wp\/v2\/categories?post=1123254"},{"taxonomy":"post_tag","embeddable":true,"href":"https:\/\/www.europesays.com\/de\/wp-json\/wp\/v2\/tags?post=1123254"}],"curies":[{"name":"wp","href":"https:\/\/api.w.org\/{rel}","templated":true}]}}