{"id":1123335,"date":"2026-06-26T13:45:42","date_gmt":"2026-06-26T13:45:42","guid":{"rendered":"https:\/\/www.europesays.com\/de\/1123335\/"},"modified":"2026-06-26T13:45:42","modified_gmt":"2026-06-26T13:45:42","slug":"tag-der-architektur-hier-zieren-gruene-fassaden-den-grauen-beton","status":"publish","type":"post","link":"https:\/\/www.europesays.com\/de\/1123335\/","title":{"rendered":"Tag der Architektur: Hier zieren gr\u00fcne Fassaden den grauen Beton"},"content":{"rendered":"<p>        <img decoding=\"async\" src=\"https:\/\/www.europesays.com\/de\/wp-content\/uploads\/2026\/06\/gruenfassaden-100.webp\" alt=\"Gr\u00fcnfassaden am neuen Parkhaus am UKSH in Kiel\" title=\"Gr\u00fcnfassaden am neuen Parkhaus am UKSH in Kiel | Frank Hajasch, NDR.de\" class=\"responsive\"\/><\/p>\n<p>AUDIO: Tag der Architektur: In Kiel entsteht ein modernes Parkhaus (4 Min)<\/p>\n<p>\n                Stand: 26.06.2026 14:08 Uhr<\/p>\n<p class=\"preface\">Am Wochenende gibt es den Tag der Architektur und Ingenieurbaukunst wieder im Doppelpack. An beiden Tagen sind Privath\u00e4user, B\u00fcrogeb\u00e4ude, Schulen, umgebaute Werkshallen und weitere Geb\u00e4ude ge\u00f6ffnet. Am UKSH in Kiel entsteht gerade ein modernes Parkhaus f\u00fcr Fahrr\u00e4der und Autos.<\/p>\n<p class=\"textauthor\">von Frank Hajasch<\/p>\n<p class=\"\">Stein, Stahl und Beton dominieren die 24 Hektar des Universit\u00e4tsklinikums Schleswig-Holstein (UKSH) mitten in Kiel. Was nicht Fu\u00df- oder Radweg ist, Parkplatz oder Anlieferzone, Caf\u00e9 oder Kleingesch\u00e4ft, geh\u00f6rt zu den Fachkliniken.<\/p>\n<p class=\"\">Doch ein modernes Parkhaus bricht das Bild &#8211; durch begr\u00fcnte Fassaden. &#8222;Sie sind ein \u00f6kologischer Beitrag der Geb\u00e4ude zum Klima und zum Mikroklima. Und wir haben ja gerade in unseren St\u00e4dten die Herausforderung, dass wir extrem wenig Gr\u00fcnfl\u00e4chen haben&#8220;, sagt Architekt Christian Schmieder, der dabei auch auf die begr\u00fcnte Dachfl\u00e4che des Geb\u00e4udes verweist.<\/p>\n<p>    Verkleidung in Naturgr\u00fcn mit schicken Lochgittern<\/p>\n<p class=\"\">Schmieders Architekturb\u00fcro ist verantwortlich f\u00fcr diesen filigranen und luftigen Bau. In dessen Fassade haben die Planer \u00fcber alle Etagen hinweg senkrechte Felder untergebracht, die schon in der Bauphase gr\u00fcnen und bl\u00fchen. Ein dreigeschossiges Parkhaus f\u00fcr 1.300 Fahrr\u00e4der w\u00e4chst hier. Eines aus Stahl, was mit dem Brandschutz zu tun hat, merkt Schmieder an. Nur sehe man dies dem Bau nicht an. Und das liege an der Verkleidung in Naturgr\u00fcn mit schicken Lochgittern dazwischen.<\/p>\n<p>        <img decoding=\"async\" src=\"https:\/\/www.europesays.com\/de\/wp-content\/uploads\/2026\/06\/feldstrassebunkerhh-100.webp\" alt=\"Eine Drohnenaufnahme vom umgebauten begr\u00fcnten Bunker in Hamburg beim Stadion St. Pauli (Feldstra\u00dfenbunker)\" title=\"Eine Drohnenaufnahme vom umgebauten begr\u00fcnten Bunker in Hamburg beim Stadion St. Pauli (Feldstra\u00dfenbunker) | picture alliance \/ Zoonar | Franziskus von Lucke\" class=\"responsive\" loading=\"lazy\"\/><\/p>\n<p>Welche Weltkriegsbunker gibt es im Norden mit neuer, kultureller Bestimmung? Beispiele aus St\u00e4dten wie Hamburg, Rostock oder Emden.<\/p>\n<p class=\"\">Die Stahlkonstruktion ist zu weiten Teilen zudem eine nachhaltige Bauweise, weil man dieses Geb\u00e4ude nach seiner Lebenszeit komplett demontieren kann. Der Stahl und die Fassadenelemente lassen sich zu 100 Prozent recyclen.<\/p>\n<p class=\"\">Die klima- und quartierfreundliche H\u00fclle ist das eine, der Innenausbau das andere. &#8222;Im Umkleidebereich befinden sich Spinde f\u00fcr die Mitarbeitenden, wo sie Fahrradklamotten lagern k\u00f6nnen. Und wir kriegen hier noch zus\u00e4tzliche Ladeschr\u00e4nke hin, wo dann die Akkus der Fahrr\u00e4der eingeschlossen und geladen werden k\u00f6nnen&#8220;, so Schmieder.<\/p>\n<p>    Betrieb der Gr\u00fcnfl\u00e4chen l\u00e4uft durch smarte Technik<\/p>\n<p class=\"\">Gr\u00fcnfassaden seien so neu nicht, sagt Jean-Pierre Rossingoll vom Generalunternehmen aus Hannover, das sich auf Parkhausbauten spezialisiert hat. Der Betrieb solcher h\u00e4ngenden riesigen Gr\u00fcnfl\u00e4chen sei kein Hexenwerk. &#8222;Rossignoll: &#8222;Im Keller haben wir eine ganze Steuereinheit, die mit Sensorkabeln in den einzelnen Panelen verlegt sind. Die haben Temperatur- und Feuchtigkeitserfassung, und die geben dann die ganzen Daten an die Schalteinheit im Untergeschoss und sagen: Okay, ich brauche Wasser. Das ist eine Geschichte, die komplett autark l\u00e4uft.&#8220;<\/p>\n<p>    Au\u00dfenhaut des Geb\u00e4udes wie ein gr\u00fcner Vorhand<\/p>\n<p class=\"\">Das B\u00fcro von Christian Schmieder hat Erfahrungen mit begr\u00fcnten Fassaden, das zeigt das am <a href=\"https:\/\/tdai.aik-sh.de\/\" title=\"Tag der Architektur und Ingenieurbaukunst\" class=\"extlink-preface\" data-type=\"external\" rel=\"nofollow noopener\" target=\"_blank\">Tag der Architektur<\/a> ebenfalls ge\u00f6ffnete Parkhaus der Christian-Albrechts-Universit\u00e4t in <a href=\"https:\/\/www.ndr.de\/nachrichten\/schleswig-holstein\/Kiel-Aktuelle-Nachrichten-News-und-Videos,kiel7262.html\" title=\"Kiel - Aktuelle Nachrichten und Videos\" rel=\"nofollow noopener\" target=\"_blank\">Kiel.<\/a> Auch dort wachsen je nach Himmelsrichtung unterschiedliche Pflanzen \u2013 allerdings aus Pflanzk\u00e4sten.<\/p>\n<p class=\"\">Attraktiv sieht das neue Parkhaus auf dem Gel\u00e4nde des UKSH schon jetzt aus. Die klare Gliederung in Stellfl\u00e4che, Werkstatt, Umkleide, Selbst-Service, die hochwertigen Materialien, dazu der sichere Blick durch unverbaute Geschosse, deren Au\u00dfenhaut wie ein gr\u00fcner Vorhang wirkt: All dies d\u00fcrfte dazu beitragen, dass man doch gerne mit dem Rad zur Arbeit f\u00e4hrt.<\/p>\n<p>        <img decoding=\"async\" src=\"https:\/\/www.europesays.com\/de\/wp-content\/uploads\/2026\/06\/fabrik250.webp\" alt=\"Das Kultur- und Kommunikationszentrum Fabrik in Hamburg-Altona\" title=\"Das Kultur- und Kommunikationszentrum Fabrik, aufgenommen am 17.02.2018 in Hamburg im Stadtteil Ottensen. | picture alliance \/ Mascha Brichta\/dpa-tmn | Mascha Brichta\" class=\"responsive\" loading=\"lazy\"\/><\/p>\n<p>Als alternatives Vorzeigeprojekt gefeiert, abgebrannt, wiederaufgebaut: Am 25. Juni 1971 wurde die Fabrik in Hamburg er\u00f6ffnet.<\/p>\n<p>        <img decoding=\"async\" src=\"https:\/\/www.europesays.com\/de\/wp-content\/uploads\/2026\/06\/luettenklein-100.webp\" alt=\"Kindergartenkinder spielen am 01.07.1976 auf einem Spielplatz der Kindertagesst\u00e4tte in Rostock-L\u00fctten Klein in der Stockholmer Stra\u00dfe.\" title=\"Kindergartenkinder spielen am 01.07.1976 auf einem Spielplatz der Kindertagesst\u00e4tte in Rostock-L\u00fctten Klein in der Stockholmer Stra\u00dfe. | picture alliance \/ Caro | Sorge\" class=\"responsive\" loading=\"lazy\"\/><\/p>\n<p>Am 10. April 1966 zogen die ersten Mieter in das Rostocker Plattenbau-Viertel L\u00fctten Klein &#8211; damals purer Luxus in der DDR.<\/p>\n","protected":false},"excerpt":{"rendered":"AUDIO: Tag der Architektur: In Kiel entsteht ein modernes Parkhaus (4 Min) Stand: 26.06.2026 14:08 Uhr Am Wochenende&hellip;\n","protected":false},"author":2,"featured_media":1123336,"comment_status":"","ping_status":"","sticky":false,"template":"","format":"standard","meta":{"footnotes":"","_share_on_mastodon":"0"},"categories":[1852],"tags":[3364,29,548,663,3934,237055,30,13,4949,1563,237054,237056,14,15,22165,12,1971,237053,41693],"class_list":["post-1123335","post","type-post","status-publish","format-standard","has-post-thumbnail","category-kiel","tag-de","tag-deutschland","tag-eu","tag-europa","tag-europe","tag-gebaeudebegruenung","tag-germany","tag-headlines","tag-kiel","tag-klima","tag-mikroklima","tag-mobiliaetswende","tag-nachrichten","tag-news","tag-parkhaus","tag-schlagzeilen","tag-schleswig-holstein","tag-tag-der-architektur-und-ingenieurbaukunst","tag-uksh"],"share_on_mastodon":{"url":"https:\/\/pubeurope.com\/@de\/116816716294786649","error":""},"_links":{"self":[{"href":"https:\/\/www.europesays.com\/de\/wp-json\/wp\/v2\/posts\/1123335","targetHints":{"allow":["GET"]}}],"collection":[{"href":"https:\/\/www.europesays.com\/de\/wp-json\/wp\/v2\/posts"}],"about":[{"href":"https:\/\/www.europesays.com\/de\/wp-json\/wp\/v2\/types\/post"}],"author":[{"embeddable":true,"href":"https:\/\/www.europesays.com\/de\/wp-json\/wp\/v2\/users\/2"}],"replies":[{"embeddable":true,"href":"https:\/\/www.europesays.com\/de\/wp-json\/wp\/v2\/comments?post=1123335"}],"version-history":[{"count":0,"href":"https:\/\/www.europesays.com\/de\/wp-json\/wp\/v2\/posts\/1123335\/revisions"}],"wp:featuredmedia":[{"embeddable":true,"href":"https:\/\/www.europesays.com\/de\/wp-json\/wp\/v2\/media\/1123336"}],"wp:attachment":[{"href":"https:\/\/www.europesays.com\/de\/wp-json\/wp\/v2\/media?parent=1123335"}],"wp:term":[{"taxonomy":"category","embeddable":true,"href":"https:\/\/www.europesays.com\/de\/wp-json\/wp\/v2\/categories?post=1123335"},{"taxonomy":"post_tag","embeddable":true,"href":"https:\/\/www.europesays.com\/de\/wp-json\/wp\/v2\/tags?post=1123335"}],"curies":[{"name":"wp","href":"https:\/\/api.w.org\/{rel}","templated":true}]}}