{"id":1123572,"date":"2026-06-26T15:59:18","date_gmt":"2026-06-26T15:59:18","guid":{"rendered":"https:\/\/www.europesays.com\/de\/1123572\/"},"modified":"2026-06-26T15:59:18","modified_gmt":"2026-06-26T15:59:18","slug":"gcjz-duesseldorf-feiert-75-jubilaeum","status":"publish","type":"post","link":"https:\/\/www.europesays.com\/de\/1123572\/","title":{"rendered":"GCJZ D\u00fcsseldorf feiert 75. Jubil\u00e4um"},"content":{"rendered":"<p class=\"text_ohne_einzug richtext text-em-55 !leading-serif mx-6 desktop:mx-0\"> \u201eSchulter an Schulter miteinander\u201c \u2013 das Motto zum 75. Jubil\u00e4um der Gesellschaft f\u00fcr Christlich-J\u00fcdische Zusammenarbeit in D\u00fcsseldorf (GCJZ) ziehe sich wie ein roter Faden durch die gesamte Geschichte des Vereins, sagt Gesch\u00e4ftsf\u00fchrerin Andrea Sonnen. 57 R\u00fcckkehrer und Holocaust-\u00dcberlebende hatten diesen im Jahr 1951 gegr\u00fcndet, sechs Jahre nach Ende des Zweiten Weltkriegs. Das Ziel: Begegnung, Verst\u00e4ndigung und gegenseitiger Respekt.<\/p>\n<p class=\"richtext text-em-55 !leading-serif mx-6 desktop:mx-0\">Mittlerweile ist die D\u00fcsseldorfer Gesellschaft eine der mitgliederst\u00e4rksten in ganz NRW. Ihre Arbeit m\u00fcsse weitergehen, betonte Herbert Rubinstein von der J\u00fcdischen Gemeinde anl\u00e4sslich des Jubil\u00e4ums. \u201eDie kommenden Generationen werden die Verantwortung daf\u00fcr tragen, den Dialog fortzuf\u00fchren, Vorurteile abzubauen, Wissen zu vermitteln und dem Antisemitismus entschieden entgegenzutreten\u201c. Solidarit\u00e4t bedeute nicht nur Mitgef\u00fchl \u2013 sondern Haltung zu zeigen.<\/p>\n<p>Br\u00fccken bauen trotz Gr\u00e4ben und Traumata      <\/p>\n<p class=\"richtext text-em-55 !leading-serif mx-6 desktop:mx-0\">Wie dringend dieses Thema ist, das machte bei den Feierlichkeiten im Leo-Baeck-Saal der J\u00fcdischen Gemeinde in Golzheim auch Oberb\u00fcrgermeister Stephan Keller deutlich. Der weltweite Anstieg antisemitischer Einstellungen und Straftaten seit dem Terrorangriff der Hamas auf Israel sei besorgniserregend und auch in D\u00fcsseldorf sp\u00fcrbar. Keller erinnerte in diesem Zusammenhang an das Fu\u00dfballspiel zum Gedenken an den von Hamas-Terroristen ermordeten Fu\u00dfballer Ilan Fiorentino vor knapp drei Wochen. Dabei waren israelische G\u00e4ste am Stadion und vor dem Hotel angefeindet und antisemitisch beschimpft worden. \u201eWir m\u00fcssen alles daf\u00fcr tun, dass sich J\u00fcdinnen und Juden in unserer Stadt sicher f\u00fchlen k\u00f6nnen. Das bleibt unsere gemeinsame Verantwortung\u201c, appellierte Keller.<\/p>\n<p class=\"richtext text-em-55 !leading-serif mx-6 desktop:mx-0\">Den Verein bezeichnete er als B\u00fcrgerbewegung, die bis heute lebendig geblieben sei. Die Verantwortlichen seien in den vergangenen 75 Jahren trotz aller Gr\u00e4ben und Traumata aufeinander zugegangen und h\u00e4tten auf beeindruckende Weise Br\u00fccken gebaut, \u201ezwischen Religionen, zwischen Menschen und auch nach Israel\u201c.<\/p>\n","protected":false},"excerpt":{"rendered":"\u201eSchulter an Schulter miteinander\u201c \u2013 das Motto zum 75. Jubil\u00e4um der Gesellschaft f\u00fcr Christlich-J\u00fcdische Zusammenarbeit in D\u00fcsseldorf (GCJZ)&hellip;\n","protected":false},"author":2,"featured_media":1123573,"comment_status":"","ping_status":"","sticky":false,"template":"","format":"standard","meta":{"footnotes":"","_share_on_mastodon":"0"},"categories":[1831],"tags":[96378,3364,29,3405,27331,30,3009,107380,1209],"class_list":["post-1123572","post","type-post","status-publish","format-standard","has-post-thumbnail","category-duesseldorf","tag-christlich","tag-de","tag-deutschland","tag-duesseldorf","tag-feiert","tag-germany","tag-jubilaeum","tag-juedischer","tag-nordrhein-westfalen"],"share_on_mastodon":{"url":"https:\/\/pubeurope.com\/@de\/116817242717463646","error":""},"_links":{"self":[{"href":"https:\/\/www.europesays.com\/de\/wp-json\/wp\/v2\/posts\/1123572","targetHints":{"allow":["GET"]}}],"collection":[{"href":"https:\/\/www.europesays.com\/de\/wp-json\/wp\/v2\/posts"}],"about":[{"href":"https:\/\/www.europesays.com\/de\/wp-json\/wp\/v2\/types\/post"}],"author":[{"embeddable":true,"href":"https:\/\/www.europesays.com\/de\/wp-json\/wp\/v2\/users\/2"}],"replies":[{"embeddable":true,"href":"https:\/\/www.europesays.com\/de\/wp-json\/wp\/v2\/comments?post=1123572"}],"version-history":[{"count":0,"href":"https:\/\/www.europesays.com\/de\/wp-json\/wp\/v2\/posts\/1123572\/revisions"}],"wp:featuredmedia":[{"embeddable":true,"href":"https:\/\/www.europesays.com\/de\/wp-json\/wp\/v2\/media\/1123573"}],"wp:attachment":[{"href":"https:\/\/www.europesays.com\/de\/wp-json\/wp\/v2\/media?parent=1123572"}],"wp:term":[{"taxonomy":"category","embeddable":true,"href":"https:\/\/www.europesays.com\/de\/wp-json\/wp\/v2\/categories?post=1123572"},{"taxonomy":"post_tag","embeddable":true,"href":"https:\/\/www.europesays.com\/de\/wp-json\/wp\/v2\/tags?post=1123572"}],"curies":[{"name":"wp","href":"https:\/\/api.w.org\/{rel}","templated":true}]}}