{"id":1123661,"date":"2026-06-26T16:49:14","date_gmt":"2026-06-26T16:49:14","guid":{"rendered":"https:\/\/www.europesays.com\/de\/1123661\/"},"modified":"2026-06-26T16:49:14","modified_gmt":"2026-06-26T16:49:14","slug":"wuelfrather-spd-nimmt-zukunft-der-fussgaengerzone-in-den-fokus","status":"publish","type":"post","link":"https:\/\/www.europesays.com\/de\/1123661\/","title":{"rendered":"W\u00fclfrather SPD nimmt Zukunft der Fu\u00dfg\u00e4ngerzone in den Fokus"},"content":{"rendered":"<p class=\"text_ohne_einzug richtext text-em-55 !leading-serif mx-6 desktop:mx-0\"> Mut zur Ver\u00e4nderung, den m\u00f6chte die W\u00fclfrather SPD in der aktuellen Legislaturperiode beweisen. Das gilt vor allem f\u00fcr die Zukunft der Fu\u00dfg\u00e4ngerzone. Die, da sind sich Niels Sperling, Fraktionschef und Ortsvereinsvorsitzender, sowie Melanie Brans, stellvertretende Fraktionsvorsitzende, einig, m\u00fcsse langfristig und neu gedacht werden. Wenn es nach den Sozialdemokraten geht, soll hier nicht nur Einzelhandel stattfinden, sondern auch Raum f\u00fcr Begegnungen geschaffen werden.<\/p>\n","protected":false},"excerpt":{"rendered":"Mut zur Ver\u00e4nderung, den m\u00f6chte die W\u00fclfrather SPD in der aktuellen Legislaturperiode beweisen. Das gilt vor allem f\u00fcr&hellip;\n","protected":false},"author":2,"featured_media":1123662,"comment_status":"","ping_status":"","sticky":false,"template":"","format":"standard","meta":{"footnotes":"","_share_on_mastodon":"0"},"categories":[1840],"tags":[32246,43805,168651,70532,3364,29,17015,53160,184609,47197,3195,30,1109,50364,1209,1678,237132,184,50409,27167,4418],"class_list":["post-1123661","post","type-post","status-publish","format-standard","has-post-thumbnail","category-wuppertal","tag-wohnraum","tag-aufenthaltsqualitaet","tag-brans","tag-chefsache","tag-de","tag-deutschland","tag-fraktion","tag-fraktionschef","tag-fraktionsmitglieder","tag-fraktionsvorsitzende","tag-fussgaengerzone","tag-germany","tag-haushalt","tag-lebensraum","tag-nordrhein-westfalen","tag-raum","tag-sozialraum","tag-spd","tag-sperling","tag-wuelfrath","tag-wuppertal"],"share_on_mastodon":{"url":"https:\/\/pubeurope.com\/@de\/116817439368706217","error":""},"_links":{"self":[{"href":"https:\/\/www.europesays.com\/de\/wp-json\/wp\/v2\/posts\/1123661","targetHints":{"allow":["GET"]}}],"collection":[{"href":"https:\/\/www.europesays.com\/de\/wp-json\/wp\/v2\/posts"}],"about":[{"href":"https:\/\/www.europesays.com\/de\/wp-json\/wp\/v2\/types\/post"}],"author":[{"embeddable":true,"href":"https:\/\/www.europesays.com\/de\/wp-json\/wp\/v2\/users\/2"}],"replies":[{"embeddable":true,"href":"https:\/\/www.europesays.com\/de\/wp-json\/wp\/v2\/comments?post=1123661"}],"version-history":[{"count":0,"href":"https:\/\/www.europesays.com\/de\/wp-json\/wp\/v2\/posts\/1123661\/revisions"}],"wp:featuredmedia":[{"embeddable":true,"href":"https:\/\/www.europesays.com\/de\/wp-json\/wp\/v2\/media\/1123662"}],"wp:attachment":[{"href":"https:\/\/www.europesays.com\/de\/wp-json\/wp\/v2\/media?parent=1123661"}],"wp:term":[{"taxonomy":"category","embeddable":true,"href":"https:\/\/www.europesays.com\/de\/wp-json\/wp\/v2\/categories?post=1123661"},{"taxonomy":"post_tag","embeddable":true,"href":"https:\/\/www.europesays.com\/de\/wp-json\/wp\/v2\/tags?post=1123661"}],"curies":[{"name":"wp","href":"https:\/\/api.w.org\/{rel}","templated":true}]}}