{"id":1123729,"date":"2026-06-26T17:24:19","date_gmt":"2026-06-26T17:24:19","guid":{"rendered":"https:\/\/www.europesays.com\/de\/1123729\/"},"modified":"2026-06-26T17:24:19","modified_gmt":"2026-06-26T17:24:19","slug":"stuttgart-21-wird-noch-einmal-deutlich-teurer-bahnverkehr","status":"publish","type":"post","link":"https:\/\/www.europesays.com\/de\/1123729\/","title":{"rendered":"Stuttgart 21 wird noch einmal deutlich teurer &#8211; Bahnverkehr"},"content":{"rendered":"<p class=\"rhp-dpa-teaser\"><b>Die H\u00e4ngepartie um das milliardenschwere Bahnprojekt Stuttgart 21 geht weiter. Der neue Tiefbahnhofsoll nun  erst Ende 2031 in Betrieb gehen.<\/b><\/p>\n<p>Die von der <a class=\"rtr-entity\" data-rtr-entity=\"DB\" data-rtr-id=\"22157c9fc401ed7d4a816867ed71a5787e1f7af1\" data-rtr-score=\"44.75319926873858\" data-rtr-etype=\"organisation\" data-rtr-index=\"21\" href=\"https:\/\/www.rheinpfalz.de\/themen\/bahncard\" rel=\"nofollow noopener\" target=\"_blank\">DB<\/a> veranschlagten Kosten erh\u00f6hen sich um weitere drei Milliarden auf 14,5 Milliarden Euro. Bei einem Spitzentreffen mit den Projektpartnern musste Bahnchefin Evelyn Palla in <a class=\"rtr-entity\" data-rtr-entity=\"Stuttgart\" data-rtr-id=\"bdcb100100d1ee20d776dd903bb1110a54a1c3c4\" data-rtr-score=\"94.95137111517369\" data-rtr-etype=\"location\" data-rtr-index=\"13\" href=\"https:\/\/www.rheinpfalz.de\/themen\/stuttgart\" rel=\"nofollow noopener\" target=\"_blank\">Stuttgart<\/a> unter anderem Baden-W\u00fcrttembergs Ministerpr\u00e4sident <a class=\"rtr-entity\" data-rtr-entity=\"Cem \u00d6zdemir\" data-rtr-id=\"eb292d24dba2e31d88e874d18d48c664678f2414\" data-rtr-score=\"13.628884826325413\" data-rtr-etype=\"person\" data-rtr-index=\"10\" href=\"https:\/\/www.rheinpfalz.de\/themen\/cem-oezdemir\" rel=\"nofollow noopener\" target=\"_blank\">Cem \u00d6zdemir<\/a> (Gr\u00fcne) und Stuttgarts Oberb\u00fcrgermeister Frank Nopper (CDU) erkl\u00e4ren, wie es zu dem Debakel rund um die Mega-Baustelle kommen konnte. <\/p>\n<p>Vier Hauptgr\u00fcnde hat die interne \u00dcberpr\u00fcfung des Projektes ergeben, die Bahnchefin Palla nach der Absage des j\u00fcngsten Er\u00f6ffnungstermins Ende 2026 angeordnet hatte. Die Digitalisierung des Stuttgarter Bahnknotens sei deutlich herausfordernder als zun\u00e4chst gedacht. Zudem h\u00e4tten Planungsprozesse nicht den n\u00f6tigen Reifegrad gehabt. Teilweise m\u00fcssen deswegen neue Kabel verlegt werden, laut DB geht es um etwa 100 Kilometer.<\/p>\n<p>Probleme mit Technikgeb\u00e4ude<\/p>\n<p>Zudem gebe es Probleme mit einem bereits 2013 gebauten Technikgeb\u00e4ude, das f\u00fcr den aktuellen Bedarf nicht mehr passend sei. Komplett neu planen muss die Bahn das Notstromkonzept, weil zu sp\u00e4t auf neue Vorgaben reagiert wurde. <\/p>\n<p>Bahnchefin Palla lie\u00df verlauten, dass sie ersch\u00fcttert sei \u00fcber die Ergebnisse der konzerninternen \u00dcberpr\u00fcfung von Stuttgart 21. Ehrlichkeit und Realismus seien nun ins Projekt eingezogen, versprach sie.  <\/p>\n<p>Stuttgarts Oberb\u00fcrgermeister Frank Nopper (CDU) sprach von einem harten und h\u00f6chst schmerzhaften Schlag, sagte aber auch, dass Palla aus seiner Sicht glaubhaft Besserung gelobt und einen realistischen und nachvollziehbaren Plan vorgelegt habe. <\/p>\n<p>Lange Wege wegen Baustelle<\/p>\n<p>Die Fahrg\u00e4ste in Stuttgart werden wegen der Verschiebung der Inbetriebnahme weitere f\u00fcnf Jahre mit einem Provisorium leben m\u00fcssen. Sie m\u00fcssen wegen der Baustelle mitten im Zentrum der Landeshauptstadt seit vielen Jahren weitere Wege zu den Fernz\u00fcgen in Kauf nehmen. Die langen Wege f\u00fcr die Reisenden will die DB schon vor Er\u00f6ffnung des Bahnhofs verk\u00fcrzen. Ab Ende 2027 sollen Fahrg\u00e4ste nicht mehr um die komplette Baustelle herum zu den Fernz\u00fcgen laufen m\u00fcssen, sondern \u00fcber das Dach des neuen Tiefbahnhofs direkt zu den Gleisen des alten Kopfbahnhofs gehen k\u00f6nnen. <\/p>\n<p>Mit der Inbetriebnahme von Stuttgart 21 d\u00fcrften auch damit zusammenh\u00e4ngende  Pl\u00e4ne f\u00fcr eine neue Linienstruktur  bei der S-Bahn Rhein-Neckar aufgeschoben werden. Die Pl\u00e4ne sehen unter anderem vor, dass die Linien aus Kaiserslautern und Germersheim rechtsrheinisch ihre Weiterf\u00fchrung nach Osterburken und Karlsruhe tauschen. <\/p>\n<p>Lesen Sie auch: <a href=\"https:\/\/www.rheinpfalz.de\/politik_artikel,-stuttgart-21-ein-debakel-sondergleichen-_arid,5904471.html\" class=\"external-link-new-window\" title=\"\" target=\"_self\" rel=\"nofollow noopener\">Stuttgart 21: Ein Debakel sondergleichen<\/a><\/p>\n","protected":false},"excerpt":{"rendered":"Die H\u00e4ngepartie um das milliardenschwere Bahnprojekt Stuttgart 21 geht weiter. Der neue Tiefbahnhofsoll nun erst Ende 2031 in&hellip;\n","protected":false},"author":2,"featured_media":1123730,"comment_status":"","ping_status":"","sticky":false,"template":"","format":"standard","meta":{"footnotes":"","_share_on_mastodon":"0"},"categories":[1830],"tags":[1634,31,51,5219,3364,29,113839,28439,30,16,1441,9634],"class_list":["post-1123729","post","type-post","status-publish","format-standard","has-post-thumbnail","category-stuttgart","tag-baden-wuerttemberg","tag-cdu","tag-cem-oezdemir","tag-db","tag-de","tag-deutschland","tag-evelyn-palla","tag-frank-nopper","tag-germany","tag-politik","tag-stuttgart","tag-stuttgart-21"],"share_on_mastodon":{"url":"https:\/\/pubeurope.com\/@de\/116817577190877499","error":""},"_links":{"self":[{"href":"https:\/\/www.europesays.com\/de\/wp-json\/wp\/v2\/posts\/1123729","targetHints":{"allow":["GET"]}}],"collection":[{"href":"https:\/\/www.europesays.com\/de\/wp-json\/wp\/v2\/posts"}],"about":[{"href":"https:\/\/www.europesays.com\/de\/wp-json\/wp\/v2\/types\/post"}],"author":[{"embeddable":true,"href":"https:\/\/www.europesays.com\/de\/wp-json\/wp\/v2\/users\/2"}],"replies":[{"embeddable":true,"href":"https:\/\/www.europesays.com\/de\/wp-json\/wp\/v2\/comments?post=1123729"}],"version-history":[{"count":0,"href":"https:\/\/www.europesays.com\/de\/wp-json\/wp\/v2\/posts\/1123729\/revisions"}],"wp:featuredmedia":[{"embeddable":true,"href":"https:\/\/www.europesays.com\/de\/wp-json\/wp\/v2\/media\/1123730"}],"wp:attachment":[{"href":"https:\/\/www.europesays.com\/de\/wp-json\/wp\/v2\/media?parent=1123729"}],"wp:term":[{"taxonomy":"category","embeddable":true,"href":"https:\/\/www.europesays.com\/de\/wp-json\/wp\/v2\/categories?post=1123729"},{"taxonomy":"post_tag","embeddable":true,"href":"https:\/\/www.europesays.com\/de\/wp-json\/wp\/v2\/tags?post=1123729"}],"curies":[{"name":"wp","href":"https:\/\/api.w.org\/{rel}","templated":true}]}}