{"id":1123897,"date":"2026-06-26T19:04:38","date_gmt":"2026-06-26T19:04:38","guid":{"rendered":"https:\/\/www.europesays.com\/de\/1123897\/"},"modified":"2026-06-26T19:04:38","modified_gmt":"2026-06-26T19:04:38","slug":"formel-e-motorsport-hammer-in-berlin-jetzt-ist-es-fix-motorsport","status":"publish","type":"post","link":"https:\/\/www.europesays.com\/de\/1123897\/","title":{"rendered":"Formel E: Motorsport-Hammer in Berlin! Jetzt ist es fix | Motorsport"},"content":{"rendered":"<p><a class=\"skip-content skip-content--link\" href=\"#in-content-skip-link-target-v-0-0\">TTS-Player \u00fcberspringen\u21b5<\/a><a id=\"in-content-skip-link-target-v-0-0\" class=\"skip-content--target-link-hidden skip-content skip-content--target-link\" href=\"#in-content-skip-link-target-v-0-0\">Artikel weiterlesen<\/a><\/p>\n<p><b>Die <\/b><a href=\"https:\/\/sportbild.bild.de\/motorsport\/formel-e-xZ6paNRo1mqkb8aUrUpK\" class=\"text-link\" rel=\"nofollow noopener\" target=\"_blank\"><b>Formel E <\/b><\/a><b>kehrt auch 2027 nach Berlin zur\u00fcck. Die vollelektrische Rennserie hat ihren vorl\u00e4ufigen Kalender f\u00fcr die Saison 2026\/27 vorgestellt \u2013 und der schreibt Geschichte. Erstmals umfasst eine Saison 21 Rennen in 13 St\u00e4dten weltweit.<\/b><\/p>\n<p>Berlin bleibt dabei ein fester Bestandteil der Weltmeisterschaft. Der E-Prix wird erneut auf dem Gel\u00e4nde des ehemaligen Flughafens Tempelhof ausgetragen. Am 8. und 9. Mai 2027 gastiert die Rennserie mit einem Double-Header in der Hauptstadt.<\/p>\n<p>Berlin seit der ersten Saison dabei<\/p>\n<p>Berlin nimmt in der Geschichte der Formel E eine besondere Rolle ein. Keine andere Stadt geh\u00f6rt seit der Premierensaison ohne Unterbrechung zum Rennkalender. Der spezielle Asphalt auf dem Tempelhofer Feld stellt Teams und Fahrer Jahr f\u00fcr Jahr vor gro\u00dfe Herausforderungen \u2013 vor allem beim Reifenverschlei\u00df und Energiemanagement.<\/p>\n<p>Besonders im Fokus stehen dabei die deutschen Hersteller. Porsche geht erneut an den Start und bekommt k\u00fcnftig Gesellschaft von Opel. Der Traditionshersteller steigt mit Beginn der Saison 2026\/27 offiziell in die Formel E ein und konkurriert dort unter anderem mit Jaguar, Nissan, Citro\u00ebn, Mahindra und Lola Cars.<\/p>\n<p>Doppel-Jubel f\u00fcr Andretti: Dennis holt Sieg vor Team-Partner Drugovich<a class=\"anchor video-teaser__anchor\" href=\"https:\/\/sportbild.bild.de\/motorsport\/doppel-jubel-fuer-andretti-dennis-holt-sieg-vor-team-partner-drugovich-6a3665cf7632a094e767fcfe\" rel=\"nofollow noopener\" target=\"_blank\"><img decoding=\"async\" width=\"992\" height=\"558\" alt=\"\" loading=\"lazy\" src=\"https:\/\/www.europesays.com\/de\/wp-content\/uploads\/2026\/06\/8eb3c3261aa09080245f3e74997aae62,46cd7f5f.jpeg\"   class=\"landscape teaser__image\"\/><\/a><\/p>\n<p>Quelle: BILD20.06.2026<\/p>\n<p>Neue \u00c4ra mit 815 PS<\/p>\n<p>Die kommende Saison markiert zugleich den Beginn der neuen GEN4-\u00c4ra. Die Fahrzeuge leisten k\u00fcnftig bis zu 600 kW (815 PS), verf\u00fcgen \u00fcber aktiven Allradantrieb und beschleunigen in nur 1,8 Sekunden von 0 auf 100 km\/h. Damit wird die bislang schnellste Fahrzeuggeneration der Formel E eingef\u00fchrt.<\/p>\n<p>Passend dazu f\u00fchrt die Rennserie ein neues Sprintformat ein. Neben dem klassischen E-Prix wird bei Doppelveranstaltungen k\u00fcnftig auch der \u201eE-Prix Unleashed\u201c ausgetragen. W\u00e4hrend beim traditionellen Rennen weiterhin Strategie und Energiemanagement im Mittelpunkt stehen, soll das neue Format vor allem die reine Performance der leistungsstarken GEN4-Fahrzeuge in Szene setzen.<\/p>\n<p>Rekordkalender mit neuen Austragungsorten<\/p>\n<p>Der neue Rennkalender f\u00fchrt die Formel E erstmals zu 21 Rennen in 13 St\u00e4dten. Neu dabei sind unter anderem Austin auf dem \u201eThe Circuit of The Americas\u201c, Zandvoort sowie \u201eBrands Hatch\u201c als neuer Austragungsort des London E-Prix. Die Saison beginnt am 18. und 19. Dezember 2026 mit zwei Nachtrennen in Dschidda und endet am 24. und 25. Juli 2027 mit einem Doppelrennen in Tokio.<\/p>\n<p><img decoding=\"async\" width=\"992\" height=\"558\" alt=\"Kai Wegner (53) begr\u00fc\u00dft die R\u00fcckkehr der Formel E nach Berlin auch im Jahr 2027\" loading=\"lazy\" src=\"https:\/\/www.europesays.com\/de\/wp-content\/uploads\/2026\/06\/1799addf488f6e18f6732659ac2067bb,389128da.jpeg\"   class=\"landscape\"\/><\/p>\n<p class=\"fig__caption__text\">Kai Wegner (53) begr\u00fc\u00dft die R\u00fcckkehr der Formel E nach Berlin auch im Jahr 2027<\/p>\n<p>Foto: Annette Riedl\/dpa<\/p>\n<p>Berlins Regierender B\u00fcrgermeister Kai Wegner blickt dem Event mit Vorfreude entgegen: \u201eBerlin ist eine Zukunftsstadt f\u00fcr Elektromobilit\u00e4t. Ich freue mich sehr, dass die Formel E auch im kommenden Jahr wieder in unsere Stadt zur\u00fcckkehrt.\u201c<\/p>\n<p>Auch Formel-E-Mitgr\u00fcnder Alberto Longo freut sich besonders auf die R\u00fcckkehr nach Deutschland: \u201eBerlin geh\u00f6rt seit dem ersten Tag der ABB FIA Formel E Weltmeisterschaft zu unserem Kalender. Deshalb sind wir besonders stolz darauf, die GEN4-\u00c4ra auf dem Tempelhof Airport Street Circuit einzul\u00e4uten.\u201c F\u00fcr das Rennwochenende wurde zudem ein neues Streckenlayout entwickelt, das speziell auf die leistungsst\u00e4rkeren Fahrzeuge zugeschnitten ist.<\/p>\n","protected":false},"excerpt":{"rendered":"TTS-Player \u00fcberspringen\u21b5Artikel weiterlesen Die Formel E kehrt auch 2027 nach Berlin zur\u00fcck. Die vollelektrische Rennserie hat ihren vorl\u00e4ufigen&hellip;\n","protected":false},"author":2,"featured_media":1123898,"comment_status":"","ping_status":"","sticky":false,"template":"","format":"standard","meta":{"footnotes":"","_share_on_mastodon":"0"},"categories":[1825],"tags":[296,29,39113,30,1575,209155],"class_list":["post-1123897","post","type-post","status-publish","format-standard","has-post-thumbnail","category-berlin","tag-berlin","tag-deutschland","tag-formel-e","tag-germany","tag-motorsport","tag-spobi-motorsport"],"share_on_mastodon":{"url":"https:\/\/pubeurope.com\/@de\/116817971275077008","error":""},"_links":{"self":[{"href":"https:\/\/www.europesays.com\/de\/wp-json\/wp\/v2\/posts\/1123897","targetHints":{"allow":["GET"]}}],"collection":[{"href":"https:\/\/www.europesays.com\/de\/wp-json\/wp\/v2\/posts"}],"about":[{"href":"https:\/\/www.europesays.com\/de\/wp-json\/wp\/v2\/types\/post"}],"author":[{"embeddable":true,"href":"https:\/\/www.europesays.com\/de\/wp-json\/wp\/v2\/users\/2"}],"replies":[{"embeddable":true,"href":"https:\/\/www.europesays.com\/de\/wp-json\/wp\/v2\/comments?post=1123897"}],"version-history":[{"count":0,"href":"https:\/\/www.europesays.com\/de\/wp-json\/wp\/v2\/posts\/1123897\/revisions"}],"wp:featuredmedia":[{"embeddable":true,"href":"https:\/\/www.europesays.com\/de\/wp-json\/wp\/v2\/media\/1123898"}],"wp:attachment":[{"href":"https:\/\/www.europesays.com\/de\/wp-json\/wp\/v2\/media?parent=1123897"}],"wp:term":[{"taxonomy":"category","embeddable":true,"href":"https:\/\/www.europesays.com\/de\/wp-json\/wp\/v2\/categories?post=1123897"},{"taxonomy":"post_tag","embeddable":true,"href":"https:\/\/www.europesays.com\/de\/wp-json\/wp\/v2\/tags?post=1123897"}],"curies":[{"name":"wp","href":"https:\/\/api.w.org\/{rel}","templated":true}]}}