{"id":1124102,"date":"2026-06-26T21:00:18","date_gmt":"2026-06-26T21:00:18","guid":{"rendered":"https:\/\/www.europesays.com\/de\/1124102\/"},"modified":"2026-06-26T21:00:18","modified_gmt":"2026-06-26T21:00:18","slug":"offene-ohren-zwischen-den-graebern-sprechstunde-des-christlichen-friedhofsverband-in-wuppertal","status":"publish","type":"post","link":"https:\/\/www.europesays.com\/de\/1124102\/","title":{"rendered":"Offene Ohren zwischen den Gr\u00e4bern: Sprechstunde des Christlichen Friedhofsverband in Wuppertal"},"content":{"rendered":"<p class=\"text_ohne_einzug richtext text-em-55 !leading-serif mx-6 desktop:mx-0\">\u201eT\u00f6ttern, Tipps und Tee\u201c war die offene Sprechstunde am Donnerstagnachmittag auf dem Katholischen Friedhof, (der evangelische Friedhof liegt in unmittelbarer N\u00e4he) in Ronsdorf \u00fcberschrieben, zu dem der Christliche Friedhofsverband (zust\u00e4ndig f\u00fcr 23 evangelische, 14 katholische und zwei evangelische Friedh\u00f6fe in Langenberg) eingeladen hatte. \u201eT\u00f6ttern\u201c ist die mundartliche Umschreibung f\u00fcr freundliche Gespr\u00e4che, die sich hier nat\u00fcrlich um alles, was Friedhof, Gr\u00e4ber, Bestattung angeht, dreht, aber auch den schmerzlichen Verlust eines geliebten Menschen umfasst.<\/p>\n","protected":false},"excerpt":{"rendered":"\u201eT\u00f6ttern, Tipps und Tee\u201c war die offene Sprechstunde am Donnerstagnachmittag auf dem Katholischen Friedhof, (der evangelische Friedhof liegt&hellip;\n","protected":false},"author":2,"featured_media":1124103,"comment_status":"","ping_status":"","sticky":false,"template":"","format":"standard","meta":{"footnotes":"","_share_on_mastodon":"0"},"categories":[1840],"tags":[8296,79344,3364,29,13957,13039,69740,237204,68184,104347,49417,30,15196,1209,18349,71601,62603,237203,4418],"class_list":["post-1124102","post","type-post","status-publish","format-standard","has-post-thumbnail","category-wuppertal","tag-friedhof","tag-christliche","tag-de","tag-deutschland","tag-evangelische","tag-friedhoefe","tag-friedhoefen","tag-friedhofsleiterin","tag-friedhofsverband","tag-friedhofsverbandes","tag-friedhofsverwaltung","tag-germany","tag-graeber","tag-nordrhein-westfalen","tag-ronsdorf","tag-sprechstunde","tag-tee","tag-toettern","tag-wuppertal"],"share_on_mastodon":{"url":"https:\/\/pubeurope.com\/@de\/116818426503301553","error":""},"_links":{"self":[{"href":"https:\/\/www.europesays.com\/de\/wp-json\/wp\/v2\/posts\/1124102","targetHints":{"allow":["GET"]}}],"collection":[{"href":"https:\/\/www.europesays.com\/de\/wp-json\/wp\/v2\/posts"}],"about":[{"href":"https:\/\/www.europesays.com\/de\/wp-json\/wp\/v2\/types\/post"}],"author":[{"embeddable":true,"href":"https:\/\/www.europesays.com\/de\/wp-json\/wp\/v2\/users\/2"}],"replies":[{"embeddable":true,"href":"https:\/\/www.europesays.com\/de\/wp-json\/wp\/v2\/comments?post=1124102"}],"version-history":[{"count":0,"href":"https:\/\/www.europesays.com\/de\/wp-json\/wp\/v2\/posts\/1124102\/revisions"}],"wp:featuredmedia":[{"embeddable":true,"href":"https:\/\/www.europesays.com\/de\/wp-json\/wp\/v2\/media\/1124103"}],"wp:attachment":[{"href":"https:\/\/www.europesays.com\/de\/wp-json\/wp\/v2\/media?parent=1124102"}],"wp:term":[{"taxonomy":"category","embeddable":true,"href":"https:\/\/www.europesays.com\/de\/wp-json\/wp\/v2\/categories?post=1124102"},{"taxonomy":"post_tag","embeddable":true,"href":"https:\/\/www.europesays.com\/de\/wp-json\/wp\/v2\/tags?post=1124102"}],"curies":[{"name":"wp","href":"https:\/\/api.w.org\/{rel}","templated":true}]}}