{"id":1124312,"date":"2026-06-26T22:57:18","date_gmt":"2026-06-26T22:57:18","guid":{"rendered":"https:\/\/www.europesays.com\/de\/1124312\/"},"modified":"2026-06-26T22:57:18","modified_gmt":"2026-06-26T22:57:18","slug":"stuttgart-ost-person-verletzt-taeter-fluechtig-polizei-im-grosseinsatz","status":"publish","type":"post","link":"https:\/\/www.europesays.com\/de\/1124312\/","title":{"rendered":"Stuttgart-Ost: Person verletzt, T\u00e4ter fl\u00fcchtig \u2013 Polizei im Gro\u00dfeinsatz"},"content":{"rendered":"<p>\t\t\t\t\t\t\t\t\t\t\t\t\t\t\t\t\t\t\t\t\t\t\t\t\t\t\t\t      \t\t            \t\t             \t\t\t\t   \t\t\t\t\t   <img decoding=\"async\" id=\"article-image\" fetchpriority=\"high\" alt=\"Stuttgart-Ost: Person verletzt, T\u00e4ter fl\u00fcchtig \u2013 Polizei im Gro\u00dfeinsatz\" onclick=\"var pA=document.createElement('a');pA.setAttribute('href','https:\/\/www.stuttgarter-nachrichten.de\/gallery.stuttgart-ost-person-verletzt-taeter-fluechtig-polizei-im-grosseinsatz.1a9a6b6d-d064-4deb-8132-ac21d70aba53.html'),pA.click();\" title=\"Stuttgart-Ost: Person verletzt, T\u00e4ter fl\u00fcchtig \u2013 Polizei im Gro\u00dfeinsatz\" src=\"https:\/\/www.europesays.com\/de\/wp-content\/uploads\/2026\/06\/media.media.bd633486-ea64-41a7-b46f-35fc7fc35d84.16x9_700.jpg\" data-linkto=\"https:\/\/www.stuttgarter-nachrichten.de\/gallery.stuttgart-ost-person-verletzt-taeter-fluechtig-polizei-im-grosseinsatz.1a9a6b6d-d064-4deb-8132-ac21d70aba53.html\"\/>\t\t\t\t\t\t\t\t\t\t\t\t\t\t\t\t\t\t\t\t\t\t\t\tDie Polizei war mit einem Gro\u00dfaufgebot am Tatort.\u00a0Foto: Andreas Rosar Fotoagentur-Stuttgart\/Andreas Rosar\t\t\t<\/p>\n<p>Im Stuttgarter Osten kommt es am Freitagabend zu einem K\u00f6rperverletzungsdelikt. Die Polizei r\u00fcckt mit einem Gro\u00dfaufgebot aus, die T\u00e4ter sind fl\u00fcchtig. Was bislang bekannt ist.<\/p>\n<p>Die <a href=\"https:\/\/www.stuttgarter-nachrichten.de\/thema\/Polizei\" title=\"Polizei\" class=\"art_thema\" rel=\"nofollow noopener\" target=\"_blank\">Polizei<\/a> ist am Freitagabend zu einem Gro\u00dfeinsatz nach <a href=\"https:\/\/www.stuttgarter-nachrichten.de\/thema\/Stuttgart-Ost\" title=\"Stuttgart-Ost\" class=\"art_thema\" rel=\"nofollow noopener\" target=\"_blank\">Stuttgart-Ost<\/a> ausger\u00fcckt. Bislang unbekannte T\u00e4ter hatten eine Person angegriffen und verletzt. Der oder die T\u00e4ter befinden sich auf der Flucht. Dies berichtet die Polizei. <\/p>\n<p>Demnach eilten etliche Einsatzkr\u00e4fte, bestehend aus Polizei und Rettungsdienst, zum Tatort, der sich im Bereich der Schlachthofstra\u00dfe befindet. Das Opfer musste in ein Krankenhaus gebracht werden, sein Zustand war zun\u00e4chst unklar. Die Polizei sperrte den Bereich ab und begann mit der Spurensuche und der Fahndung nach dem oder den fl\u00fcchtigen T\u00e4tern. <\/p>\n<p>N\u00e4here Informationen zur Schwere der Verletzungen sowie zu den Hintergr\u00fcnden der Tat liegen bislang nicht vor. <\/p>\n","protected":false},"excerpt":{"rendered":"Die Polizei war mit einem Gro\u00dfaufgebot am Tatort.\u00a0Foto: Andreas Rosar Fotoagentur-Stuttgart\/Andreas Rosar Im Stuttgarter Osten kommt es am&hellip;\n","protected":false},"author":2,"featured_media":1124313,"comment_status":"","ping_status":"","sticky":false,"template":"","format":"standard","meta":{"footnotes":"","_share_on_mastodon":"0"},"categories":[1830],"tags":[1634,3364,29,30,121,8248,1441,15389],"class_list":["post-1124312","post","type-post","status-publish","format-standard","has-post-thumbnail","category-stuttgart","tag-baden-wuerttemberg","tag-de","tag-deutschland","tag-germany","tag-polizei","tag-polizeibericht-stuttgart","tag-stuttgart","tag-stuttgart-ost"],"share_on_mastodon":{"url":"https:\/\/pubeurope.com\/@de\/116818887925532293","error":""},"_links":{"self":[{"href":"https:\/\/www.europesays.com\/de\/wp-json\/wp\/v2\/posts\/1124312","targetHints":{"allow":["GET"]}}],"collection":[{"href":"https:\/\/www.europesays.com\/de\/wp-json\/wp\/v2\/posts"}],"about":[{"href":"https:\/\/www.europesays.com\/de\/wp-json\/wp\/v2\/types\/post"}],"author":[{"embeddable":true,"href":"https:\/\/www.europesays.com\/de\/wp-json\/wp\/v2\/users\/2"}],"replies":[{"embeddable":true,"href":"https:\/\/www.europesays.com\/de\/wp-json\/wp\/v2\/comments?post=1124312"}],"version-history":[{"count":0,"href":"https:\/\/www.europesays.com\/de\/wp-json\/wp\/v2\/posts\/1124312\/revisions"}],"wp:featuredmedia":[{"embeddable":true,"href":"https:\/\/www.europesays.com\/de\/wp-json\/wp\/v2\/media\/1124313"}],"wp:attachment":[{"href":"https:\/\/www.europesays.com\/de\/wp-json\/wp\/v2\/media?parent=1124312"}],"wp:term":[{"taxonomy":"category","embeddable":true,"href":"https:\/\/www.europesays.com\/de\/wp-json\/wp\/v2\/categories?post=1124312"},{"taxonomy":"post_tag","embeddable":true,"href":"https:\/\/www.europesays.com\/de\/wp-json\/wp\/v2\/tags?post=1124312"}],"curies":[{"name":"wp","href":"https:\/\/api.w.org\/{rel}","templated":true}]}}