{"id":1124561,"date":"2026-06-27T01:21:16","date_gmt":"2026-06-27T01:21:16","guid":{"rendered":"https:\/\/www.europesays.com\/de\/1124561\/"},"modified":"2026-06-27T01:21:16","modified_gmt":"2026-06-27T01:21:16","slug":"usa-israel-libanon-und-die-usa-unterzeichnen-rahmenabkommen","status":"publish","type":"post","link":"https:\/\/www.europesays.com\/de\/1124561\/","title":{"rendered":"USA: Israel, Libanon und die USA unterzeichnen Rahmenabkommen"},"content":{"rendered":"<p class=\"paragraph article__item\">Israel und der <a href=\"https:\/\/www.zeit.de\/thema\/libanon\" target=\"_blank\" rel=\"nofollow noopener\">Libanon<\/a> haben nach Angaben von US-Au\u00dfenminister Marco Rubio ein Rahmenabkommen unterzeichnet. Die Vereinbarung zwischen den Nachbarstaaten sei ein erster <a href=\"https:\/\/www.zeit.de\/2026\/25\/israel-militaerstrategie-gaza-besatzung-abschreckung\" target=\"_blank\" rel=\"nofollow noopener\">Schritt hin zum Frieden,<\/a> sagte Rubio. Unterzeichnet wurde die Vereinbarung vom israelischen Botschafter in den <a class=\"rtr-entity\" href=\"https:\/\/www.zeit.de\/thema\/usa\" rel=\"nofollow noopener\" target=\"_blank\">USA<\/a>, Jechiel Leiter, und dessen libanesischer Amtskollegin Nada Hamadeh.\n<\/p>\n<p class=\"paragraph article__item\">Ziel der Einigung ist es, einen Rahmen f\u00fcr dauerhaften <a href=\"https:\/\/www.zeit.de\/politik\/ausland\/2025-10\/krieg-gaza-israel-hamas-liveblog\" target=\"_blank\" rel=\"nofollow noopener\">Frieden und Sicherheit<\/a> zu schaffen. Die USA unterzeichneten das Abkommen ebenfalls. Die Einigung wurde von den USA vermittelt und unterst\u00fctzt.  Der Iran sowie die mit ihm verb\u00fcndete Hisbollah-Miliz im <a class=\"rtr-entity\" href=\"https:\/\/www.zeit.de\/thema\/libanon\" rel=\"nofollow noopener\" target=\"_blank\">Libanon<\/a><br \/>\nspielen den Angaben nach keine Rolle in dem Abkommen. Die<br \/>\nHisbollah-Miliz war demnach nicht an den Gespr\u00e4chen beteiligt.\n<\/p>\n<p>                                    Hisbollah-Miliz lehnt Vereinbarung ab            <\/p>\n<p class=\"paragraph article__item\">Unmittelbar nach der Ver\u00f6ffentlichung lehnte die <a href=\"https:\/\/www.zeit.de\/thema\/hisbollah\" target=\"_blank\" rel=\"nofollow noopener\">Hisbollah-Miliz<\/a> die Vereinbarung ab. Die libanesischen Beh\u00f6rden k\u00f6nnten \u200cdas Abkommen nicht \u200cdurchsetzen, es sei denn, sie riskierten einen B\u00fcrgerkrieg, sagte Hisbollah-Mitglied Hassan Fadlallah dem Sender Al-Majadin. \u200bDie Gruppe werde sich jeder Ma\u00dfnahme der Regierung in Beirut widersetzen und noch st\u00e4rker an ihren Waffen festhalten, hie\u00df es. Ohne die Widerstandsbewegung werde nichts umgesetzt, sagte \u200bFadlallah.\n<\/p>\n<p class=\"paragraph article__item\">In der libanesischen Hauptstadt Beirut kam es nach der Verk\u00fcndung der Vereinbarung zu Protesten. Hisbollah-Unterst\u00fctzer zogen am Abend und in der Nacht zu Fu\u00df und auf Motorr\u00e4dern durch die Stadt und riefen Protestslogans gegen das Abkommen, wie unter anderem der Fernsehsender LBC International und Augenzeugen berichteten. Stra\u00dfen seien mit brennenden Reifen blockiert worden.\u00a0\n<\/p>\n<p class=\"paragraph article__item\">Israel und der Libanon unterhalten bislang keine offiziellen diplomatischen Beziehungen. Mitte April hatten beide L\u00e4nder die ersten direkten Gespr\u00e4che seit Jahrzehnten aufgenommen. Die USA hatten zuletzt auch ein <a href=\"https:\/\/www.zeit.de\/politik\/ausland\/2026-06\/iran-abkommen-usa-memorandum-of-understanding-krieg\" target=\"_blank\" rel=\"nofollow noopener\">Rahmenabkommen mit dem Iran<\/a> zur Beendigung des Irankriegs unterzeichnet. Derzeit laufen <a href=\"https:\/\/www.zeit.de\/politik\/ausland\/2026-06\/iran-usa-verhandlungen-fortschritte-zeitplan\" target=\"_blank\" rel=\"nofollow noopener\">Verhandlungen<\/a>. Innerhalb von 60 Tagen soll es zum Abschluss einer endg\u00fcltigen Vereinbarung kommen.\n<\/p>\n<p>Mehr zum Thema<\/p>\n<p>            Krieg in Nahost        <\/p>\n<p>                <a href=\"https:\/\/www.zeit.de\/politik\/ausland\/2026-06\/interview-drohnenangriffe-hisbollah-israel\" data-ct-label=\"Israel: \u00bbDu kannst eine Ideologie nicht t\u00f6ten\u00ab\" data-uuid=\"ccddd2c6-66be-457a-b566-9634ef2ea5eb\" rel=\"nofollow noopener\" target=\"_blank\"><\/p>\n<p>                        Israel:<br \/>\n                        \u00bbDu kannst eine Ideologie nicht t\u00f6ten\u00ab<\/p>\n<p>                <\/a><\/p>\n<p>                <a href=\"https:\/\/www.zeit.de\/politik\/ausland\/2026-06\/waffenruhe-libanon-beirut-hisbollah-flucht\" data-ct-label=\"Waffenruhe im Libanon: \u00bbSicherheit?\u00ab, fragt Samra. \u00bbDie liegt nur in Gottes H\u00e4nden\u00ab\" data-uuid=\"f446c93c-7613-4e6c-8603-264fae37f7c7\" rel=\"nofollow noopener\" target=\"_blank\"><\/p>\n<p>                        Waffenruhe im Libanon:<br \/>\n                        \u00bbSicherheit?\u00ab, fragt Samra. \u00bbDie liegt nur in Gottes H\u00e4nden\u00ab<\/p>\n<p>                <\/a><\/p>\n<p>                <a href=\"https:\/\/www.zeit.de\/2026\/25\/israel-militaerstrategie-gaza-besatzung-abschreckung\" data-ct-label=\"Israelische Milit\u00e4rstrategie: Israels Tr\u00fcmmer-Doktrin\" data-uuid=\"8c2ce412-77b5-4ac9-be9b-b2a82bbd524c\" rel=\"nofollow noopener\" target=\"_blank\"><\/p>\n<p>        Z+ (abopflichtiger Inhalt);<\/p>\n<p>    Israelische Milit\u00e4rstrategie:<br \/>\n                        Israels Tr\u00fcmmer-Doktrin<\/p>\n<p>                <\/a><\/p>\n","protected":false},"excerpt":{"rendered":"Israel und der Libanon haben nach Angaben von US-Au\u00dfenminister Marco Rubio ein Rahmenabkommen unterzeichnet. Die Vereinbarung zwischen den&hellip;\n","protected":false},"author":2,"featured_media":1124562,"comment_status":"","ping_status":"","sticky":false,"template":"","format":"standard","meta":{"footnotes":"","_share_on_mastodon":"0"},"categories":[5],"tags":[331,332,221254,3364,29,27201,30,13,7296,14,15,16,99558,232457,12,64],"class_list":["post-1124561","post","type-post","status-publish","format-standard","has-post-thumbnail","category-nachrichten","tag-aktuelle-nachrichten","tag-aktuelle-news","tag-artikelhuelle","tag-de","tag-deutschland","tag-friedensabkommen","tag-germany","tag-headlines","tag-libanon","tag-nachrichten","tag-news","tag-politik","tag-rahmenabkommen","tag-rahmenvertrag","tag-schlagzeilen","tag-usa"],"share_on_mastodon":{"url":"https:\/\/pubeurope.com\/@de\/116819452688712136","error":""},"_links":{"self":[{"href":"https:\/\/www.europesays.com\/de\/wp-json\/wp\/v2\/posts\/1124561","targetHints":{"allow":["GET"]}}],"collection":[{"href":"https:\/\/www.europesays.com\/de\/wp-json\/wp\/v2\/posts"}],"about":[{"href":"https:\/\/www.europesays.com\/de\/wp-json\/wp\/v2\/types\/post"}],"author":[{"embeddable":true,"href":"https:\/\/www.europesays.com\/de\/wp-json\/wp\/v2\/users\/2"}],"replies":[{"embeddable":true,"href":"https:\/\/www.europesays.com\/de\/wp-json\/wp\/v2\/comments?post=1124561"}],"version-history":[{"count":0,"href":"https:\/\/www.europesays.com\/de\/wp-json\/wp\/v2\/posts\/1124561\/revisions"}],"wp:featuredmedia":[{"embeddable":true,"href":"https:\/\/www.europesays.com\/de\/wp-json\/wp\/v2\/media\/1124562"}],"wp:attachment":[{"href":"https:\/\/www.europesays.com\/de\/wp-json\/wp\/v2\/media?parent=1124561"}],"wp:term":[{"taxonomy":"category","embeddable":true,"href":"https:\/\/www.europesays.com\/de\/wp-json\/wp\/v2\/categories?post=1124561"},{"taxonomy":"post_tag","embeddable":true,"href":"https:\/\/www.europesays.com\/de\/wp-json\/wp\/v2\/tags?post=1124561"}],"curies":[{"name":"wp","href":"https:\/\/api.w.org\/{rel}","templated":true}]}}