{"id":1124617,"date":"2026-06-27T01:51:33","date_gmt":"2026-06-27T01:51:33","guid":{"rendered":"https:\/\/www.europesays.com\/de\/1124617\/"},"modified":"2026-06-27T01:51:33","modified_gmt":"2026-06-27T01:51:33","slug":"kuenstlerische-faecher-in-der-oberstufe-ist-das-kunst-oder-kann-das-weg","status":"publish","type":"post","link":"https:\/\/www.europesays.com\/de\/1124617\/","title":{"rendered":"K\u00fcnstlerische F\u00e4cher in der Oberstufe: Ist das Kunst, oder kann das weg?"},"content":{"rendered":"<p>\n                        Bald gibt es in Hamburg weniger Kunst- und Musikunterricht, f\u00fcrchtet die Kulturszene. Die Schulbeh\u00f6rde dementiert: Die F\u00e4cher bleiben Pflicht \u2013 mit einer Einschr\u00e4nkung.\n                    <\/p>\n<p>        26. Juni 2026, 17:57 Uhr\n    <\/p>\n<p>                Schlie\u00dfen<br \/>\n                Artikelzusammenfassung<\/p>\n<p>Das Ernst-Deutsch-Theater in Hamburg k\u00e4mpft gegen geplante Unterrichtszeitk\u00fcrzungen f\u00fcr Kunst, Musik und Theater in der Oberstufe. Eine Petition von p\u00e4dagogischen Fachverb\u00e4nden und Kulturinstitutionen sammelt \u00fcber 4.000 Unterschriften. Die Bildungsbeh\u00f6rde betont, dass die k\u00fcnstlerischen F\u00e4cher in Hamburg \u00fcbererf\u00fcllt werden, doch Kritiker sehen die Zukunftsf\u00e4higkeit des Bildungssystems gef\u00e4hrdet. Die geplante Flexibilisierung der Belegpflicht st\u00f6\u00dft auf Kritik, da sie Sch\u00fclerinnen und Sch\u00fcler benachteiligen k\u00f6nnte. Die Diskussion um die Neuregelung der Pr\u00fcfungsordnung f\u00fcr die Oberstufe in Hamburg bleibt kontrovers und muss bis zum Schuljahresende abgeschlossen sein.<\/p>\n<p>                Diese Zusammenfassung wurde mithilfe von K\u00fcnstlicher Intelligenz erstellt. Vereinzelt kann es dabei zu Fehlern kommen.<\/p>\n<p class=\"summy__feedback-paragraph\">Fanden Sie die Zusammenfassung hilfreich? <\/p>\n<p>                        Gef\u00e4llt mir<\/p>\n<p>                        Gef\u00e4llt mir<\/p>\n<p>                        Gef\u00e4llt mir nicht<\/p>\n<p>                        Gef\u00e4llt mir nicht<\/p>\n<p>                        Send<\/p>\n<p>            <img decoding=\"async\" class=\"article__media-item\" src=\"https:\/\/www.europesays.com\/de\/wp-content\/uploads\/2026\/06\/1782525093_295_wide__1000x562.jpeg\" alt=\"K\u00fcnstlerische F\u00e4cher in der Oberstufe: Sch\u00fclerinnen und Sch\u00fcler \u00fcben den Umgang mit Kohlestiften.\"\/><\/p>\n<p>                    Sch\u00fclerinnen und Sch\u00fcler \u00fcben den Umgang mit Kohlestiften.<br \/>\n            \u00a9\u00a0Getty Images (Symbolfoto)<\/p>\n<p class=\"paragraph\">Wer dem <a href=\"https:\/\/www.zeit.de\/2026\/24\/hamburg-kulturbetrieb-ernst-deutsch-theater-staatsoper-intendanten\" target=\"_blank\" rel=\"nofollow noopener\">Ernst-Deutsch-Theater in Hamburg<\/a> auf Instagram folgt, bekommt dort regelm\u00e4\u00dfig Menschen zu sehen, die in kurzen Videos f\u00fcr Premieren, Theaterabos oder den Besuch ihres Sommerfests werben. Doch diese Woche ging es um etwas anderes. \u00bbLeute, Folgendes!\u00ab, sagte eine Mitarbeiterin in die Kamera und erkl\u00e4rte: Die Schulf\u00e4cher Kunst, Musik und Theater k\u00f6nnten in <a class=\"rtr-entity\" href=\"https:\/\/www.zeit.de\/thema\/hamburg\" rel=\"nofollow noopener\" target=\"_blank\">Hamburg<\/a> bald deutlich an Unterrichtszeit verlieren. \u00bbIch glaube, ich muss euch nicht erz\u00e4hlen, was wir hier am Theater davon halten.\u00ab Es gebe eine Petition gegen diese Pl\u00e4ne: \u00bbIch w\u00fcrde sagen, wir unterschreiben das jetzt alle mal!\u00ab<\/p>\n","protected":false},"excerpt":{"rendered":"Bald gibt es in Hamburg weniger Kunst- und Musikunterricht, f\u00fcrchtet die Kulturszene. Die Schulbeh\u00f6rde dementiert: Die F\u00e4cher bleiben&hellip;\n","protected":false},"author":2,"featured_media":1124618,"comment_status":"","ping_status":"","sticky":false,"template":"","format":"standard","meta":{"footnotes":"","_share_on_mastodon":"0"},"categories":[1826],"tags":[5441,57337,29,30,692,28226,237270,28437,966],"class_list":["post-1124617","post","type-post","status-publish","format-standard","has-post-thumbnail","category-hamburg","tag-bundesverfassungsgericht","tag-deichtorhallen","tag-deutschland","tag-germany","tag-hamburg","tag-hamburger-kunsthalle","tag-kuenstlerische-faecher-in-der-oberstufe","tag-paedagogik","tag-schule"],"share_on_mastodon":{"url":"https:\/\/pubeurope.com\/@de\/116819570751225763","error":""},"_links":{"self":[{"href":"https:\/\/www.europesays.com\/de\/wp-json\/wp\/v2\/posts\/1124617","targetHints":{"allow":["GET"]}}],"collection":[{"href":"https:\/\/www.europesays.com\/de\/wp-json\/wp\/v2\/posts"}],"about":[{"href":"https:\/\/www.europesays.com\/de\/wp-json\/wp\/v2\/types\/post"}],"author":[{"embeddable":true,"href":"https:\/\/www.europesays.com\/de\/wp-json\/wp\/v2\/users\/2"}],"replies":[{"embeddable":true,"href":"https:\/\/www.europesays.com\/de\/wp-json\/wp\/v2\/comments?post=1124617"}],"version-history":[{"count":0,"href":"https:\/\/www.europesays.com\/de\/wp-json\/wp\/v2\/posts\/1124617\/revisions"}],"wp:featuredmedia":[{"embeddable":true,"href":"https:\/\/www.europesays.com\/de\/wp-json\/wp\/v2\/media\/1124618"}],"wp:attachment":[{"href":"https:\/\/www.europesays.com\/de\/wp-json\/wp\/v2\/media?parent=1124617"}],"wp:term":[{"taxonomy":"category","embeddable":true,"href":"https:\/\/www.europesays.com\/de\/wp-json\/wp\/v2\/categories?post=1124617"},{"taxonomy":"post_tag","embeddable":true,"href":"https:\/\/www.europesays.com\/de\/wp-json\/wp\/v2\/tags?post=1124617"}],"curies":[{"name":"wp","href":"https:\/\/api.w.org\/{rel}","templated":true}]}}