{"id":1124738,"date":"2026-06-27T03:03:50","date_gmt":"2026-06-27T03:03:50","guid":{"rendered":"https:\/\/www.europesays.com\/de\/1124738\/"},"modified":"2026-06-27T03:03:50","modified_gmt":"2026-06-27T03:03:50","slug":"zeekr-erweitert-deutschland-praesenz-um-standorte-bei-koeln-hannover-und-leipzig","status":"publish","type":"post","link":"https:\/\/www.europesays.com\/de\/1124738\/","title":{"rendered":"Zeekr erweitert Deutschland-Pr\u00e4senz um Standorte bei K\u00f6ln, Hannover und Leipzig"},"content":{"rendered":"<p>Zeekr erg\u00e4nzt sein Angebot in Deutschland um drei zus\u00e4tzliche Standorte in den Gro\u00dfr\u00e4umen K\u00f6ln, Hannover und Leipzig. Die Marke f\u00fcr Premium-Elektroautos des chinesischen Geely-Konzerns will damit den direkten Produktzugang vereinfachen. Die neuen Service- und Verkaufspunkte bieten Testfahrten und Fahrzeugauslieferungen an. Bereits vertreten ist man hierzulande in Berlin, Dorsten, Frankfurt, Hamburg, Hannover, M\u00fcnchen, Solingen und Stuttgart. <\/p>\n<p>\u201eMit dem Aufbau unseres H\u00e4ndlernetzwerks ab dem vierten Quartal 2026 gehen wir den n\u00e4chsten konsequenten Schritt beim Ausbau unserer Pr\u00e4senz in Deutschland. Bis dahin schaffen wir mit den neuen reinen Probefahrt-Standorten zus\u00e4tzliche M\u00f6glichkeiten, Zeekr in Deutschland direkt zu erleben. Unsere Fahrzeuge \u00fcberzeugen besonders dann, wenn man sie selbst f\u00e4hrt: durch ihr Design, ihre Technologie und ein Fahrerlebnis, das im Alltag unmittelbar sp\u00fcrbar wird\u201c, so Lukas Dohle, Managing Director bei Zeekr.<\/p>\n<p>Es stehen stets die Modelle <a href=\"https:\/\/ecomento.de\/modelle\/zeekr-001\/\" rel=\"nofollow noopener\" target=\"_blank\">001<\/a> (Shooting Brake), <a href=\"https:\/\/ecomento.de\/modelle\/zeekr-x\/\" rel=\"nofollow noopener\" target=\"_blank\">X<\/a> (Kompakt-SUV) und <a href=\"https:\/\/ecomento.de\/modelle\/zeekr-7x\/\" rel=\"nofollow noopener\" target=\"_blank\">7X<\/a> (gro\u00dfes SUV) f\u00fcr Testfahrten zur Verf\u00fcgung. Ab dem 1. Juli 2026 soll deutschlandweit auch der neue sportliche Shooting Brake <a href=\"https:\/\/ecomento.de\/modelle\/zeekr-7gt\/\" rel=\"nofollow noopener\" target=\"_blank\">7GT<\/a> an allen zehn Standorten in Deutschland verf\u00fcgbar sein. Erg\u00e4nzend erweitert Zeekr sein Marktangebot um Finanzierungsoptionen f\u00fcr die gesamte Modellpalette. Neben einem klassischen Ratenkredit steht ein Ballonkredit zur Verf\u00fcgung, beide mit einem Zinssatz von 0,99 Prozent. <\/p>\n<p>Servicepartner f\u00fcr Deutschland ist die GAS Global Automotive Service GmbH mit rund 1700 angeschlossenen Betrieben, darunter \u00fcber 500 Karosserie- und Lackierzentren. \u201eDamit sind die Grundlagen f\u00fcr hohe Ersatzteilverf\u00fcgbarkeit, gute Serviceerreichbarkeit und verl\u00e4ssliche Qualit\u00e4t gegeben\u201c, versichert Zeekr.<\/p>\n<p>Mit dem Ausbau der lokalen Pr\u00e4senz, neuen Finanzierungsangeboten und dem geplanten Aufbau eines H\u00e4ndlernetzwerks schaffe man die Voraussetzungen f\u00fcr die n\u00e4chste Phase seiner Entwicklung im deutschen Markt. Deutschland sei dabei ein zentraler Baustein der europ\u00e4ischen Wachstumsstrategie.<\/p>\n","protected":false},"excerpt":{"rendered":"Zeekr erg\u00e4nzt sein Angebot in Deutschland um drei zus\u00e4tzliche Standorte in den Gro\u00dfr\u00e4umen K\u00f6ln, Hannover und Leipzig. Die&hellip;\n","protected":false},"author":2,"featured_media":1124739,"comment_status":"","ping_status":"","sticky":false,"template":"","format":"standard","meta":{"footnotes":"","_share_on_mastodon":"0"},"categories":[1832],"tags":[3364,29,30,71,859,31270],"class_list":["post-1124738","post","type-post","status-publish","format-standard","has-post-thumbnail","category-leipzig","tag-de","tag-deutschland","tag-germany","tag-leipzig","tag-sachsen","tag-vertrieb"],"share_on_mastodon":{"url":"https:\/\/pubeurope.com\/@de\/116819857704135443","error":""},"_links":{"self":[{"href":"https:\/\/www.europesays.com\/de\/wp-json\/wp\/v2\/posts\/1124738","targetHints":{"allow":["GET"]}}],"collection":[{"href":"https:\/\/www.europesays.com\/de\/wp-json\/wp\/v2\/posts"}],"about":[{"href":"https:\/\/www.europesays.com\/de\/wp-json\/wp\/v2\/types\/post"}],"author":[{"embeddable":true,"href":"https:\/\/www.europesays.com\/de\/wp-json\/wp\/v2\/users\/2"}],"replies":[{"embeddable":true,"href":"https:\/\/www.europesays.com\/de\/wp-json\/wp\/v2\/comments?post=1124738"}],"version-history":[{"count":0,"href":"https:\/\/www.europesays.com\/de\/wp-json\/wp\/v2\/posts\/1124738\/revisions"}],"wp:featuredmedia":[{"embeddable":true,"href":"https:\/\/www.europesays.com\/de\/wp-json\/wp\/v2\/media\/1124739"}],"wp:attachment":[{"href":"https:\/\/www.europesays.com\/de\/wp-json\/wp\/v2\/media?parent=1124738"}],"wp:term":[{"taxonomy":"category","embeddable":true,"href":"https:\/\/www.europesays.com\/de\/wp-json\/wp\/v2\/categories?post=1124738"},{"taxonomy":"post_tag","embeddable":true,"href":"https:\/\/www.europesays.com\/de\/wp-json\/wp\/v2\/tags?post=1124738"}],"curies":[{"name":"wp","href":"https:\/\/api.w.org\/{rel}","templated":true}]}}