{"id":1124811,"date":"2026-06-27T03:47:14","date_gmt":"2026-06-27T03:47:14","guid":{"rendered":"https:\/\/www.europesays.com\/de\/1124811\/"},"modified":"2026-06-27T03:47:14","modified_gmt":"2026-06-27T03:47:14","slug":"hochstrassenabriss-rechtsstreit-geht-in-die-verlaengerung-ludwigshafen","status":"publish","type":"post","link":"https:\/\/www.europesays.com\/de\/1124811\/","title":{"rendered":"Hochstra\u00dfenabriss: Rechtsstreit geht in die Verl\u00e4ngerung &#8211; Ludwigshafen"},"content":{"rendered":"<p class=\"rhp-dpa-teaser\"><b>Auch sechs Jahre nach dem Abriss der Hochstra\u00dfe S\u00fcd und kurz  vor der Einweihung des  Ersatzbaus  ist der Rechtsstreit zwischen der Abrissfirma und der Stadt nicht beigelegt.<\/b><\/p>\n<p>Das juristische Tauziehen um die Abrisskosten f\u00fcr die Hochstra\u00dfe S\u00fcd (B37) zwischen der Abrissfirma Mo\u00df aus dem Emsland und der Stadt <a class=\"rtr-entity\" data-rtr-entity=\"Ludwigshafen\" data-rtr-id=\"26b4406521e36b503c690e53e1b9dec3bdb26dfe\" data-rtr-score=\"29.026758228747337\" data-rtr-etype=\"location\" data-rtr-index=\"6\" href=\"http:\/\/rheinpfalz.de\/lokal\/ludwigshafen.html\" rel=\"nofollow noopener\" target=\"_blank\">Ludwigshafen<\/a> geht in die Verl\u00e4ngerung. Das best\u00e4tigte  auf RHEINPFALZ-Anfrage  Richterin Tanja Rippberger als  Sprecherin des Oberlandesgerichts (<a class=\"rtr-entity\" data-rtr-entity=\"OLG\" data-rtr-id=\"024f81e2c8a28d0dd387b554e2f7a3d6a05d21fb\" data-rtr-score=\"27.989580866682452\" data-rtr-etype=\"organisation\" data-rtr-index=\"27\" href=\"https:\/\/www.rheinpfalz.de\/themen\/olg\" rel=\"nofollow noopener\" target=\"_blank\">OLG<\/a>) <a class=\"rtr-entity\" data-rtr-entity=\"Zweibr\u00fccken\" data-rtr-id=\"759410f706795b3cb5fcb8210831ec1e65ee2191\" data-rtr-score=\"6.98851527350225\" data-rtr-etype=\"location\" data-rtr-index=\"9\" href=\"http:\/\/rheinpfalz.de\/lokal\/zweibruecken.html\" rel=\"nofollow noopener\" target=\"_blank\">Zweibr\u00fccken<\/a><\/p>\n<p>. \u201eDas Verfahren ist bei uns noch anh\u00e4ngig und wird noch etwas dauern. Der Senat hat bisher einen Beweisbeschluss erlassen, und es wird ein Sachverst\u00e4ndigengutachten eingeholt\u201c,<\/p>\n<p class=\"rhp-teaser\"><b>Auch sechs Jahre nach dem Abriss der Hochstra\u00dfe S\u00fcd und kurz  vor der Einweihung des  Ersatzbaus  ist der Rechtsstreit zwischen der Abrissfirma und der Stadt nicht beigelegt.<\/b><\/p>\n","protected":false},"excerpt":{"rendered":"Auch sechs Jahre nach dem Abriss der Hochstra\u00dfe S\u00fcd und kurz vor der Einweihung des Ersatzbaus ist der&hellip;\n","protected":false},"author":2,"featured_media":1124812,"comment_status":"","ping_status":"","sticky":false,"template":"","format":"standard","meta":{"footnotes":"","_share_on_mastodon":"0"},"categories":[1845],"tags":[1634,3364,29,28883,548,663,3934,30,13,118034,4060,25476,2096,237304,14,15,24827,12,237306,237305,5130],"class_list":["post-1124811","post","type-post","status-publish","format-standard","has-post-thumbnail","category-mannheim","tag-baden-wuerttemberg","tag-de","tag-deutschland","tag-emsland","tag-eu","tag-europa","tag-europe","tag-germany","tag-headlines","tag-landgericht-frankenthal","tag-lokal","tag-ludwigshafen","tag-mannheim","tag-moss","tag-nachrichten","tag-news","tag-olg","tag-schlagzeilen","tag-stefan-feldmann","tag-tanja-rippberger","tag-zweibruecken"],"share_on_mastodon":{"url":"https:\/\/pubeurope.com\/@de\/116820026707216609","error":""},"_links":{"self":[{"href":"https:\/\/www.europesays.com\/de\/wp-json\/wp\/v2\/posts\/1124811","targetHints":{"allow":["GET"]}}],"collection":[{"href":"https:\/\/www.europesays.com\/de\/wp-json\/wp\/v2\/posts"}],"about":[{"href":"https:\/\/www.europesays.com\/de\/wp-json\/wp\/v2\/types\/post"}],"author":[{"embeddable":true,"href":"https:\/\/www.europesays.com\/de\/wp-json\/wp\/v2\/users\/2"}],"replies":[{"embeddable":true,"href":"https:\/\/www.europesays.com\/de\/wp-json\/wp\/v2\/comments?post=1124811"}],"version-history":[{"count":0,"href":"https:\/\/www.europesays.com\/de\/wp-json\/wp\/v2\/posts\/1124811\/revisions"}],"wp:featuredmedia":[{"embeddable":true,"href":"https:\/\/www.europesays.com\/de\/wp-json\/wp\/v2\/media\/1124812"}],"wp:attachment":[{"href":"https:\/\/www.europesays.com\/de\/wp-json\/wp\/v2\/media?parent=1124811"}],"wp:term":[{"taxonomy":"category","embeddable":true,"href":"https:\/\/www.europesays.com\/de\/wp-json\/wp\/v2\/categories?post=1124811"},{"taxonomy":"post_tag","embeddable":true,"href":"https:\/\/www.europesays.com\/de\/wp-json\/wp\/v2\/tags?post=1124811"}],"curies":[{"name":"wp","href":"https:\/\/api.w.org\/{rel}","templated":true}]}}