{"id":1124882,"date":"2026-06-27T04:27:19","date_gmt":"2026-06-27T04:27:19","guid":{"rendered":"https:\/\/www.europesays.com\/de\/1124882\/"},"modified":"2026-06-27T04:27:19","modified_gmt":"2026-06-27T04:27:19","slug":"rb-leipzig-argentinien-experte-erklaert-neuen-trainer-so-tickt-martin-demichelis-sport","status":"publish","type":"post","link":"https:\/\/www.europesays.com\/de\/1124882\/","title":{"rendered":"RB Leipzig: Argentinien-Experte erkl\u00e4rt neuen Trainer! So tickt Martin Demichelis | Sport"},"content":{"rendered":"<p><a class=\"skip-content skip-content--link\" href=\"#in-content-skip-link-target-v-0-0\">TTS-Player \u00fcberspringen\u21b5<\/a><a id=\"in-content-skip-link-target-v-0-0\" class=\"skip-content--target-link-hidden skip-content skip-content--target-link\" href=\"#in-content-skip-link-target-v-0-0\">Artikel weiterlesen<\/a><\/p>\n<p data-21134c99=\"0-2153\"><b>Diese Trainer-Verpflichtung sorgte bei den RB-Fans teilweise f\u00fcr Kopfsch\u00fctteln! Seit Montag ist Mart\u00edn Demichelis (45) offiziell neuer Chefcoach von RB Leipzig. Der Ex-Bayern-Star aus Argentinien l\u00f6st Ole Werner (38) ab. Der Wechsel sorgt aber auch in seiner Heimat f\u00fcr Schlagzeilen.<\/b><\/p>\n<p data-21134c99=\"0-2153\">\u201eNach seiner Zeit bei River Plate hat alles, was Demichelis tut, Auswirkungen in Argentinien. Es war eine gro\u00dfe Nachricht, als er bei Mallorca \u00fcbernahm. Und auch <a href=\"https:\/\/www.bild.de\/sport\/fussball\/rb-leipzig-martin-demichelis-offiziell-was-unter-dem-neuen-trainer-alles-anders-wird-6a3a44a5e880869d9f53355e\" class=\"text-link\" rel=\"nofollow noopener\" target=\"_blank\">seine Bekanntgabe in Leipzig<\/a> sorgte in den sozialen Netzwerken und den Medien f\u00fcr gro\u00dfe Resonanz\u201c, erkl\u00e4rt Mat\u00edas Mancuso (22) BILD.<\/p>\n<p><img decoding=\"async\" width=\"992\" height=\"558\" alt=\"Mat\u00edas Mancuso (22) berichtet f\u00fcr \u201eDiario Ol\u00e9\u201c \u00fcber River Plate\" loading=\"lazy\" src=\"https:\/\/www.europesays.com\/de\/wp-content\/uploads\/2026\/06\/eea031005f9fe4f37c3d9200a4d58f8f,71cb6811.jpeg\"   class=\"landscape\"\/><\/p>\n<p class=\"fig__caption__text\">Mat\u00edas Mancuso (22) berichtet f\u00fcr \u201eDiario Ol\u00e9\u201c \u00fcber River Plate<\/p>\n<p>Foto: Privat<\/p>\n<p data-21134c99=\"0-2153\">Der Argentinier arbeitet f\u00fcr die Sporttageszeitung \u201eDiario Ol\u00e9\u201c, die als bekannteste und auflagenst\u00e4rkste des Landes gilt. Als Demichelis von Januar 2023 bis Juli 2024 Cheftrainer seines Jugendvereins River Plate war, berichtete der Journalist nahezu t\u00e4glich \u00fcber ihn. Auch den Gewinn der argentinischen Meisterschaft 2023 erlebte er aus n\u00e4chster N\u00e4he.<\/p>\n<p>Leipzig-Bosse brauchen Geduld<\/p>\n<p data-21134c99=\"0-2153\">Dass Demichelis auch bei <a href=\"https:\/\/www.bild.de\/sport\/fussball\/rb-leipzig\/startseite-leipzig-31148870.bild.html\" class=\"text-link\" rel=\"nofollow noopener\" target=\"_blank\">RB Leipzig<\/a> erfolgreich sein kann, daran hat Mancuso keinen Zweifel. \u201eMicho ist ein sehr methodischer Trainer, der seine Spielidee sehr konsequent verfolgt. Ich glaube, wenn man ihm Zeit gibt, sich einzuarbeiten, kann er Gro\u00dfes erreichen\u201c, erkl\u00e4rt der Journalist.<\/p>\n<p><img decoding=\"async\" width=\"992\" height=\"558\" alt=\"Als Trainer von River Plate gewann Demichelis die argentinische Meisterschaft\" loading=\"lazy\" src=\"https:\/\/www.europesays.com\/de\/wp-content\/uploads\/2026\/06\/0edb67252fdeeaa61aa4cfbc1701d0b6,84f03e77.jpeg\"   class=\"landscape\"\/><\/p>\n<p class=\"fig__caption__text\">Als Trainer von River Plate gewann Demichelis die argentinische Meisterschaft<\/p>\n<p>Foto: ALEJANDRO PAGNI\/AFP<\/p>\n<p data-21134c99=\"0-2153\">Und erg\u00e4nzt: \u201eBei River ist es ihm in der Anfangszeit gelungen, ein Team zu formen, das sehr guten und vor allem erfolgreichen Fu\u00dfball spielte. Er ist ein Spielerversteher. Die wichtigsten Merkmale seiner Mannschaften waren dabei der Fokus auf Ballbesitz, hohes Pressing nach Ballverlust und ein positionsorientiertes, funktionales Spiel.\u201c<\/p>\n<p>Demichelis hat aus Fehlern gelernt<\/p>\n<p data-21134c99=\"0-2153\">W\u00e4hrend der 18 Monate beim Traditionsclub gewann Demichelis neben der Meisterschaft auch noch zwei Supercup-Titel. Als kurz darauf die Erfolge ausblieben, wurde er gefeuert \u2013 auch weil ein Hintergrundgespr\u00e4ch mit einem Journalisten \u00f6ffentlich wurde!<\/p>\n<p data-21134c99=\"0-2153\">Mancuso: \u201eEr hatte Interna aus dem Team erz\u00e4hlt. Als das bekannt wurde, war das Klima in der Kabine zerst\u00f6rt und er wurde daf\u00fcr auch von den Fans kritisiert. Das hat ihm damals sehr geschadet. Es scheint aber so, als h\u00e4tte Demichelis aus dem Fehler gelernt.\u201c<\/p>\n","protected":false},"excerpt":{"rendered":"TTS-Player \u00fcberspringen\u21b5Artikel weiterlesen Diese Trainer-Verpflichtung sorgte bei den RB-Fans teilweise f\u00fcr Kopfsch\u00fctteln! Seit Montag ist Mart\u00edn Demichelis (45)&hellip;\n","protected":false},"author":2,"featured_media":1124883,"comment_status":"","ping_status":"","sticky":false,"template":"","format":"standard","meta":{"footnotes":"","_share_on_mastodon":"0"},"categories":[1832],"tags":[3364,231305,29,538,458,347,30,71,67995,859,3460,4581],"class_list":["post-1124882","post","type-post","status-publish","format-standard","has-post-thumbnail","category-leipzig","tag-de","tag-demichelis-martin","tag-deutschland","tag-erste-bundesliga","tag-fc-bayern-muenchen","tag-fussball","tag-germany","tag-leipzig","tag-river-plate","tag-sachsen","tag-sport-leuchtturm-leipzig","tag-sport-tag-im-ticker"],"share_on_mastodon":{"url":"https:\/\/pubeurope.com\/@de\/116820185557784380","error":""},"_links":{"self":[{"href":"https:\/\/www.europesays.com\/de\/wp-json\/wp\/v2\/posts\/1124882","targetHints":{"allow":["GET"]}}],"collection":[{"href":"https:\/\/www.europesays.com\/de\/wp-json\/wp\/v2\/posts"}],"about":[{"href":"https:\/\/www.europesays.com\/de\/wp-json\/wp\/v2\/types\/post"}],"author":[{"embeddable":true,"href":"https:\/\/www.europesays.com\/de\/wp-json\/wp\/v2\/users\/2"}],"replies":[{"embeddable":true,"href":"https:\/\/www.europesays.com\/de\/wp-json\/wp\/v2\/comments?post=1124882"}],"version-history":[{"count":0,"href":"https:\/\/www.europesays.com\/de\/wp-json\/wp\/v2\/posts\/1124882\/revisions"}],"wp:featuredmedia":[{"embeddable":true,"href":"https:\/\/www.europesays.com\/de\/wp-json\/wp\/v2\/media\/1124883"}],"wp:attachment":[{"href":"https:\/\/www.europesays.com\/de\/wp-json\/wp\/v2\/media?parent=1124882"}],"wp:term":[{"taxonomy":"category","embeddable":true,"href":"https:\/\/www.europesays.com\/de\/wp-json\/wp\/v2\/categories?post=1124882"},{"taxonomy":"post_tag","embeddable":true,"href":"https:\/\/www.europesays.com\/de\/wp-json\/wp\/v2\/tags?post=1124882"}],"curies":[{"name":"wp","href":"https:\/\/api.w.org\/{rel}","templated":true}]}}