{"id":1124968,"date":"2026-06-27T05:19:16","date_gmt":"2026-06-27T05:19:16","guid":{"rendered":"https:\/\/www.europesays.com\/de\/1124968\/"},"modified":"2026-06-27T05:19:16","modified_gmt":"2026-06-27T05:19:16","slug":"hoehe-der-rente-haengt-auch-vom-wohnort-ab","status":"publish","type":"post","link":"https:\/\/www.europesays.com\/de\/1124968\/","title":{"rendered":"H\u00f6he der Rente h\u00e4ngt auch vom Wohnort ab"},"content":{"rendered":"<p class=\"date\">27.06.2026 \u2013 07:00<\/p>\n<p class=\"customer\">\n                        <a class=\"story-customer\" title=\"weiter zum newsroom von Neue Westf\u00e4lische (Bielefeld)\" href=\"https:\/\/www.presseportal.de\/nr\/65487\" rel=\"nofollow noopener\" target=\"_blank\">Neue Westf\u00e4lische (Bielefeld)<\/a>\n                    <\/p>\n<p><a data-category=\"citylink-story-view\" data-action=\"click\" data-label=\"Citylink in Meldungsansicht\" class=\"story-city event-trigger\" href=\"https:\/\/www.presseportal.de\/regional\/Bielefeld\" title=\"News aus Bielefeld \" rel=\"nofollow noopener\" target=\"_blank\">Bielefeld<\/a> (ots)<\/p>\n<p>Die H\u00f6he der Rente unterscheidet sich in NRW von Wohnregion zu Wohnregion teils erheblich. Bei M\u00e4nnern macht es im Jahr einen Unterschied von 5.000 Euro aus, ob sie in M\u00fcnster (1.185 Euro\/Monat) oder im Rhein-Erft-Kreis (1.591 Euro\/Monat) leben. Frauen in Gelsenkirchen (818 Euro) bekommen im Jahr durchschnittlich 2.400 Euro weniger Rente als die in Mettmann (1.030 Euro).Das geht aus dem Rentenreport-NRW des DGB in Nordrhein-Westfalen hervor, \u00fcber den die Neue Westf\u00e4lische exklusiv berichtet (Samstagausgabe). &#8222;Die H\u00f6he der Rente h\u00e4ngt auch vom Wohnort ab&#8220;, sagt die stellvertretende Landesvorsitzende und Autorin des Rentenreports, Anke Unger aus G\u00fctersloh. &#8222;Das sind Betr\u00e4ge, die f\u00fcr viele Rentnerinnen und Rentner im Alltag einen erheblichen Unterschied machen.&#8220;Der DGB in Nordrhein-Westfalen sieht einige Vorschl\u00e4ge der Kommission zur Rentenreform kritisch. Statt des vorgeschlagenen Kapitalstocks als privater Vorsorge sollte die Betriebsrente, in die Arbeitgeber einzahlen, gest\u00e4rkt werden, erkl\u00e4rt die stellvertretende DGB-Landesvorsitzende Anke Unger: &#8222;Wir brauchen dringend eine Stabilisierung und perspektivisch eine Erh\u00f6hung des Rentenniveaus. Den Vorschlag der Rentenkommission, dies durch einen neuen Kapitalstock zu erreichen, halten wir allerdings f\u00fcr problematisch. Statt riskanter B\u00f6rsenmodelle brauchen wir eine verpflichtende Betriebsrente f\u00fcr alle sozialversicherungspflichtig Besch\u00e4ftigten, die von den Arbeitgebern mindestens mitfinanziert wird.&#8220;Auch von der schrittweisen Verl\u00e4ngerung der Lebensarbeitszeit h\u00e4lt der DGB in NRW nichts. &#8222;Es ist falsch, das Rentenalter pauschal zu erh\u00f6hen und den Renteneintritt an die Lebenserwartung zu koppeln, wie es die Rentenkommission vorschl\u00e4gt. Das w\u00fcrde in vielen F\u00e4llen schlicht eine Rentenk\u00fcrzung bedeuten.&#8220;<\/p>\n<p class=\"contact-headline\">Pressekontakt:<\/p>\n<p class=\"contact-text\">Neue Westf\u00e4lische<br \/>News Desk<br \/>Telefon: 0521 555 271<br \/><a href=\"https:\/\/www.presseportal.de\/pm\/65487\/mailto:nachrichten@neue-westfaelische.de\" class=\"uri-mailto\" rel=\"nofollow noopener\" target=\"_blank\">nachrichten@neue-westfaelische.de<\/a><\/p>\n<p class=\"originator\">Original-Content von: Neue Westf\u00e4lische (Bielefeld), \u00fcbermittelt durch news aktuell<\/p>\n","protected":false},"excerpt":{"rendered":"27.06.2026 \u2013 07:00 Neue Westf\u00e4lische (Bielefeld) Bielefeld (ots) Die H\u00f6he der Rente unterscheidet sich in NRW von Wohnregion&hellip;\n","protected":false},"author":2,"featured_media":428773,"comment_status":"","ping_status":"","sticky":false,"template":"","format":"standard","meta":{"footnotes":"","_share_on_mastodon":"0"},"categories":[1841],"tags":[1605,3364,29,30,14623,1209,16,178,180,179,181,21905],"class_list":["post-1124968","post","type-post","status-publish","format-standard","has-post-thumbnail","category-bielefeld","tag-bielefeld","tag-de","tag-deutschland","tag-germany","tag-innenpolitik","tag-nordrhein-westfalen","tag-politik","tag-presse","tag-pressemeldung","tag-pressemitteilung","tag-pressemitteilungen","tag-presseschau"],"share_on_mastodon":{"url":"https:\/\/pubeurope.com\/@de\/116820388312953108","error":""},"_links":{"self":[{"href":"https:\/\/www.europesays.com\/de\/wp-json\/wp\/v2\/posts\/1124968","targetHints":{"allow":["GET"]}}],"collection":[{"href":"https:\/\/www.europesays.com\/de\/wp-json\/wp\/v2\/posts"}],"about":[{"href":"https:\/\/www.europesays.com\/de\/wp-json\/wp\/v2\/types\/post"}],"author":[{"embeddable":true,"href":"https:\/\/www.europesays.com\/de\/wp-json\/wp\/v2\/users\/2"}],"replies":[{"embeddable":true,"href":"https:\/\/www.europesays.com\/de\/wp-json\/wp\/v2\/comments?post=1124968"}],"version-history":[{"count":0,"href":"https:\/\/www.europesays.com\/de\/wp-json\/wp\/v2\/posts\/1124968\/revisions"}],"wp:featuredmedia":[{"embeddable":true,"href":"https:\/\/www.europesays.com\/de\/wp-json\/wp\/v2\/media\/428773"}],"wp:attachment":[{"href":"https:\/\/www.europesays.com\/de\/wp-json\/wp\/v2\/media?parent=1124968"}],"wp:term":[{"taxonomy":"category","embeddable":true,"href":"https:\/\/www.europesays.com\/de\/wp-json\/wp\/v2\/categories?post=1124968"},{"taxonomy":"post_tag","embeddable":true,"href":"https:\/\/www.europesays.com\/de\/wp-json\/wp\/v2\/tags?post=1124968"}],"curies":[{"name":"wp","href":"https:\/\/api.w.org\/{rel}","templated":true}]}}