{"id":1124993,"date":"2026-06-27T05:37:22","date_gmt":"2026-06-27T05:37:22","guid":{"rendered":"https:\/\/www.europesays.com\/de\/1124993\/"},"modified":"2026-06-27T05:37:22","modified_gmt":"2026-06-27T05:37:22","slug":"reform-cdu-politiker-will-rente-mit-63-so-schnell-wie-moeglich-abschaffen","status":"publish","type":"post","link":"https:\/\/www.europesays.com\/de\/1124993\/","title":{"rendered":"Reform: CDU-Politiker will Rente mit 63 so schnell wie m\u00f6glich abschaffen"},"content":{"rendered":"<p class=\"paragraph article__item\">Der CDU-Politiker Pascal Reddig fordert eine schnelle Abschaffung der sogenannten <a href=\"https:\/\/www.zeit.de\/feuilleton\/2026-06\/rente-arbeit-debatte-alter-cdu-pflichtverteidigung\" target=\"_blank\" rel=\"nofollow noopener\">Rente<\/a> mit 63. \u00bbWenn wir eine Trendwende schaffen wollen, m\u00fcssen wir uns beeilen und nicht erst noch alle geburtenstarken Jahrg\u00e4nge abschlagsfrei vorzeitig in <a class=\"rtr-entity\" href=\"https:\/\/www.zeit.de\/thema\/rente\" rel=\"nofollow noopener\" target=\"_blank\">Rente<\/a> gehen lassen\u00ab, sagte Reddig dem RedaktionsNetzwerk Deutschland (RND). \u00bbDeswegen sollte die Abschaffung so fr\u00fch wie m\u00f6glich greifen. Eine \u00dcbergangsfrist von f\u00fcnf Jahren w\u00e4re zu lang.\u00ab\n<\/p>\n<p class=\"paragraph article__item\">Er r\u00e4umte aber ein, es brauche auf jeden Fall Vertrauensschutzregeln. \u00bbWer sich etwa darauf eingestellt hat, im n\u00e4chsten Jahr fr\u00fchzeitig abschlagsfrei in Rente zu gehen, f\u00fcr den wird das sicher noch m\u00f6glich sein. Aber viel l\u00e4nger k\u00f6nnen wir das nicht mehr zulassen.\u00ab\n<\/p>\n<p class=\"paragraph article__item\">Reddig war Mitglied der <a href=\"https:\/\/www.zeit.de\/feuilleton\/2026-06\/rente-arbeit-debatte-alter-cdu-pflichtverteidigung\" target=\"_blank\" rel=\"nofollow noopener\">Rentenkommission<\/a>, die der Regierung am Dienstag 33 Empfehlungen f\u00fcr einen tiefgreifenden Umbau der Altersvorsorge vorgelegt hatte. Er ist Vorsitzender der Jungen Gruppe in der Unionsfraktion \u2013 zu ihr z\u00e4hlen 18 Abgeordnete, die zu Beginn der Legislaturperiode h\u00f6chstens 35 Jahre alt waren.\n<\/p>\n<p>            Kommissionsbericht l\u00e4sst Umsetzungsfrist offen            <\/p>\n<p class=\"paragraph article__item\">Der Kommissionsbericht sieht unter anderem vor, <a href=\"https:\/\/www.zeit.de\/wirtschaft\/2026-06\/vorschlaege-rentenkommission-reform-kosten-verteilung-rente\" target=\"_blank\" rel=\"nofollow noopener\">den vorzeitigen Renteneintritt ohne Abschl\u00e4ge nach 45 Beitragsjahren abzuschaffen<\/a>. Dieser ist als \u00bbRente mit 63\u00ab bekannt, wobei er faktisch heute erst ab 64,5 Jahren m\u00f6glich ist. Im Bericht ist die Rede davon, dass die Abschaffung \u00bbunter Ber\u00fccksichtigung des verfassungsrechtlich gebotenen Vertrauensschutzes\u00ab zum fr\u00fchestm\u00f6glichen Zeitpunkt geschehen solle. Konkretisiert wird dies nicht.\n<\/p>\n<p class=\"paragraph article__item\">Kanzler Friedrich Merz (<a class=\"rtr-entity\" href=\"https:\/\/www.zeit.de\/thema\/cdu\" rel=\"nofollow noopener\" target=\"_blank\">CDU<\/a>) und Sozialministerin B\u00e4rbel Bas (SPD) hatten angek\u00fcndigt, das von der Kommission vorgeschlagene Ma\u00dfnahmenb\u00fcndel z\u00fcgig und vollst\u00e4ndig umzusetzen.\n<\/p>\n<p>Rentenreform<\/p>\n<p>            Mehr zum Thema        <\/p>\n<p>                <a href=\"https:\/\/www.zeit.de\/feuilleton\/2026-06\/rente-arbeit-debatte-alter-cdu-pflichtverteidigung\" data-ct-label=\"Rentendebatte: Arbeit bis ins hohe Alter? Ach, welch Ungl\u00fcck\" data-uuid=\"d4f108d7-62da-4d5c-a0a7-f7fa0167cd7f\" rel=\"nofollow noopener\" target=\"_blank\"><\/p>\n<p>        Z+ (abopflichtiger Inhalt);<\/p>\n<p>    Rentendebatte:<br \/>\n                        Arbeit bis ins hohe Alter? Ach, welch Ungl\u00fcck<\/p>\n<p>                <\/a><\/p>\n<p>                <a href=\"https:\/\/www.zeit.de\/wirtschaft\/2026-06\/vorschlaege-rentenkommission-reform-kosten-verteilung-rente\" data-ct-label=\"Vorschl\u00e4ge der Rentenkommission: Das schadet der jungen Generation \" data-uuid=\"47c72d00-2605-4af7-937c-87f2b9989ac5\" rel=\"nofollow noopener\" target=\"_blank\"><\/p>\n<p>        Z+ (abopflichtiger Inhalt);<\/p>\n<p>    Vorschl\u00e4ge der Rentenkommission:<br \/>\n                        Das schadet der jungen Generation <\/p>\n<p>                <\/a><\/p>\n","protected":false},"excerpt":{"rendered":"Der CDU-Politiker Pascal Reddig fordert eine schnelle Abschaffung der sogenannten Rente mit 63. \u00bbWenn wir eine Trendwende schaffen&hellip;\n","protected":false},"author":2,"featured_media":1124994,"comment_status":"","ping_status":"","sticky":false,"template":"","format":"standard","meta":{"footnotes":"","_share_on_mastodon":"0"},"categories":[5],"tags":[331,332,221254,31,3364,29,30,13,14,15,127245,16,9238,24341,379,147022,12,25293,237327],"class_list":["post-1124993","post","type-post","status-publish","format-standard","has-post-thumbnail","category-nachrichten","tag-aktuelle-nachrichten","tag-aktuelle-news","tag-artikelhuelle","tag-cdu","tag-de","tag-deutschland","tag-germany","tag-headlines","tag-nachrichten","tag-news","tag-pascal-reddig","tag-politik","tag-redaktionsnetzwerk-deutschland","tag-reform","tag-rente","tag-rentenkommission","tag-schlagzeilen","tag-teaser","tag-uebergangsfrist"],"share_on_mastodon":{"url":"https:\/\/pubeurope.com\/@de\/116820459393343201","error":""},"_links":{"self":[{"href":"https:\/\/www.europesays.com\/de\/wp-json\/wp\/v2\/posts\/1124993","targetHints":{"allow":["GET"]}}],"collection":[{"href":"https:\/\/www.europesays.com\/de\/wp-json\/wp\/v2\/posts"}],"about":[{"href":"https:\/\/www.europesays.com\/de\/wp-json\/wp\/v2\/types\/post"}],"author":[{"embeddable":true,"href":"https:\/\/www.europesays.com\/de\/wp-json\/wp\/v2\/users\/2"}],"replies":[{"embeddable":true,"href":"https:\/\/www.europesays.com\/de\/wp-json\/wp\/v2\/comments?post=1124993"}],"version-history":[{"count":0,"href":"https:\/\/www.europesays.com\/de\/wp-json\/wp\/v2\/posts\/1124993\/revisions"}],"wp:featuredmedia":[{"embeddable":true,"href":"https:\/\/www.europesays.com\/de\/wp-json\/wp\/v2\/media\/1124994"}],"wp:attachment":[{"href":"https:\/\/www.europesays.com\/de\/wp-json\/wp\/v2\/media?parent=1124993"}],"wp:term":[{"taxonomy":"category","embeddable":true,"href":"https:\/\/www.europesays.com\/de\/wp-json\/wp\/v2\/categories?post=1124993"},{"taxonomy":"post_tag","embeddable":true,"href":"https:\/\/www.europesays.com\/de\/wp-json\/wp\/v2\/tags?post=1124993"}],"curies":[{"name":"wp","href":"https:\/\/api.w.org\/{rel}","templated":true}]}}