{"id":112501,"date":"2025-05-15T12:29:11","date_gmt":"2025-05-15T12:29:11","guid":{"rendered":"https:\/\/www.europesays.com\/de\/112501\/"},"modified":"2025-05-15T12:29:11","modified_gmt":"2025-05-15T12:29:11","slug":"diese-badeseen-in-hamburg-starten-in-die-badesaison","status":"publish","type":"post","link":"https:\/\/www.europesays.com\/de\/112501\/","title":{"rendered":"Diese Badeseen in Hamburg starten in die Badesaison"},"content":{"rendered":"<p _ngcontent-sc113=\"\"> 15. Mai 2025 \u2013 Redaktion Radio Hamburg <\/p>\n<p _ngcontent-sc113=\"\">Die Badesaison in Hamburg startet am 16. Mai. P\u00fcnktlich zum sonnigen Wochenende \u00f6ffnen viele Badeseen ihre Tore. Bei den Freib\u00e4dern braucht ihr hingegen noch etwas Geduld. Welche Badestellen ihr nutzen k\u00f6nnt und wo wegen Blaualgen gesperrt ist, erfahrt ihr hier!<\/p>\n<p _ngcontent-sc85=\"\" align=\"false\">Am 16. Mai beginnt in Hamburg offiziell die Badesaison. Auch wenn viele Sommerb\u00e4der aufgrund der k\u00fchlen N\u00e4chte noch geschlossen bleiben, er\u00f6ffnen zahlreiche Badeseen p\u00fcnktlich zum sonnigen Wochenende vom 16. bis 18. Mai ihre Saison. Wir k\u00f6nnen es kaum erwarten, uns nach der Arbeit oder am Wochenende abzuk\u00fchlen! Aber Vorsicht: Informiert euch vor allem an \u00f6ffentlichen Gew\u00e4ssern, ob eine Gefahr durch Blaualgen besteht, und achtet allgemein auf eure Sicherheit! Am Eichbaumsee ist das Baden an der Badestelle Nord beispielsweise aufgrund von Blaualgen nicht m\u00f6glich. Abgesehen davon wurde an fast allen Badeseen in Hamburg eine &#8222;ausgezeichnete&#8220; Wasserqualit\u00e4t festgestellt.<\/p>\n<p>Diese Badeseen starten in die Saison: <\/p>\n<p _ngcontent-sc85=\"\" align=\"false\">Alle Informationen zu \u00d6ffnungszeiten, Eintrittsgeldern und den Gegebenheiten vor Ort findet ihr unter <a _ngcontent-sc133=\"\" target=\"_blank\" href=\"https:\/\/www.hamburg.de\/freizeit\/jahreszeiten\/sommer\/badeseen-naturbaeder-305900\" rel=\"noopener\">hamburg.de<\/a>! <\/p>\n<ul _ngcontent-sc85=\"\">\n<li _ngcontent-sc85=\"\"><strong _ngcontent-sc85=\"\" align=\"false\"><strong _ngcontent-sc85=\"\" align=\"false\">Allerm\u00f6her See, Nordspitze:<\/strong> <\/strong>Badesaison vom 16. Mai bis zum 15. September 2025<\/li>\n<\/ul>\n<ul _ngcontent-sc85=\"\">\n<li _ngcontent-sc85=\"\"><strong _ngcontent-sc85=\"\" align=\"false\">Boberger See, Sandstrand:<\/strong> 16. Mai bis 15. September 2025<\/li>\n<\/ul>\n<ul _ngcontent-sc85=\"\">\n<li _ngcontent-sc85=\"\"><strong _ngcontent-sc85=\"\" align=\"false\"><strong _ngcontent-sc85=\"\" align=\"false\">Eichbaumsee, Badestelle Nord:<\/strong> <\/strong>Gesperrt, Baden ist verboten<\/li>\n<\/ul>\n<ul _ngcontent-sc85=\"\">\n<li _ngcontent-sc85=\"\"><strong _ngcontent-sc85=\"\" align=\"false\">Eichbaumsee, Badestelle Ost:<\/strong> 16. Mai bis 15. September 2025<\/li>\n<\/ul>\n<ul _ngcontent-sc85=\"\">\n<li _ngcontent-sc85=\"\"><strong _ngcontent-sc85=\"\" align=\"false\">Hohendeicher See, Badestelle S\u00fcd:<\/strong> 16. Mai bis 15. September 2025<\/li>\n<\/ul>\n<ul _ngcontent-sc85=\"\">\n<li _ngcontent-sc85=\"\"><strong _ngcontent-sc85=\"\" align=\"false\"><strong _ngcontent-sc85=\"\" align=\"false\">Hohendeicher See, Badestelle West:<\/strong> <\/strong>16. Mai bis 15. September 2025<\/li>\n<\/ul>\n<ul _ngcontent-sc85=\"\">\n<li _ngcontent-sc85=\"\"><strong _ngcontent-sc85=\"\" align=\"false\"><strong _ngcontent-sc85=\"\" align=\"false\">Naturbad Kiwittsmoor:<\/strong> <\/strong>1. Mai bis 15. September 2025<\/li>\n<\/ul>\n<ul _ngcontent-sc85=\"\">\n<li _ngcontent-sc85=\"\"><strong _ngcontent-sc85=\"\" align=\"false\"><strong _ngcontent-sc85=\"\" align=\"false\">\u00d6jendorfer See, Badestelle Nord:<\/strong> <\/strong>16. Mai bis 31. August 2025<\/li>\n<\/ul>\n<ul _ngcontent-sc85=\"\">\n<li _ngcontent-sc85=\"\"><strong _ngcontent-sc85=\"\" align=\"false\"><strong _ngcontent-sc85=\"\" align=\"false\">\u00d6jendorfer See, Badestelle S\u00fcd:<\/strong> <\/strong>16. Mai bis 31. August 2025<\/li>\n<\/ul>\n<ul _ngcontent-sc85=\"\">\n<li _ngcontent-sc85=\"\"><strong _ngcontent-sc85=\"\" align=\"false\"><strong _ngcontent-sc85=\"\" align=\"false\">See Hinterm Horn:<\/strong> <\/strong>16. Mai bis 15. September 2025<\/li>\n<\/ul>\n<ul _ngcontent-sc85=\"\">\n<li _ngcontent-sc85=\"\"><strong _ngcontent-sc85=\"\" align=\"false\">Sommerbad Altengamme:<\/strong> 15. Mai bis 15. September 2025<\/li>\n<\/ul>\n<ul _ngcontent-sc85=\"\">\n<li _ngcontent-sc85=\"\"><strong _ngcontent-sc85=\"\" align=\"false\"><strong _ngcontent-sc85=\"\" align=\"false\">Sommerbad Ostende:<\/strong> <\/strong>10. Mai bis 6. September 2025<\/li>\n<\/ul>\n<p>Freib\u00e4der starten sp\u00e4ter in die Saison<\/p>\n<p _ngcontent-sc85=\"\" align=\"false\"><a _ngcontent-sc133=\"\" target=\"_blank\" href=\"https:\/\/www.radiohamburg.de\/aktuelles\/hamburg\/Freibadfans-in-Hamburg-m%C3%BCssen-sich-weiter-gedulden-id1354283.html\" rel=\"noopener\">Freibad-Fans m\u00fcssen sich noch ein wenig gedulden:<\/a> Da es nachts noch ziemlich k\u00fchl werden kann, werden die Hamburger Freib\u00e4der in dieser Woche noch nicht ge\u00f6ffnet. &#8222;Wir haben uns entschieden, diese Woche noch nicht zu \u00f6ffnen, nachdem die Prognosen f\u00fcr die n\u00e4chsten Tage 4-5 Grad k\u00fchler angezeigt wurden&#8220;, sagte B\u00e4derland-Sprecher Michael Dietel der Deutschen Presse-Agentur. Insbesondere die Nachttemperaturen mit teilweise nur 6 Grad w\u00fcrden noch stark gegen die saisonalen Angebote sprechen.<\/p>\n<p>Weitere News On Air<\/p>\n<p _ngcontent-sc85=\"\" align=\"false\">Weitere Nachrichten aus Hamburg, Deutschland und der Welt h\u00f6rt ihr immer zur vollen Stunde bei uns im Programm. Holt euch einfach unsere <a _ngcontent-sc133=\"\" href=\"https:\/\/www.radiohamburg.de\/programm\/frequenzen\/Streamen-%C3%BCber-die-App-id388032.html\" target=\"_blank\" rel=\"noopener\">kostenlose App<\/a>, h\u00f6rt uns \u00fcber euren <a _ngcontent-sc133=\"\" href=\"https:\/\/www.radiohamburg.de\/programm\/frequenzen\/Alexa-spiele-Radio-Hamburg-id387722.html\" target=\"_blank\" rel=\"noopener\">Smartspeaker<\/a> oder schaltet mit einem Klick unten auf den Playbutton das Webradio ein. Zum Nachh\u00f6ren gibt\u2019s das Ganze nat\u00fcrlich auch noch mal als <a _ngcontent-sc133=\"\" href=\"https:\/\/www.radiohamburg.de\/hoeren\/podcasts\/Radio-Hamburg-Nachrichten-id388455.html\" target=\"_blank\" rel=\"noopener\">Podcastangebot<\/a>.<\/p>\n<p><img decoding=\"async\" _ngcontent-sc130=\"\" class=\"\" src=\"https:\/\/www.europesays.com\/de\/wp-content\/uploads\/2025\/04\/app.jpg\" alt=\"App, App Store, iOS, Play Store, Google\" title=\"App, App Store, iOS, Play Store, Google\"\/><\/p>\n<p>Foto: Bloomicon \/ Shutterstock.com<\/p>\n<p> F\u00fcr iOS &amp; Android <\/p>\n<p>Holt euch die kostenlose Radio Hamburg App<\/p>\n<p _ngcontent-sc85=\"\" align=\"false\">H\u00f6rt uns an jedem Ort auf der Welt in bester Qualit\u00e4t &amp; st\u00f6rungsfrei \u00fcber unsere kostenlose App. Holt sie euch jetzt f\u00fcr Android oder iOS.<\/p>\n","protected":false},"excerpt":{"rendered":"15. Mai 2025 \u2013 Redaktion Radio Hamburg Die Badesaison in Hamburg startet am 16. Mai. P\u00fcnktlich zum sonnigen&hellip;\n","protected":false},"author":2,"featured_media":112502,"comment_status":"","ping_status":"","sticky":false,"template":"","format":"standard","meta":{"footnotes":""},"categories":[1826],"tags":[43840,43839,43831,43843,43830,43829,43846,43832,43844,43833,29,43847,43837,30,692,43835,43841,43838,43842,25518,43845,43836,43834],"class_list":{"0":"post-112501","1":"post","2":"type-post","3":"status-publish","4":"format-standard","5":"has-post-thumbnail","7":"category-hamburg","8":"tag-abkuehlung-in-hamburg","9":"tag-baden-am-wochenende","10":"tag-baden-in-hamburg","11":"tag-baden-mit-kindern-hamburg","12":"tag-badesaison-hamburg-2025","13":"tag-badeseen-hamburg","14":"tag-badeseen-mit-guter-wasserqualitaet","15":"tag-badestellen-hamburg","16":"tag-badeverbot-blaualgen","17":"tag-blaualgen-hamburg","18":"tag-deutschland","19":"tag-freibad-oder-see-hamburg","20":"tag-freibaeder-hamburg","21":"tag-germany","22":"tag-hamburg","23":"tag-hamburg-badeseen-geoeffnet","24":"tag-hamburger-badeseen-tipps","25":"tag-naturbad-hamburg","26":"tag-oeffnungszeiten-badeseen-hamburg","27":"tag-schwimmen-in-hamburg","28":"tag-sichere-badestellen-hamburg","29":"tag-sommer-in-hamburg","30":"tag-wasserqualitaet-badeseen"},"share_on_mastodon":{"url":"","error":"Validation failed: Text character limit of 500 exceeded"},"_links":{"self":[{"href":"https:\/\/www.europesays.com\/de\/wp-json\/wp\/v2\/posts\/112501","targetHints":{"allow":["GET"]}}],"collection":[{"href":"https:\/\/www.europesays.com\/de\/wp-json\/wp\/v2\/posts"}],"about":[{"href":"https:\/\/www.europesays.com\/de\/wp-json\/wp\/v2\/types\/post"}],"author":[{"embeddable":true,"href":"https:\/\/www.europesays.com\/de\/wp-json\/wp\/v2\/users\/2"}],"replies":[{"embeddable":true,"href":"https:\/\/www.europesays.com\/de\/wp-json\/wp\/v2\/comments?post=112501"}],"version-history":[{"count":0,"href":"https:\/\/www.europesays.com\/de\/wp-json\/wp\/v2\/posts\/112501\/revisions"}],"wp:featuredmedia":[{"embeddable":true,"href":"https:\/\/www.europesays.com\/de\/wp-json\/wp\/v2\/media\/112502"}],"wp:attachment":[{"href":"https:\/\/www.europesays.com\/de\/wp-json\/wp\/v2\/media?parent=112501"}],"wp:term":[{"taxonomy":"category","embeddable":true,"href":"https:\/\/www.europesays.com\/de\/wp-json\/wp\/v2\/categories?post=112501"},{"taxonomy":"post_tag","embeddable":true,"href":"https:\/\/www.europesays.com\/de\/wp-json\/wp\/v2\/tags?post=112501"}],"curies":[{"name":"wp","href":"https:\/\/api.w.org\/{rel}","templated":true}]}}