{"id":112510,"date":"2025-05-15T12:34:11","date_gmt":"2025-05-15T12:34:11","guid":{"rendered":"https:\/\/www.europesays.com\/de\/112510\/"},"modified":"2025-05-15T12:34:11","modified_gmt":"2025-05-15T12:34:11","slug":"geschaeftsmann-in-berlin-vermisst-mutter-sucht-seit-wochen-nach-aleph-regional","status":"publish","type":"post","link":"https:\/\/www.europesays.com\/de\/112510\/","title":{"rendered":"Gesch\u00e4ftsmann in Berlin vermisst, Mutter sucht seit Wochen nach Aleph | Regional"},"content":{"rendered":"<p>Berlin \u2013 <b>Seit mehr als drei Wochen gibt es von Aleph Christian von Fellenberg (33) kein Lebenszeichen. Genauso lange hofft seine Mutter Marisol (54) ihn jeden Moment wohlauf in Berlin zu finden. Der deutsch-chilenische Gesch\u00e4ftsmann war am Ostersonntag spurlos in der Hauptstadt verschwunden. <\/b><\/p>\n<p>Jeden einzelnen Tag in diesen drei Wochen war die Geschichtsdozentin aus Chile in <a href=\"https:\/\/www.bild.de\/regional\/berlin\/berlin-regional\/home-15823246.bild.html\" class=\"text-link\" rel=\"nofollow noopener\" target=\"_blank\">Berlin<\/a> unterwegs, suchte verzweifelt nach ihrem <a href=\"https:\/\/www.bild.de\/news\/aktuelles\/vermisste-personen\/thema-vermisste-personen-alle-infos-80909876.bild.html?t_ref=https%253A%252F%252Fwww.google.com%252F\" class=\"text-link\" rel=\"nofollow noopener\" target=\"_blank\">vermissten <\/a>Sohn: auf Bahnh\u00f6fen, in Obdachlosenunterk\u00fcnften, Sp\u00e4tis, Parks. Sie hat sogar mit Dealern im G\u00f6rlitzer Park und an der Hasenheide gesprochen, ihnen Suchplakate in die H\u00e4nde gedr\u00fcckt. <\/p>\n<p><img decoding=\"async\" width=\"992\" height=\"558\" alt=\"Marisol Palma Behnke (54) vor dem Hotel am Berliner Gendarmenmarkt, aus dem ihr Sohn am 20. April verschwand\" src=\"https:\/\/www.europesays.com\/de\/wp-content\/uploads\/2025\/05\/f3a1db7efc526ec9d67811b17ba4127f,985e8599\"   class=\"landscape\" loading=\"lazy\"\/><\/p>\n<p class=\"fig__caption__text\">Marisol Palma Behnke (54) vor dem Hotel am Berliner Gendarmenmarkt, aus dem ihr Sohn am 20. April verschwand<\/p>\n<p>Foto: Timo Beurich <\/p>\n<p><b>Jetzt ist Marisol Palma Behnke an ihre psychischen Grenzen gelangt, sagt zu BILD: \u201eDiese Ungewissheit macht mich fertig, das ist ein Killer.\u201c Alles Menschenm\u00f6gliche hat sie getan: Freunde und Familie mobilisiert, Zeitungen, Fernsehen und soziale Medien eingebunden. <\/b><\/p>\n<p>Es gibt 5000 Euro Belohnung. Inzwischen ist sie aus einem Hotel in eine Wohnung gezogen. Freunde haben sie ihr zur Verf\u00fcgung gestellt. Die Suche kostet nicht nur Kraft, sondern auch Geld.<\/p>\n<p>Gesch\u00e4ftsmann aus Chile verschwand in Berlin<\/p>\n<p><a href=\"https:\/\/www.bild.de\/regional\/berlin\/vermisster-aleph-christian-irrt-er-orientierungslos-durch-berlin-680f46ad76624d7eb1257350\" class=\"text-link\" rel=\"nofollow noopener\" target=\"_blank\"><b>Am 20. April verschwand ihr Sohn<\/b><\/a><b>, der Besitzer einer Personalvermittlung in Chile und Kolumbien, aus seinem Hotelzimmer im Hilton am Gendarmenmarkt. Es war 23 Uhr, als er das Hotel verlie\u00df. <\/b><\/p>\n<p>Zwei Mobiltelefone, eine goldene Rolex, den deutschen und chilenischen Reisepass, 2000 Euro Bargeld und die Zimmerkarte lie\u00df er zur\u00fcck. Portemonnaie und Kreditkarten fehlen bis heute. <\/p>\n<p><img decoding=\"async\" width=\"992\" height=\"1405\" alt=\"Mit diesem Plakat wird ebenfalls nach dem vermissten Gesch\u00e4ftsmann gesucht\" src=\"https:\/\/www.europesays.com\/de\/wp-content\/uploads\/2025\/05\/c9b6cfb33ecf4b5de7160bf730cf174a,548fecac\"   class=\"dynamic\" loading=\"lazy\"\/><\/p>\n<p class=\"fig__caption__text\">Mit diesem Plakat wird ebenfalls nach dem vermissten Gesch\u00e4ftsmann gesucht<\/p>\n<p>Foto: privat<\/p>\n<p>Smartwatch an der Siegess\u00e4ule gefunden<\/p>\n<p><a href=\"https:\/\/www.bild.de\/regional\/berlin\/geschaeftsmann-in-berlin-vermisst-polizei-fand-seine-uhr-im-tiergarten-6815b577a00b894bdeeb60a7\" class=\"text-link\" rel=\"nofollow noopener\" target=\"_blank\"><b>Seine Smartwatch fanden Ermittler am 4. Mai an der Siegess\u00e4ule in Tiergarten.<\/b><\/a><b> Ist ihm dort etwas zugesto\u00dfen? Marisol glaubt immer noch, dass ihr Sohn sich in einer Notlage befindet, m\u00f6glicherweise unwissentlich unter Drogen gesetzt wurde.<\/b><\/p>\n<p><b>40 Hinweise zum Verbleib von Aleph Christian von Fellenberg sind bei der Vermisstenstelle des Landeskriminalamts (LKA) bisher eingegangen, eine konkrete Spur war nicht darunter. <\/b><\/p>\n<p>Vergangenen Freitag h\u00e4tten sich die Ermittler zuletzt bei der Mutter gemeldet. Sie sollen von der M\u00f6glichkeit gesprochen haben, dass ihr Sohn einem <a href=\"https:\/\/www.bild.de\/news\/aktuelles\/verbrechen\/verbrechen-alle-infos-78141902.bild.html?t_ref=https%253A%252F%252Fwww.google.com%252F\" class=\"text-link\" rel=\"nofollow noopener\" target=\"_blank\">Verbrechen<\/a> zum Opfer gefallen sein k\u00f6nnte. In einem solchen Fall w\u00fcrden die Fahnder die Ermittlungen an eine Mordkommission \u00fcbergeben. Das ist bisher aber noch nicht geschehen.<\/p>\n<p>Lesen Sie auchMutter erwartet mehr Unterst\u00fctzung von Polizei<\/p>\n<p>Noch immer wei\u00df Marisol nicht, ob Geld von den Konten ihres Sohnes abgehoben wurde. Familie und Freunde stehen ihr weiterhin bei, aber: \u201eVon der <a href=\"https:\/\/www.bild.de\/regional\/aktuelles\/polizei\/polizeieinsatz-alle-infos-76681760.bild.html\" class=\"text-link\" rel=\"nofollow noopener\" target=\"_blank\">Polizei<\/a> h\u00e4tte ich mehr Unterst\u00fctzung erwartet. Warum haben sie sein Hotelzimmer nicht zum Tatort erkl\u00e4rt?\u201c <\/p>\n<p><b>Sie will weiter k\u00e4mpfen: \u201eEin Mensch kann doch nicht einfach so verschwinden. Ich gebe die Hoffnung nicht auf, ihn zu finden.\u201c<\/b><\/p>\n","protected":false},"excerpt":{"rendered":"Berlin \u2013 Seit mehr als drei Wochen gibt es von Aleph Christian von Fellenberg (33) kein Lebenszeichen. Genauso&hellip;\n","protected":false},"author":2,"featured_media":112511,"comment_status":"","ping_status":"","sticky":false,"template":"","format":"standard","meta":{"footnotes":""},"categories":[1825],"tags":[296,29508,29,30,981,121,1918,45,120],"class_list":{"0":"post-112510","1":"post","2":"type-post","3":"status-publish","4":"format-standard","5":"has-post-thumbnail","7":"category-berlin","8":"tag-berlin","9":"tag-chile","10":"tag-deutschland","11":"tag-germany","12":"tag-mutter","13":"tag-polizei","14":"tag-sohn","15":"tag-texttospeech","16":"tag-vermisst"},"share_on_mastodon":{"url":"https:\/\/pubeurope.com\/@de\/114511876559653371","error":""},"_links":{"self":[{"href":"https:\/\/www.europesays.com\/de\/wp-json\/wp\/v2\/posts\/112510","targetHints":{"allow":["GET"]}}],"collection":[{"href":"https:\/\/www.europesays.com\/de\/wp-json\/wp\/v2\/posts"}],"about":[{"href":"https:\/\/www.europesays.com\/de\/wp-json\/wp\/v2\/types\/post"}],"author":[{"embeddable":true,"href":"https:\/\/www.europesays.com\/de\/wp-json\/wp\/v2\/users\/2"}],"replies":[{"embeddable":true,"href":"https:\/\/www.europesays.com\/de\/wp-json\/wp\/v2\/comments?post=112510"}],"version-history":[{"count":0,"href":"https:\/\/www.europesays.com\/de\/wp-json\/wp\/v2\/posts\/112510\/revisions"}],"wp:featuredmedia":[{"embeddable":true,"href":"https:\/\/www.europesays.com\/de\/wp-json\/wp\/v2\/media\/112511"}],"wp:attachment":[{"href":"https:\/\/www.europesays.com\/de\/wp-json\/wp\/v2\/media?parent=112510"}],"wp:term":[{"taxonomy":"category","embeddable":true,"href":"https:\/\/www.europesays.com\/de\/wp-json\/wp\/v2\/categories?post=112510"},{"taxonomy":"post_tag","embeddable":true,"href":"https:\/\/www.europesays.com\/de\/wp-json\/wp\/v2\/tags?post=112510"}],"curies":[{"name":"wp","href":"https:\/\/api.w.org\/{rel}","templated":true}]}}