{"id":112512,"date":"2025-05-15T12:35:13","date_gmt":"2025-05-15T12:35:13","guid":{"rendered":"https:\/\/www.europesays.com\/de\/112512\/"},"modified":"2025-05-15T12:35:13","modified_gmt":"2025-05-15T12:35:13","slug":"50-menschen-an-massenschlaegerei-beteiligt","status":"publish","type":"post","link":"https:\/\/www.europesays.com\/de\/112512\/","title":{"rendered":"50 Menschen an Massenschl\u00e4gerei beteiligt"},"content":{"rendered":"<p>Massenschl\u00e4gerei in Berlin <\/p>\n<p>50 Menschen pr\u00fcgeln sich in Gesundbrunnen<\/p>\n<p>Aktualisiert am 15.05.2025 &#8211; 13:56 UhrLesedauer: 1 Min.<\/p>\n<p><a href=\"#focus-0\" class=\"transition-colors duration-200 focus-within:text-magenta block text-current relative\" data-sctrack=\"FocusGalleryImage.Reference\"><img fetchpriority=\"high\" data-testid=\"Opener.Image\" style=\"--lqipURL:url('https:\/\/images.t-online.de\/2025\/05\/2hxZ3Zmsk-Ca\/803x493:2707x1523\/fit-in\/150x0\/filters:blur(25)\/einsatzwagen-der-polizei-berlin-mit-blaulicht-symbolbild.jpg')\"   loading=\"eager\" src=\"https:\/\/www.europesays.com\/de\/wp-content\/uploads\/2025\/05\/einsatzwagen-der-polizei-berlin-mit-blaulicht-symbolbild.jpg\" alt=\"imago images 0790461248\" title=\"imago images 0790461248\" width=\"2707\" height=\"1523\" class=\"bg-[url:var(--lqipURL)] bg-cover bg-center flex w-full max-w-full h-full\" decoding=\"async\"\/><img style=\"--width:32;--height:32\" loading=\"lazy\" src=\"https:\/\/www.europesays.com\/de\/wp-content\/uploads\/2025\/03\/zoom-in.f7dae02f.svg.svg+xml\" alt=\"Vergr\u00f6\u00dfern des Bildes\" title=\"Vergr\u00f6\u00dfern des Bildes\" class=\"&#10;        block&#10;        h-[calc(var(--height)_\/_16_*_1rem)]&#10;        w-[calc(var(--width)_\/_16_*_1rem)]&#10;        max-w-none&#10;        absolute bottom-8 right-8 rounded-4 bg-snow p-8\" decoding=\"async\"\/><\/a><\/p>\n<p>Einsatzwagen der Polizei Berlin mit Blaulicht (Symbolbild): Insgesamt gab es vier Festnahmen. (Quelle: IMAGO\/dts Nachrichtenagentur)<\/p>\n<p class=\"font-bold text-18 leading-17\">Aus bisher unbekannter Ursache haben sich in Berlin etwa 50 Menschen gepr\u00fcgelt. Die Polizei nahm einige Beteiligte fest, darunter auch Jugendliche.<\/p>\n<p class=\"text-18 leading-17\">In Berlin-Gesundbrunnen ist es am Mittwochabend zu einer <a class=\"transition-colors duration-200 cursor-pointer text-inherit no-underline text-salemsfur md:hover:text-magenta md:hover:border-magenta md:focus:text-magenta border-current border-b border-solid break-words\" href=\"https:\/\/www.t-online.de\/themen\/massenschlaegerei\/\" data-sctrack=\"BodyAnchor\" target=\"_blank\" rel=\"noopener\">Massenschl\u00e4gerei<\/a> gekommen. Laut Polizei waren rund 50 Personen an der gewaltt\u00e4tigen Auseinandersetzung in der Putbusser Stra\u00dfe beteiligt.<\/p>\n<p class=\"text-18 leading-17\">Gegen 21.30 Uhr alarmierten Anwohner die Einsatzkr\u00e4fte. Die Beteiligten sollen auch Schlagst\u00f6cke eingesetzt haben. Als die Polizei eintraf, fl\u00fcchteten alle Beteiligten.<\/p>\n<p class=\"text-18 leading-17\">Die Beamten konnten in der N\u00e4he des Tatorts vier Tatverd\u00e4chtige festnehmen. Dabei handelt es sich den Angaben zufolge um zwei Jugendliche im Alter von 14 und 15 Jahren sowie zwei M\u00e4nner im Alter von 38 und 44 Jahren. Nach Abschluss der polizeilichen Ma\u00dfnahmen wurden sie wieder entlassen.<\/p>\n<p class=\"text-18 leading-17\">Ein Fachkommissariat der Polizeidirektion 1 (Nord) hat die weiteren Ermittlungen wegen schweren Landfriedensbruchs \u00fcbernommen. Die Hintergr\u00fcnde der Auseinandersetzung sind noch unklar.<\/p>\n","protected":false},"excerpt":{"rendered":"Massenschl\u00e4gerei in Berlin 50 Menschen pr\u00fcgeln sich in Gesundbrunnen Aktualisiert am 15.05.2025 &#8211; 13:56 UhrLesedauer: 1 Min. Einsatzwagen&hellip;\n","protected":false},"author":2,"featured_media":112513,"comment_status":"","ping_status":"","sticky":false,"template":"","format":"standard","meta":{"footnotes":""},"categories":[1825],"tags":[722,17161,296,1950,29,8393,30,2787,5996,121],"class_list":{"0":"post-112512","1":"post","2":"type-post","3":"status-publish","4":"format-standard","5":"has-post-thumbnail","7":"category-berlin","8":"tag-722","9":"tag-17161","10":"tag-berlin","11":"tag-blaulicht","12":"tag-deutschland","13":"tag-einsatzwagen","14":"tag-germany","15":"tag-gesundbrunnen","16":"tag-massenschlaegerei","17":"tag-polizei"},"share_on_mastodon":{"url":"https:\/\/pubeurope.com\/@de\/114511880203315908","error":""},"_links":{"self":[{"href":"https:\/\/www.europesays.com\/de\/wp-json\/wp\/v2\/posts\/112512","targetHints":{"allow":["GET"]}}],"collection":[{"href":"https:\/\/www.europesays.com\/de\/wp-json\/wp\/v2\/posts"}],"about":[{"href":"https:\/\/www.europesays.com\/de\/wp-json\/wp\/v2\/types\/post"}],"author":[{"embeddable":true,"href":"https:\/\/www.europesays.com\/de\/wp-json\/wp\/v2\/users\/2"}],"replies":[{"embeddable":true,"href":"https:\/\/www.europesays.com\/de\/wp-json\/wp\/v2\/comments?post=112512"}],"version-history":[{"count":0,"href":"https:\/\/www.europesays.com\/de\/wp-json\/wp\/v2\/posts\/112512\/revisions"}],"wp:featuredmedia":[{"embeddable":true,"href":"https:\/\/www.europesays.com\/de\/wp-json\/wp\/v2\/media\/112513"}],"wp:attachment":[{"href":"https:\/\/www.europesays.com\/de\/wp-json\/wp\/v2\/media?parent=112512"}],"wp:term":[{"taxonomy":"category","embeddable":true,"href":"https:\/\/www.europesays.com\/de\/wp-json\/wp\/v2\/categories?post=112512"},{"taxonomy":"post_tag","embeddable":true,"href":"https:\/\/www.europesays.com\/de\/wp-json\/wp\/v2\/tags?post=112512"}],"curies":[{"name":"wp","href":"https:\/\/api.w.org\/{rel}","templated":true}]}}