{"id":1125120,"date":"2026-06-27T06:54:26","date_gmt":"2026-06-27T06:54:26","guid":{"rendered":"https:\/\/www.europesays.com\/de\/1125120\/"},"modified":"2026-06-27T06:54:26","modified_gmt":"2026-06-27T06:54:26","slug":"ukraine-news-marschflugkoerper-angriff-auf-ruestungsfabrik-in-wolgograd","status":"publish","type":"post","link":"https:\/\/www.europesays.com\/de\/1125120\/","title":{"rendered":"Ukraine-News: Marschflugk\u00f6rper-Angriff auf R\u00fcstungsfabrik in Wolgograd"},"content":{"rendered":"<p>        <img decoding=\"async\" src=\"https:\/\/www.europesays.com\/de\/wp-content\/uploads\/2026\/06\/flamingo-marschflugkoerper-100.webp\" alt=\"Arbeiter inspizieren Flamingo-Marschflugk\u00f6rper in der geheimen Fabrik von Fire Point.\" title=\"Arbeiter inspizieren Flamingo-Marschflugk\u00f6rper in der geheimen Fabrik von Fire Point. (Archivbild) | picture alliance\/dpa\/AP | Efrem Lukatsky\" class=\"responsive\"\/><\/p>\n<p class=\"topline\">Ukraine-News<\/p>\n<p class=\"author\">von MDR AKTUELL<\/p>\n<p>\n                Stand: 27.06.2026 08:51 Uhr<\/p>\n<p>\n        08:50 Uhr\n    <\/p>\n<p>    Marschflugk\u00f6rper-Angriff auf Fabrik in Wolgograd<\/p>\n<p class=\"\">Die Ukraine hat nach russischen Beh\u00f6rdenangaben Industrieanlagen im s\u00fcdrussischen Wolgograd angegriffen. Wie Gouverneur Andrej Botscharow bei Telegram schrieb, wurden mindestens zehn Menschen verletzt und die Produktionsanlagen eines Betriebs besch\u00e4digt. Mehrere lokale Br\u00e4nde seien gel\u00f6scht worden. Zum Einsatz kamen demnach &#8222;Flugobjekte mit Hochgeschwindigkeit&#8220;. Genauere Angaben zum getroffenen Unternehmen machte Botscharow nicht. Russischen und ukrainischen Medienberichten zufolge handelt es sich um die R\u00fcstungsfabrik Titan-Barrikady. Das Internetportal &#8222;Astra&#8220; berichtete von Rauchwolken \u00fcber der Fabrik. Die Schl\u00e4ge seien mit Marschflugk\u00f6rpern &#8222;Flamingo&#8220; gef\u00fchrt worden. Titan-Barrikady stellt Komponenten f\u00fcr die Raketenkomplexe Iskander, Jars und Topol-M her. (Quelle: dpa)<\/p>\n<p>\n        03:24 Uhr\n    <\/p>\n<p>    Tote nach Drohnenangriffen in Dnipropetrowsk und Sumy<\/p>\n<p class=\"\">Bei russischen Drohnenangriffen gegen die ukrainischen Regionen Dnipropetrowsk und Sumy sind nach offiziellen Angaben drei Menschen ums Leben gekommen. In der Stadt Nikopol seien beim Angriff auf einen Kleinbus zwei Menschen gestorben, zw\u00f6lf weitere seien verletzt worden, teilte die Regionalregierung mit. Ein Mann kam in der Grenzregion Sumy bei einem weiteren Drohnenangriff ums Leben. Zudem wurden in der s\u00fcd\u00f6stlichen Region Saporischschja zwei Menschen durch russische Drohnen verletzt. (Quelle: Reuters)<\/p>\n<p>\n        00:05 Uhr\n    <\/p>\n<p>    Die Ereignisse gestern \u2013 26. Juni 2026<\/p>\n<p class=\"\">Die Ukraine hat Russland Vorschl\u00e4ge f\u00fcr Verhandlungen und eine m\u00f6gliche Friedensl\u00f6sung \u00fcbermittelt. Pr\u00e4sident Wolodymyr Selenskyj erkl\u00e4rte, die Vertrauten von Kremlchef Wladimir Putin h\u00e4tten von ukrainischer Seite erfahren, dass ein Treffen und ein Ende des Krieges m\u00f6glich seien. Weitere Einzelheiten nannte er nicht.<\/p>\n<p class=\"\">Die EU-Kommission will ukrainische M\u00e4nner im wehrf\u00e4higen Alter von einem automatischen Anspruch auf Schutz in der EU ausschlie\u00dfen, wenn sie gegen das Ausreiseverbot versto\u00dfen haben. Die Ukraine habe die Kommission um diesen Schritt gebeten, erl\u00e4uterte EU-Innenkommissar Magnus Brunnerl. In der Ukraine gilt wegen des russischen Angriffskriegs derzeit ein Ausreiseverbot f\u00fcr M\u00e4nner im Alter von 23 bis 60 Jahren.<\/p>\n<p>        <a href=\"https:\/\/www.mdr.de\/nachrichten\/app-aktuell\/audio-3322688.html\" aria-label=\"Zum Audiobeitrag (1 Min): EU will wehrf\u00e4higen Ukrainern Flucht vor Krieg erschweren\" rel=\"nofollow noopener\" target=\"_blank\"><\/p>\n<p>        <img decoding=\"async\" src=\"https:\/\/www.europesays.com\/de\/wp-content\/uploads\/2026\/06\/logomdraktuell-102.webp\" alt=\"Logo der H\u00f6rfunkwelle MDR AKTUELL\" title=\"Logo der H\u00f6rfunkwelle MDR AKTUELL | MITTELDEUTSCHER RUNDFUNK\" class=\"responsive\" loading=\"lazy\"\/><\/p>\n<p>        <\/a><\/p>\n<p class=\"\">Die Ukraine hat Russland massiv mit Drohnen angegriffen. Moskau erkl\u00e4rte, die russische Luftabwehr habe insgesamt 660 ukrainische Drohnen abgeschossen. Betroffen gewesen seien unter anderem die Region Moskau und die annektierte Halbinsel Krim. Die Zahl der abgeschossenen Drohnen ist eine der h\u00f6chsten seit Beginn des Konflikts.<\/p>\n<p>        <a href=\"https:\/\/www.mdr.de\/nachrichten\/welt\/politik\/audio-3322532.html\" aria-label=\"Zum Audiobeitrag (1 Min): Massiver ukrainischer Drohnenangriff auf Russland\" rel=\"nofollow noopener\" target=\"_blank\"><\/p>\n<p>        <img decoding=\"async\" src=\"https:\/\/www.europesays.com\/de\/wp-content\/uploads\/2026\/06\/ukraine-drohnenangriff-moskau-100.webp\" alt=\"Ein Wachtum des Kreml (l) und das Au\u00dfenministerium (M, Hintergrund) stehen im Zentrum der Hauptstadt.\" title=\"Ein Wachtum des Kreml (l) und das Au\u00dfenministerium (M, Hintergrund) stehen im Zentrum der Hauptstadt. | Ulf Mauder\" class=\"responsive\" loading=\"lazy\"\/><\/p>\n<p>        <\/a><\/p>\n<p>\n        00:00 Uhr\n    <\/p>\n<p>    Ukraine-News am Samstag, 27. Juni 2026<\/p>\n<p class=\"\">Guten Tag! In unseren Ukraine-News halten wir Sie weiterhin \u00fcber die Entwicklungen im Krieg gegen die Ukraine auf dem aktuellen Stand. Alle wichtigen Nachrichten dazu erscheinen hier im Lauf des Tages.<\/p>\n<p class=\"\">Die Berichterstattung \u00fcber den Russland-Ukraine-Krieg ist komplex. Angaben zu Kriegsverlauf, Beschuss und Opfern durch offizielle Stellen der russischen und der ukrainischen Konfliktparteien k\u00f6nnen in der aktuellen Lage nicht unmittelbar von unabh\u00e4ngiger Stelle \u00fcberpr\u00fcft werden. Es gibt eine Vielzahl von Medienvertretern vor Ort, darunter auch unabh\u00e4ngige Journalisten aus verschiedenen L\u00e4ndern. Bei der Bewertung von Informationen sind verschiedene Quellen und eine kritische Haltung unerl\u00e4sslich, um ein m\u00f6glichst umfassendes Bild zu erhalten. Alles das ber\u00fccksichtigt der MDR in seinen Berichten \u00fcber den Russland-Ukraine-<a name=\"Krieg\">Krieg<\/a>.<\/p>\n<p>        <img decoding=\"async\" src=\"https:\/\/www.europesays.com\/de\/wp-content\/uploads\/2026\/06\/ukraine-276.webp\" alt=\"Rettungskr\u00e4fte beseitigen Tr\u00fcmmer und suchen nach Menschen in einem Wohnblock, der von einer Rakete getroffen wurde.\" title=\"Rettungskr\u00e4fte beseitigen Tr\u00fcmmer und suchen nach Menschen in einem Wohnblock, der von einer Rakete getroffen wurde. | picture alliance\/dpa\/Ukrinform | -\" class=\"responsive\" loading=\"lazy\"\/><\/p>\n<p>Nachrichten und Hintergr\u00fcnde<\/p>\n<p>Am 24. Februar 2022 hat Russland die Ukraine \u00fcberfallen. Doch die ukrainische Armee kann sich halten und konnte Gebiete zur\u00fcckerobern, der Westen unterst\u00fctzt sie. Aktuelle Nachrichten und Hintergr\u00fcnde.<\/p>\n<p>        <a href=\"https:\/\/www.mdr.de\/nachrichten\/podcast\/general\" aria-label=\"Zum Podcast: Was tun, Herr General? \u2013 der Podcast\" rel=\"nofollow noopener\" target=\"_blank\"><\/p>\n<p>        <img decoding=\"async\" src=\"https:\/\/www.europesays.com\/de\/wp-content\/uploads\/2026\/06\/podcast-cover-was-tun-herr-general-100.webp\" alt=\"Der fr\u00fchere NATO-General und Generalleutnant a.D. Erhard B\u00fchler\" title=\"Der fr\u00fchere NATO-General und Generalleutnant a.D. Erhard B\u00fchler | MDR \/ Erhard B\u00fchler \" class=\"responsive\" loading=\"lazy\"\/><\/p>\n<p>        <\/a><\/p>\n<p>Welche Strategien verfolgen die russische Angreifer, welche die ukrainischen Verteidiger? Einsch\u00e4tzungen zu milit\u00e4rischen Aspekten des Ukraine-Kriegs vom ehemaligen Nato-General Erhard B\u00fchler.<\/p>\n<p>        <a href=\"https:\/\/www.mdr.de\/nachrichten\/podcast\/ukrainekrieg\" aria-label=\"Zum Podcast: Putins Krieg \u2013 die Hintergr\u00fcnde\" rel=\"nofollow noopener\" target=\"_blank\"><\/p>\n<p>        <img decoding=\"async\" src=\"https:\/\/www.europesays.com\/de\/wp-content\/uploads\/2026\/06\/podcast-putins-krieg-100.webp\" alt=\"Podcast Putins Krieg\" title=\"Podcast Putins Krieg | dpa\/MDR\" class=\"responsive\" loading=\"lazy\"\/><\/p>\n<p>        <\/a><\/p>\n<p>Russland f\u00fchrt Krieg gegen die Ukraine. In diesem Podcast b\u00fcndeln wir Interviews und Berichte rund um den Ukraine-Krieg.<\/p>\n","protected":false},"excerpt":{"rendered":"Ukraine-News von MDR AKTUELL Stand: 27.06.2026 08:51 Uhr 08:50 Uhr Marschflugk\u00f6rper-Angriff auf Fabrik in Wolgograd Die Ukraine hat&hellip;\n","protected":false},"author":2,"featured_media":1125121,"comment_status":"","ping_status":"","sticky":false,"template":"","format":"standard","meta":{"footnotes":"","_share_on_mastodon":"0"},"categories":[4012],"tags":[331,332,6886,10068,13,4046,14,15,307,12,11904,12219,317],"class_list":["post-1125120","post","type-post","status-publish","format-standard","has-post-thumbnail","category-ukraine","tag-aktuelle-nachrichten","tag-aktuelle-news","tag-dnipro","tag-drohnen","tag-headlines","tag-krieg","tag-nachrichten","tag-news","tag-russland","tag-schlagzeilen","tag-sumy","tag-tote","tag-ukraine"],"share_on_mastodon":{"url":"https:\/\/pubeurope.com\/@de\/116820763238268138","error":""},"_links":{"self":[{"href":"https:\/\/www.europesays.com\/de\/wp-json\/wp\/v2\/posts\/1125120","targetHints":{"allow":["GET"]}}],"collection":[{"href":"https:\/\/www.europesays.com\/de\/wp-json\/wp\/v2\/posts"}],"about":[{"href":"https:\/\/www.europesays.com\/de\/wp-json\/wp\/v2\/types\/post"}],"author":[{"embeddable":true,"href":"https:\/\/www.europesays.com\/de\/wp-json\/wp\/v2\/users\/2"}],"replies":[{"embeddable":true,"href":"https:\/\/www.europesays.com\/de\/wp-json\/wp\/v2\/comments?post=1125120"}],"version-history":[{"count":0,"href":"https:\/\/www.europesays.com\/de\/wp-json\/wp\/v2\/posts\/1125120\/revisions"}],"wp:featuredmedia":[{"embeddable":true,"href":"https:\/\/www.europesays.com\/de\/wp-json\/wp\/v2\/media\/1125121"}],"wp:attachment":[{"href":"https:\/\/www.europesays.com\/de\/wp-json\/wp\/v2\/media?parent=1125120"}],"wp:term":[{"taxonomy":"category","embeddable":true,"href":"https:\/\/www.europesays.com\/de\/wp-json\/wp\/v2\/categories?post=1125120"},{"taxonomy":"post_tag","embeddable":true,"href":"https:\/\/www.europesays.com\/de\/wp-json\/wp\/v2\/tags?post=1125120"}],"curies":[{"name":"wp","href":"https:\/\/api.w.org\/{rel}","templated":true}]}}