{"id":1125175,"date":"2026-06-27T07:27:16","date_gmt":"2026-06-27T07:27:16","guid":{"rendered":"https:\/\/www.europesays.com\/de\/1125175\/"},"modified":"2026-06-27T07:27:16","modified_gmt":"2026-06-27T07:27:16","slug":"ab-2-juli-vodafone-baut-fuer-mehrere-wochen-in-fellbach-nutzer-eingeschraenkt-nachrichten-aus-fellbach","status":"publish","type":"post","link":"https:\/\/www.europesays.com\/de\/1125175\/","title":{"rendered":"Ab 2. Juli: Vodafone baut f\u00fcr mehrere Wochen in Fellbach &#8211; Nutzer eingeschr\u00e4nkt &#8211; Nachrichten aus Fellbach"},"content":{"rendered":"<p><strong>Fellbach. <\/strong> Vodafone wird in Fellbach Bauarbeiten durchf\u00fchren, weshalb es zu Einschr\u00e4nkungen kommen soll, wie das Unternehmen jetzt mitteilt. An einer \u00f6rtlichen Mobilfunkstation sollen Modernisierungen vorgenommen werden. Der Netzbetreiber und Mobilfunkanbieter will laut eigenen Aussagen die Breitbandkapazit\u00e4ten in seinem Mobilfunknetz verst\u00e4rken, denn die Nachfrage nach schnellem mobilen Internet sei im Rems-Murr-Kreis gestiegen.<\/p>\n<p>Die Bauma\u00dfnahme in Fellbach soll laut<\/p>\n","protected":false},"excerpt":{"rendered":"Fellbach. Vodafone wird in Fellbach Bauarbeiten durchf\u00fchren, weshalb es zu Einschr\u00e4nkungen kommen soll, wie das Unternehmen jetzt mitteilt.&hellip;\n","protected":false},"author":2,"featured_media":1125176,"comment_status":"","ping_status":"","sticky":false,"template":"","format":"standard","meta":{"footnotes":"","_share_on_mastodon":"0"},"categories":[1830],"tags":[1634,3364,29,6725,30,48854,1441,191400,18098],"class_list":["post-1125175","post","type-post","status-publish","format-standard","has-post-thumbnail","category-stuttgart","tag-baden-wuerttemberg","tag-de","tag-deutschland","tag-fellbach","tag-germany","tag-mobilfunknetz","tag-stuttgart","tag-un_was-gibt-es-neues","tag-vodafone"],"share_on_mastodon":{"url":"https:\/\/pubeurope.com\/@de\/116820892007230715","error":""},"_links":{"self":[{"href":"https:\/\/www.europesays.com\/de\/wp-json\/wp\/v2\/posts\/1125175","targetHints":{"allow":["GET"]}}],"collection":[{"href":"https:\/\/www.europesays.com\/de\/wp-json\/wp\/v2\/posts"}],"about":[{"href":"https:\/\/www.europesays.com\/de\/wp-json\/wp\/v2\/types\/post"}],"author":[{"embeddable":true,"href":"https:\/\/www.europesays.com\/de\/wp-json\/wp\/v2\/users\/2"}],"replies":[{"embeddable":true,"href":"https:\/\/www.europesays.com\/de\/wp-json\/wp\/v2\/comments?post=1125175"}],"version-history":[{"count":0,"href":"https:\/\/www.europesays.com\/de\/wp-json\/wp\/v2\/posts\/1125175\/revisions"}],"wp:featuredmedia":[{"embeddable":true,"href":"https:\/\/www.europesays.com\/de\/wp-json\/wp\/v2\/media\/1125176"}],"wp:attachment":[{"href":"https:\/\/www.europesays.com\/de\/wp-json\/wp\/v2\/media?parent=1125175"}],"wp:term":[{"taxonomy":"category","embeddable":true,"href":"https:\/\/www.europesays.com\/de\/wp-json\/wp\/v2\/categories?post=1125175"},{"taxonomy":"post_tag","embeddable":true,"href":"https:\/\/www.europesays.com\/de\/wp-json\/wp\/v2\/tags?post=1125175"}],"curies":[{"name":"wp","href":"https:\/\/api.w.org\/{rel}","templated":true}]}}