{"id":112520,"date":"2025-05-15T12:39:08","date_gmt":"2025-05-15T12:39:08","guid":{"rendered":"https:\/\/www.europesays.com\/de\/112520\/"},"modified":"2025-05-15T12:39:08","modified_gmt":"2025-05-15T12:39:08","slug":"fernsehen-zwei-deutsche-privatsender-rutschen-im-ersten-quartal-ins-minus","status":"publish","type":"post","link":"https:\/\/www.europesays.com\/de\/112520\/","title":{"rendered":"Fernsehen: Zwei deutsche Privatsender rutschen im ersten Quartal ins Minus"},"content":{"rendered":"<p class=\"paragraph article__item\">Die beiden gr\u00f6\u00dften deutschen TV-Privatsender haben inmitten der Konjunkturflaute zum Anfang des Jahres ein Umsatzminus verzeichnet. Beim Medienkonzern ProSiebenSat.1 stand am Ende des ersten Quartals 2025 bereinigt ein Verlust von 14 Millionen Euro zu Buche, nachdem man ein Jahr zuvor noch einen Gewinn von 8 Millionen Euro hatte verzeichnen k\u00f6nnen. Der Konzernumsatz fiel entsprechend um 1,3 Prozent auf 855 Millionen Euro.\n<\/p>\n<p class=\"paragraph article__item\">Der Vorstand best\u00e4tigte dennoch die Prognose f\u00fcr das laufende Jahr. ProSiebenSat.1-Chef Bert Habets zufolge peilt das Unternehmen f\u00fcr 2025 einen Gewinn von 3,85 Milliarden Euro bei einer Abweichung von plus\/minus 150 Millionen Euro an. Das operative Ergebnis, welches f\u00fcr die tats\u00e4chliche wirtschaftliche Lage eines Unternehmens in der Regel aussagekr\u00e4ftiger ist, d\u00fcrfe rund 520 Millionen Euro betragen.\n<\/p>\n<p>        Machtkampf bei ProSiebenSat.1        <\/p>\n<p class=\"paragraph article__item\">Die Konjunktur sei weiterhin eine Herausforderung f\u00fcr den Sender, sagte Finanzchef Martin Mildner. Man gehe aber davon aus, im zweiten Halbjahr auch bei den Werbeerl\u00f6sen wieder zu wachsen. Diese waren im ersten Quartal um f\u00fcnf Prozent gesunken. Die Streamingplattform Joyn, Hoffnungstr\u00e4ger des Konzerns, legte<br \/>\nbei vermarktbarer Reichweite und Verweildauer der Nutzerinnen und Nutzer hingegen zu.\n<\/p>\n<p class=\"paragraph article__item\">Innerhalb des Senders herrscht derweil ein Machtkampf zwischen den Gro\u00dfaktion\u00e4ren. Der von der italienischen Unternehmerfamilie Berlusconi kontrollierte MediaForEurope-Konzern (MFE) m\u00f6chte seinen Anteil an ProSiebenSat.1 auf 30 Prozent erh\u00f6hen und bietet verkaufswilligen Aktion\u00e4ren 4,48 Euro je Aktie plus Anteile an MFE. Die tschechische Unternehmensgruppe PPF hat ebenfalls ein \u00f6ffentliches Angebot abgegeben: Sie will bis zu 7 Euro pro Aktie zahlen. Der Vorstand hat die PPF-Offerte begr\u00fc\u00dft und sich zu dem MFE-Angebot nicht ge\u00e4u\u00dfert.\n<\/p>\n<p>        Verluste auch bei RTL        <\/p>\n<p class=\"paragraph article__item\">Auch beim direkten Konkurrenten <a class=\"rtr-entity\" href=\"https:\/\/www.zeit.de\/thema\/rtl\" target=\"_blank\" rel=\"noopener\">RTL<\/a> sorgte die Konjunktur- und Werbeflaute f\u00fcr rote Zahlen. Im ersten Quartal sank der Unternehmensumsatz um zwei Prozent auf 1,29 Milliarden Euro, wie die RTL Group mitteilte. Auch das schwache Gesch\u00e4ft der Produktionstochter Fremantle, welche ein Minus von 5,6 Prozent verzeichnete, belastete demnach den Umsatz des Fernsehkonzerns.\u00a0\u00a0\n<\/p>\n<p>                            \u00a9\u00a0ZEIT ONLINE<\/p>\n<p>\n                    Newsletter<\/p>\n<p>                    Nat\u00fcrlich intelligent<\/p>\n<p class=\"newsletter-signup__text\">K\u00fcnstliche Intelligenz ist die wichtigste Technologie unserer Zeit. Aber auch ein riesiger Hype. Wie man echte Durchbr\u00fcche von hohlen Versprechungen unterscheidet, lesen Sie in unserem KI-Newsletter.<\/p>\n<p class=\"newsletter-signup__datapolicy\" hidden=\"\">\n            Mit Ihrer Registrierung nehmen Sie die <a href=\"https:\/\/datenschutz.zeit.de\/zon#Newsletter\" target=\"_blank\" rel=\"noopener\">Datenschutzerkl\u00e4rung<\/a><br \/>\n     zur Kenntnis.\n        <\/p>\n<p>    Vielen Dank! Wir haben Ihnen eine E-Mail geschickt.<\/p>\n<p>Pr\u00fcfen Sie Ihr Postfach und best\u00e4tigen Sie das Newsletter-Abonnement.<\/p>\n<p class=\"paragraph article__item\">Wie ProSiebenSat.1 h\u00e4lt auch RTL weiter an seinen Zielen f\u00fcr das laufende Jahr fest. Der Konzern peilt einen Umsatz von 6,45 Milliarden Euro an. F\u00fcr 2025 soll das operative Ergebnis 780 Millionen Euro betragen.\u00a0 <\/p>\n<p>                        Das Streaming soll es richten        <\/p>\n<p class=\"paragraph article__item\">Diese Zahlen will RTL vor allem durch das Streaminggesch\u00e4ft erreichen. Im Gegensatz zum linearen Fernsehen legten die Werbeerl\u00f6se aus dem Streaming im ersten Quartal um 29 Prozent zu, auch die Zahl der Streaming-Abonnenten stieg an. &#8222;Wir sind auf dem besten Weg, im Jahr 2026 im Streaming-Gesch\u00e4ft profitabel zu werden&#8220;, sagte RTL-Chef Thomas Rabe.\n<\/p>\n<p class=\"paragraph article__item\">Sollten sich die Erl\u00f6se nicht wie erhofft entwickeln, werde man reagieren, sagte Rabe weiter: &#8222;Sollten die Werbeeinnahmen in den kommenden Monaten hinter den Erwartungen zur\u00fcckbleiben, w\u00fcrden wir entsprechend Kosten senken.&#8220; Man sei aber zuversichtlich, dass sich die von der Bundesregierung angek\u00fcndigten Ma\u00dfnahmen mittelfristig positiv auf das Bruttoinlandsprodukt, den privaten Konsum und die Werbeausgaben auswirken werden.\n<\/p>\n<p>            Privatfernsehen        <\/p>\n<p>Mehr zum Thema<\/p>\n<p>                <a href=\"https:\/\/www.zeit.de\/kultur\/2025-05\/stefan-raab-show-abgesetzt-rtl-du-gewinnst-hier-nicht-die-million-karriere\" data-ct-label=\"Stefan Raab: Was nun, Stefan Raab?\" target=\"_blank\" rel=\"noopener\"><\/p>\n<p>                        Stefan Raab:<br \/>\n                        Was nun, Stefan Raab?<\/p>\n<p>                <\/a><\/p>\n<p>                <a href=\"https:\/\/www.zeit.de\/zeit-magazin\/unterhaltung\/2025-05\/nadja-abd-el-farrag-naddel-tot-dieter-bohlen\" data-ct-label=\"Nadja Abd el Farrag: Die Frau ohne Nachnamen\" target=\"_blank\" rel=\"noopener\"><\/p>\n<p>        Z+ (abopflichtiger Inhalt);<\/p>\n<p>    Nadja Abd el Farrag:<br \/>\n                        Die Frau ohne Nachnamen<\/p>\n<p>                <\/a><\/p>\n<p>                <a href=\"https:\/\/www.zeit.de\/kultur\/film\/2022-12\/die-simpsons-neue-folgen-kalle-guckt\" data-ct-label=\"&quot;Die Simpsons&quot;: Ja, die gibt es immer noch\" target=\"_blank\" rel=\"noopener\"><\/p>\n<p>                        &#8222;Die Simpsons&#8220;:<br \/>\n                        Ja, die gibt es immer noch<\/p>\n<p>                <\/a><\/p>\n","protected":false},"excerpt":{"rendered":"Die beiden gr\u00f6\u00dften deutschen TV-Privatsender haben inmitten der Konjunkturflaute zum Anfang des Jahres ein Umsatzminus verzeichnet. Beim Medienkonzern&hellip;\n","protected":false},"author":2,"featured_media":112521,"comment_status":"","ping_status":"","sticky":false,"template":"","format":"standard","meta":{"footnotes":""},"categories":[1773],"tags":[29,214,441,9973,30,10268,80,43223,1307,640,471,1780,215],"class_list":{"0":"post-112520","1":"post","2":"type-post","3":"status-publish","4":"format-standard","5":"has-post-thumbnail","7":"category-serien","8":"tag-deutschland","9":"tag-entertainment","10":"tag-fernsehen","11":"tag-fernsehserie","12":"tag-germany","13":"tag-konjunktur","14":"tag-kultur","15":"tag-medienbranche","16":"tag-prosieben","17":"tag-rtl","18":"tag-serien","19":"tag-series","20":"tag-unterhaltung"},"share_on_mastodon":{"url":"https:\/\/pubeurope.com\/@de\/114511895769710605","error":""},"_links":{"self":[{"href":"https:\/\/www.europesays.com\/de\/wp-json\/wp\/v2\/posts\/112520","targetHints":{"allow":["GET"]}}],"collection":[{"href":"https:\/\/www.europesays.com\/de\/wp-json\/wp\/v2\/posts"}],"about":[{"href":"https:\/\/www.europesays.com\/de\/wp-json\/wp\/v2\/types\/post"}],"author":[{"embeddable":true,"href":"https:\/\/www.europesays.com\/de\/wp-json\/wp\/v2\/users\/2"}],"replies":[{"embeddable":true,"href":"https:\/\/www.europesays.com\/de\/wp-json\/wp\/v2\/comments?post=112520"}],"version-history":[{"count":0,"href":"https:\/\/www.europesays.com\/de\/wp-json\/wp\/v2\/posts\/112520\/revisions"}],"wp:featuredmedia":[{"embeddable":true,"href":"https:\/\/www.europesays.com\/de\/wp-json\/wp\/v2\/media\/112521"}],"wp:attachment":[{"href":"https:\/\/www.europesays.com\/de\/wp-json\/wp\/v2\/media?parent=112520"}],"wp:term":[{"taxonomy":"category","embeddable":true,"href":"https:\/\/www.europesays.com\/de\/wp-json\/wp\/v2\/categories?post=112520"},{"taxonomy":"post_tag","embeddable":true,"href":"https:\/\/www.europesays.com\/de\/wp-json\/wp\/v2\/tags?post=112520"}],"curies":[{"name":"wp","href":"https:\/\/api.w.org\/{rel}","templated":true}]}}