{"id":1125373,"date":"2026-06-27T09:23:27","date_gmt":"2026-06-27T09:23:27","guid":{"rendered":"https:\/\/www.europesays.com\/de\/1125373\/"},"modified":"2026-06-27T09:23:27","modified_gmt":"2026-06-27T09:23:27","slug":"hitzewelle-in-deutschland-autobahnen-platzen-auf-festival-abgesagt","status":"publish","type":"post","link":"https:\/\/www.europesays.com\/de\/1125373\/","title":{"rendered":"Hitzewelle in Deutschland: Autobahnen platzen auf \u2013 Festival abgesagt"},"content":{"rendered":"<p>Extremwetter in Deutschland <\/p>\n<p>Bahnunternehmen stellt alle Regionalz\u00fcge ein<\/p>\n<ul class=\"grid grid-flow-col gap-4\" aria-label=\"Autorenbilder\">\n<li class=\"leading-0\"><img data-tb-author-image=\"\"  loading=\"lazy\" src=\"https:\/\/www.europesays.com\/de\/wp-content\/uploads\/2026\/01\/matti-hartmann.jpg\" alt=\"Matti Hartmann\" title=\"Matti Hartmann\" width=\"40\" height=\"40\" class=\"\" decoding=\"async\"\/><\/li>\n<li class=\"leading-0\"><img data-tb-author-image=\"\"  loading=\"lazy\" src=\"https:\/\/www.europesays.com\/de\/wp-content\/uploads\/2026\/05\/1779819472_857_image.jpg\" alt=\"\" title=\"\" width=\"40\" height=\"40\" class=\"\" decoding=\"async\"\/><\/li>\n<\/ul>\n<p>Aktualisiert am 27.06.2026 &#8211; 11:12 UhrLesedauer: 24 Min.<\/p>\n<p><a href=\"#focus-0\" class=\"transition-colors block text-current relative\" data-sctrack=\"FocusGalleryImage.Reference\"><img fetchpriority=\"high\" data-testid=\"Opener.Image\"   loading=\"eager\" src=\"https:\/\/www.europesays.com\/de\/wp-content\/uploads\/2026\/06\/hauptstrecken-durch-das-ruhrgebiet-die-eisenbahnlinie-zwischen-essen-und-dortmund-durchquert-hier-im.jpeg\" alt=\"imago images 0853271757\" title=\"imago images 0853271757\" width=\"5472\" height=\"3078\" class=\"bg-[url:var(--lqipURL)] bg-cover bg-center flex h-full w-full max-w-full\" style=\"--lqipURL:url('https:\/\/images.t-online.de\/2026\/06\/21NY2EPJ7AgY\/0x285:5472x3078\/fit-in\/150x0\/filters:blur(25)\/hauptstrecken-durch-das-ruhrgebiet-die-eisenbahnlinie-zwischen-essen-und-dortmund-durchquert-hier-im-bereich-des-essener-ortsteils-kray-nahe-wattenscheid-das-ruhrgebiet-essen-nordrhein-westfalen-deutschland-wattenscheider-strecke-main-lines-through-the-ruhr-region-the-railroad-line-between-essen-and-dortmund-crosses-the-ruhr-region-here-in-the-essen-district-of-kray-near-wattenscheid-essen-north-rhine-westphalia-germany-wattenscheid-line.jpg')\" decoding=\"async\"\/><img loading=\"lazy\" src=\"https:\/\/www.t-online.de\/s\/paper\/_next\/static\/media\/zoom-in.f7dae02f.svg\" alt=\"Vergr\u00f6\u00dfern des Bildes\" title=\"Vergr\u00f6\u00dfern des Bildes\" class=\"block h-[calc(var(--height)_\/_16_*_1rem)] w-[calc(var(--width)_\/_16_*_1rem)] max-w-none absolute right-8 bottom-8 rounded-4 bg-snow p-8\" style=\"--width:32;--height:32\" decoding=\"async\"\/><\/a><\/p>\n<p>Ein Regionalzug im Ruhrgebiet (Symbolbild): Das Bahnunternehmen National Express streich wegen der Hitze viele Zuglinine. (Quelle: IMAGO\/Gottfried Czepluch\/imago)<\/p>\n<p class=\"text-center\">Jetzt neu bei t-online:<\/p>\n<p class=\"text-center\">Schriftgr\u00f6\u00dfe anpassen!<\/p>\n<p><img loading=\"lazy\" src=\"https:\/\/www.t-online.de\/s\/paper\/_next\/static\/media\/font-sizes.32942e33.svg\" alt=\"\" title=\"\" class=\"block h-[calc(var(--height)_\/_16_*_1rem)] w-[calc(var(--width)_\/_16_*_1rem)] max-w-none group-hover:hidden group-aria-expanded:hidden\" style=\"--width:16;--height:16\" decoding=\"async\"\/><img loading=\"lazy\" src=\"https:\/\/www.t-online.de\/s\/paper\/_next\/static\/media\/font-sizes-dark-mode.e382645c.svg\" alt=\"\" title=\"\" class=\"block h-[calc(var(--height)_\/_16_*_1rem)] w-[calc(var(--width)_\/_16_*_1rem)] max-w-none hidden group-hover:block group-aria-expanded:block\" style=\"--width:16;--height:16\" decoding=\"async\"\/><img loading=\"lazy\" src=\"https:\/\/www.t-online.de\/s\/paper\/_next\/static\/media\/sharing-menu-icon.1eb71368.svg\" alt=\"\" title=\"\" class=\"block h-[calc(var(--height)_\/_16_*_1rem)] w-[calc(var(--width)_\/_16_*_1rem)] max-w-none group-hover:brightness-0 group-hover:invert\" style=\"--width:16;--height:16\" decoding=\"async\"\/>Artikel teilen<\/p>\n<p class=\"font-bold text-18 leading-17 user-text-lg:text-22 user-text-xl:text-24\">Die Hitzewelle hat Europa fest im Griff \u2013 und nimmt in Deutschland weiter Fahrt auf. Der DWD versch\u00e4rft seine amtlichen Warnungen deutlich. Die Entwicklungen im Liveblog.<\/p>\n<p>14-J\u00e4hriger in Badesee vermisst: Suche geht weiter<\/p>\n<p class=\"text-18 leading-17 user-text-lg:text-22 user-text-xl:text-24\"><strong class=\"font-bold\">10.45 Uhr:<\/strong> Die Suche nach einem 14-J\u00e4hrigen, der seit Freitagnachmittag in einem Badesee bei D\u00fcren vermisst wird, geht weiter. Wie die Polizei mitteilte, musste die Suchaktion am Freitagabend zwischenzeitlich wegen der einsetzenden Dunkelheit eingestellt werden.<\/p>\n<p class=\"text-18 leading-17 user-text-lg:text-22 user-text-xl:text-24\">Der Junge war nach bisherigen Erkenntnissen mit mehreren Freunden in einem Schlauchboot auf dem See unterwegs. Aus bislang ungekl\u00e4rter Ursache sei er dabei ins Wasser gefallen, teilte die Polizei mit. Seine Freunde h\u00e4tten versucht, den Teenager \u00fcber Wasser zu halten \u2013 allerdings ohne Erfolg.<\/p>\n<p class=\"text-18 leading-17 user-text-lg:text-22 user-text-xl:text-24\">An der Suchaktion beteiligten sich Feuerwehr, DLRG, THW und Polizei. Zum Einsatz kamen unter anderem Taucher, Boote, ein Echolot, ein Sonarroboter sowie zwei Hubschrauber.<\/p>\n<p>&#8222;Extreme Hitze&#8220;: Wetterdienst ver\u00f6ffentlicht neue Warnungen f\u00fcr Deutschland<\/p>\n<p class=\"text-18 leading-17 user-text-lg:text-22 user-text-xl:text-24\"><strong class=\"font-bold\">10.38 Uhr:<\/strong> Der Deutsche Wetterdienst (DWD) warnt weiterhin f\u00fcr fast ganz Deutschland vor &#8222;extremer Hitze&#8220;. Die amtlichen Warnungen der Wetter-Experten gelten in den meisten Regionen bis zum Sonntagabend.<\/p>\n<p class=\"text-18 leading-17 user-text-lg:text-22 user-text-xl:text-24\">Zudem hat der <a href=\"https:\/\/www.t-online.de\/themen\/deutscher-wetterdienst\/\" class=\"transition-colors cursor-pointer no-underline md:hover:text-magenta md:focus:text-magenta border-b border-solid border-current text-salemsfur md:hover:border-magenta\" data-tracking=\"{&quot;action&quot;:&quot;click&quot;,&quot;category&quot;:&quot;intextLink&quot;,&quot;label&quot;:&quot;\/themen\/deutscher-wetterdienst\/&quot;}\" data-sctrack=\"BodyAnchor\" rel=\"nofollow noopener\" target=\"_blank\">DWD<\/a> f\u00fcr mehrere Regionen im Nordwesten von Deutschland Vorabwarnungen vor schwerem Gewitter ver\u00f6ffentlicht. Die Meteorologen rechnen in diesen Teilen des Landes bereits in der Nacht zum Sonntag mit Unwettern. Die Wetter-Experten prognostizieren Windgeschwindigkeiten von bis zu 120 Kilometern pro Stunde sowie Hagel und <a href=\"https:\/\/www.t-online.de\/themen\/starkregen\/\" class=\"transition-colors cursor-pointer no-underline md:hover:text-magenta md:focus:text-magenta border-b border-solid border-current text-salemsfur md:hover:border-magenta\" data-tracking=\"{&quot;action&quot;:&quot;click&quot;,&quot;category&quot;:&quot;intextLink&quot;,&quot;label&quot;:&quot;\/themen\/starkregen\/&quot;}\" data-sctrack=\"BodyAnchor\" rel=\"nofollow noopener\" target=\"_blank\">Starkregen<\/a>.<\/p>\n<p><a href=\"#focus-1\" class=\"transition-colors block text-current relative\" data-sctrack=\"FocusGalleryImage.Reference\"><img   loading=\"lazy\" src=\"https:\/\/www.europesays.com\/de\/wp-content\/uploads\/2026\/06\/warnkarte-des-dwd-stand-10-35-uhr-in-einzelnen-gebieten-deutschlands-rechnen-die-meteorologen-mit-sc.png\" alt=\"Infokarte des Deutschen Wetterdiensts\" title=\"Infokarte des Deutschen Wetterdiensts\" width=\"355\" height=\"403\" class=\"h-full w-full max-w-full rounded-8\" decoding=\"async\"\/><img loading=\"lazy\" src=\"https:\/\/www.t-online.de\/s\/paper\/_next\/static\/media\/zoom-in.f7dae02f.svg\" alt=\"Vergr\u00f6\u00dfern des Bildes\" title=\"Vergr\u00f6\u00dfern des Bildes\" class=\"block h-[calc(var(--height)_\/_16_*_1rem)] w-[calc(var(--width)_\/_16_*_1rem)] max-w-none absolute right-8 bottom-8 rounded-4 bg-snow p-8\" style=\"--width:32;--height:32\" decoding=\"async\"\/>Warnkarte des DWD (Stand 10.35 Uhr): In einzelnen Gebieten Deutschlands rechnen die Meteorologen mit schweren Gewittern. (Quelle: Deutscher Wetterdienst)<\/a><\/p>\n<p>Hitzewelle trifft Deutschland: Bahnunternehmen stellt zahlreiche Linien ein<\/p>\n<p class=\"text-18 leading-17 user-text-lg:text-22 user-text-xl:text-24\"><strong class=\"font-bold\">10.02 Uhr:<\/strong> Der Bahnbetreiber National Express stellt am Nachmittag in Nordrhein-Westfalen wegen der hohen Temperaturen f\u00fcr sechs Stunden den Betrieb aller RRX-Linien ein. Das teilte das Unternehmen in <a href=\"https:\/\/koeln.t-online.de\/region\/koeln\/\" class=\"transition-colors cursor-pointer no-underline md:hover:text-magenta md:focus:text-magenta border-b border-solid border-current text-salemsfur md:hover:border-magenta\" data-tracking=\"{&quot;action&quot;:&quot;click&quot;,&quot;category&quot;:&quot;intextLink&quot;,&quot;label&quot;:&quot;https:\/\/koeln.t-online.de\/region\/koeln\/&quot;}\" data-sctrack=\"BodyAnchor\" rel=\"nofollow noopener\" target=\"_blank\">K\u00f6ln<\/a> mit. Betroffen sind zwischen 13.00 und 19.00 Uhr die Linien RE1, RE4, RE5, RE6 und RE11. Die Z\u00fcge fallen in dieser Zeit komplett aus.<\/p>\n<p class=\"text-18 leading-17 user-text-lg:text-22 user-text-xl:text-24\">Das Unternehmen erkl\u00e4rte: &#8222;Die Ma\u00dfnahme dient dem Schutz der Fahrg\u00e4ste und Mitarbeitenden und soll verhindern, dass es unter den aktuellen au\u00dfergew\u00f6hnlichen Wetterbedingungen zu ungeplanten Zugausf\u00e4llen auf freier Strecke kommt.&#8220;<\/p>\n<p class=\"text-18 leading-17 user-text-lg:text-22 user-text-xl:text-24\">Der Vorstand von National-Express Andreas Leue f\u00fchrt weiter aus: &#8222;Die anhaltend extremen Temperaturen stellen die Fahrzeuge aktuell vor au\u00dfergew\u00f6hnliche technische Herausforderungen.&#8220;<\/p>\n<p>Veranstalter sagt Kessel Festival wegen Hitze ab<\/p>\n<p class=\"text-18 leading-17 user-text-lg:text-22 user-text-xl:text-24\"><strong class=\"font-bold\">9.55 Uhr:<\/strong> Das Kessel Festival in <a href=\"https:\/\/stuttgart.t-online.de\/region\/stuttgart\/\" class=\"transition-colors cursor-pointer no-underline md:hover:text-magenta md:focus:text-magenta border-b border-solid border-current text-salemsfur md:hover:border-magenta\" data-tracking=\"{&quot;action&quot;:&quot;click&quot;,&quot;category&quot;:&quot;intextLink&quot;,&quot;label&quot;:&quot;https:\/\/stuttgart.t-online.de\/region\/stuttgart\/&quot;}\" data-sctrack=\"BodyAnchor\" rel=\"nofollow noopener\" target=\"_blank\">Stuttgart<\/a> ist wegen der au\u00dfergew\u00f6hnlichen Hitze abgesagt worden. Der Gesundheitsschutz der G\u00e4ste, von Mitarbeitenden und K\u00fcnstlerinnen und K\u00fcnstlern stehe an erster Stelle, teilte der Veranstalter mit. Das Festival habe am Freitag mit einem erweiterten Schutzkonzept stattgefunden, die Sicherheit des zweiten Veranstaltungstags k\u00f6nne bei den erwarteten noch h\u00f6heren Temperaturen jedoch nicht gew\u00e4hrleistet werden.<\/p>\n","protected":false},"excerpt":{"rendered":"Extremwetter in Deutschland Bahnunternehmen stellt alle Regionalz\u00fcge ein Aktualisiert am 27.06.2026 &#8211; 11:12 UhrLesedauer: 24 Min. Ein Regionalzug&hellip;\n","protected":false},"author":2,"featured_media":1125374,"comment_status":"","ping_status":"","sticky":false,"template":"","format":"standard","meta":{"footnotes":"","_share_on_mastodon":"0"},"categories":[5],"tags":[36617,1217,1434,71057,237382,157625,296,1741,950,29,9056,4906,663,514,5561,985,156,13,18113,2954,237381,1420,3272,14,15,1209,121,77555,13186,3856,12,1441,7540,10,8,9,11],"class_list":["post-1125373","post","type-post","status-publish","format-standard","has-post-thumbnail","category-nachrichten","tag-dlrg","tag-1217","tag-1434","tag-andre-berghegger","tag-andreas-leue","tag-bahnunternehmen","tag-berlin","tag-bonn","tag-deutscher-wetterdienst","tag-deutschland","tag-dueren","tag-dwd","tag-europa","tag-fahrzeug","tag-festival","tag-feuerwehr","tag-frankreich","tag-headlines","tag-hitzewelle","tag-hubschrauber","tag-jan-schwab","tag-koeln","tag-liveblog","tag-nachrichten","tag-news","tag-nordrhein-westfalen","tag-polizei","tag-rekordtemperatur","tag-rrx","tag-ruhrgebiet","tag-schlagzeilen","tag-stuttgart","tag-thw","tag-top-news","tag-top-meldungen","tag-topmeldungen","tag-topnews"],"share_on_mastodon":{"url":"","error":"Validation failed: Text character limit of 500 exceeded"},"_links":{"self":[{"href":"https:\/\/www.europesays.com\/de\/wp-json\/wp\/v2\/posts\/1125373","targetHints":{"allow":["GET"]}}],"collection":[{"href":"https:\/\/www.europesays.com\/de\/wp-json\/wp\/v2\/posts"}],"about":[{"href":"https:\/\/www.europesays.com\/de\/wp-json\/wp\/v2\/types\/post"}],"author":[{"embeddable":true,"href":"https:\/\/www.europesays.com\/de\/wp-json\/wp\/v2\/users\/2"}],"replies":[{"embeddable":true,"href":"https:\/\/www.europesays.com\/de\/wp-json\/wp\/v2\/comments?post=1125373"}],"version-history":[{"count":0,"href":"https:\/\/www.europesays.com\/de\/wp-json\/wp\/v2\/posts\/1125373\/revisions"}],"wp:featuredmedia":[{"embeddable":true,"href":"https:\/\/www.europesays.com\/de\/wp-json\/wp\/v2\/media\/1125374"}],"wp:attachment":[{"href":"https:\/\/www.europesays.com\/de\/wp-json\/wp\/v2\/media?parent=1125373"}],"wp:term":[{"taxonomy":"category","embeddable":true,"href":"https:\/\/www.europesays.com\/de\/wp-json\/wp\/v2\/categories?post=1125373"},{"taxonomy":"post_tag","embeddable":true,"href":"https:\/\/www.europesays.com\/de\/wp-json\/wp\/v2\/tags?post=1125373"}],"curies":[{"name":"wp","href":"https:\/\/api.w.org\/{rel}","templated":true}]}}