{"id":1125405,"date":"2026-06-27T09:42:45","date_gmt":"2026-06-27T09:42:45","guid":{"rendered":"https:\/\/www.europesays.com\/de\/1125405\/"},"modified":"2026-06-27T09:42:45","modified_gmt":"2026-06-27T09:42:45","slug":"einfluss-von-rechts-wie-schuetzen-wir-institutionen-und-soziale-strukturen-blickfeld","status":"publish","type":"post","link":"https:\/\/www.europesays.com\/de\/1125405\/","title":{"rendered":"Einfluss von rechts: Wie sch\u00fctzen wir Institutionen und soziale Strukturen? &#8211; blickfeld"},"content":{"rendered":"<p class=\"wp-block-paragraph\">Angesichts der <strong>multiplen Krisen<\/strong>, die die <strong>turbulente Gegenwart<\/strong> pr\u00e4gen, sind <strong>\u00f6ffentliche, staatliche oder private Institutionen<\/strong> wie Vereine, Parlamente, Gewerkschaften, soziale Einrichtungen oder B\u00fcndnisse verl\u00e4ssliche R\u00e4ume, in denen <strong>gesellschaftliches Zusammenleben<\/strong> organisiert, das Soziale gestaltet und Demokratie vermittelt werden soll. Diese R\u00e4ume geraten jedoch immer mehr in Gefahr: beispielsweise durch <strong>K\u00fcrzungen <\/strong>im sozialen Bereich und bei Demokratief\u00f6rderprogrammen oder durch die <strong>Unterwanderung von Gewerkschaften und Betriebsr\u00e4ten<\/strong> von Rechtsau\u00dfen.<\/p>\n<p class=\"wp-block-paragraph\">\u201eDie <strong>extreme Rechte<\/strong> zielt geradezu strategisch darauf, unliebsame Institutionen zu delegitimieren und entstehende Leerstellen zu f\u00fcllen; und nutzt die soziale Infrastruktur zugleich gezielt, um eigene Angebote zu etablieren. Diese <strong>rechten Landnahmen<\/strong> betreffen somit auch die <strong>Sozialp\u00e4dagogik <\/strong>und die <strong>Soziale Arbeit<\/strong> unmittelbar\u201c, erl\u00e4utert <strong><a href=\"https:\/\/erziehungswissenschaft.uni-wuppertal.de\/de\/professuren\/sozialpaedagogik\/soziale-dienste-prof-vertr-dr-benjamin-bunk\/prof-vertr-dr-benjamin-bunk\/\" target=\"_blank\" rel=\"noreferrer noopener nofollow\">Benjamin Bunk<\/a><\/strong>, <strong>Vertretungsprofessor f\u00fcr Sozialp\u00e4dagogik\/Soziale Dienste<\/strong> an der Bergischen Universit\u00e4t Wuppertal, der die Veranstaltung gemeinsam mit seinen Kolleg:innen organisiert.<\/p>\n<p>Absicherung gegen Extremist:innen im Osten Deutschlands<\/p>\n<p class=\"wp-block-paragraph\">Im <strong>Osten Deutschlands <\/strong>sei die Gefahr bereits greifbarer. \u201eDort gibt es Versuche, sich zu wappnen\u201c, wei\u00df Bunk. Im <strong>Landtag von Sachsen-Anhalt<\/strong> hat erst vor Kurzem ein breites <strong>B\u00fcndnis von CDU bis Linke<\/strong> eine <strong>Parlamentsreform <\/strong>beschlossen, mit dem Ziel, <strong>demokratische Institutionen<\/strong> gegen Extremist:innen abzusichern.<\/p>\n<p class=\"wp-block-paragraph\">\u201eDie aktuelle Situation wirft viele Fragen auf, denen wir als Wissenschaftler:innen gemeinsam mit der \u00d6ffentlichkeit nachgehen wollen\u201c, betont <strong><a href=\"https:\/\/zgs.uni-wuppertal.de\/de\/ansicht-profile\/dorf\/\" target=\"_blank\" rel=\"noreferrer noopener nofollow\">Stephan Dorf<\/a><\/strong>, wissenschaftlicher Mitarbeiter in der <strong>Arbeitsgruppe Sozialp\u00e4dagogik<\/strong> mit dem Schwerpunkt sozialpolitische Grundlagen. <\/p>\n<p class=\"wp-block-paragraph\"><strong>Dazu z\u00e4hlen zum Beispiel: <\/strong><\/p>\n<ul class=\"wp-block-list\">\n<li>Was sind ,gute\u2018 Institutionen? <\/li>\n<li>Welche Institutionen gilt es zu verteidigen, weil sie von besonderer Bedeutung f\u00fcr unsere Demokratie sind? <\/li>\n<li>Wie vollziehen sich rechte Landnahmen bereits jetzt in sozialp\u00e4dagogischen und gewerkschaftlichen Kontexten? <\/li>\n<li>Welche internen Auseinandersetzungen muten rechte Landnahmen demokratischen Institutionen zu? <\/li>\n<li>Welche M\u00f6glichkeiten hat die Zivilgesellschaft, um sich gegen rechte Landnahmen zu wappnen und was k\u00f6nnen West und Ost voneinander lernen?<\/li>\n<\/ul>\n<p>Unterst\u00fctze die CampusZeitung blickfeld<\/p>\n<p><strong>Schon ein kleiner Beitrag hilft uns, unseren Job noch besser zu machen!<\/strong> So kannst du uns unterst\u00fctzen:<\/p>\n<p>Abo per <a class=\"gofollow\" data-track=\"MTIsMCwxMA==\" href=\"https:\/\/steadyhq.com\/de\/blickfeld-wuppertal\" rel=\"noopener noreferrer nofollow\" target=\"_blank\">Steady<\/a>, <a class=\"gofollow\" data-track=\"MTIsMCwxMA==\" href=\"https:\/\/www.paypal.me\/blickfeldwtal\" rel=\"noopener noreferrer nofollow\" target=\"_blank\">Einmalzahlung<\/a> oder <a class=\"gofollow\" data-track=\"MTIsMCwxMA==\" href=\"https:\/\/www.blickfeld-wuppertal.de\/anzeigen-abo\/werbeanzeige-schalten\" rel=\"noopener noreferrer nofollow\" target=\"_blank\">Anzeige<\/a><\/p>\n<p>Damit wir unser Engagement ausbauen k\u00f6nnen, ist eure Unterst\u00fctzung gefragt &#8211; f\u00fcr mehr Recherchen und Berichte.<\/p>\n<p><strong>Ihr k\u00f6nnt uns mit einem monatlichen oder einmaligen Beitrag unterst\u00fctzen oder eine Anzeige schalten.<\/strong><\/p>\n<p><a class=\"gofollow\" data-track=\"MTIsMCwxMA==\" href=\"https:\/\/steadyhq.com\/de\/blickfeld-wuppertal\" rel=\"noopener noreferrer nofollow\" target=\"_blank\">Abo per Steady<\/a> | <a class=\"gofollow\" data-track=\"MTIsMCwxMA==\" href=\"https:\/\/www.paypal.me\/blickfeldwtal\" rel=\"noopener noreferrer nofollow\" target=\"_blank\">Einmalzahlung mit PayPal<\/a> | <a class=\"gofollow\" data-track=\"MTIsMCwxMA==\" href=\"https:\/\/www.blickfeld-wuppertal.de\/anzeigen-abo\/werbeanzeige-schalten\" rel=\"noopener noreferrer nofollow\" target=\"_blank\">Anzeige schalten<\/a><\/p>\n<p>Zur CampusZeitung blickfeld:<\/p>\n<p>Seit 2011 versorgen wir als <a class=\"gofollow\" data-track=\"MTIsMCwxMA==\" href=\"https:\/\/www.blickfeld-wuppertal.de\/ueber-uns\" rel=\"noopener noreferrer nofollow\" target=\"_blank\">unabh\u00e4ngiges Medium an der Bergischen Universit\u00e4t Wuppertal<\/a> die Studierenden, Mitarbeiter\/-innen und alle Interessierten aus dem Bergischen St\u00e4dtedreieck und dar\u00fcber hinaus mit Nachrichten vom Campus und aus dem Tal. Unsere <strong>Unabh\u00e4ngigkeit<\/strong> ist unsere st\u00e4rkste Eigenschaft. Wir sind weder eine Zeitung des Allgemeinen Studierendenausschusses (AStA) noch eine Publikation unter der Schirmherrschaft der Universit\u00e4t. Damit sind wir keinen fremden Interessen verpflichtet, k\u00f6nnen frei Themen w\u00e4hlen und dabei auch unbequem werden. <a class=\"gofollow\" data-track=\"MTIsMCwxMA==\" href=\"https:\/\/www.blickfeld-wuppertal.de\/ueber-uns\" rel=\"noopener noreferrer nofollow\" target=\"_blank\">Mehr \u00fcber uns &#8230;<\/a><\/p>\n<p>Drei G\u00e4ste aus den Bereichen Gewerkschaft, Sozialp\u00e4dagogik und Zivilgesellschaft<\/p>\n<p class=\"wp-block-paragraph\">In der <strong>Veranstaltung \u201eDemokratische Institutionen und Soziale Arbeit \u2013 Geschichten rechter Landnahmen zwischen Ost und West\u201c<\/strong> am 7. Juli 2026 berichten an der Bergischen Universit\u00e4t <strong>drei G\u00e4ste <\/strong>aus den Bereichen <strong>Gewerkschaft, Sozialp\u00e4dagogik und Zivilgesellschaft<\/strong> \u00fcber ihre Erfahrungen. Daran schlie\u00dft sich eine Diskussion und der gemeinsame <strong>Austausch mit dem Publikum<\/strong> an. \u201eUnser Ziel ist es, die sich bereits vollzeihenden rechten Landnahmen zwischen Ost und West auch im universit\u00e4ren Kontext gemeinsam zu thematisieren\u201c, so <strong><a href=\"https:\/\/erziehungswissenschaft.uni-wuppertal.de\/de\/personen\/annika-schulz-1\/\" target=\"_blank\" rel=\"noreferrer noopener nofollow\">Annika Schulz<\/a><\/strong>, <strong>studentische Mitarbeiterin der Professur Sozialp\u00e4dagogik\/Soziale Dienste<\/strong>. Interessierte sind herzlich eingeladen, vorbeizukommen. \u00bb<a href=\"https:\/\/www.blickfeld-wuppertal.de\/ueber-uns\/blickfeld-redaktion\" rel=\"nofollow noopener\" target=\"_blank\">red<\/a>\u00ab<\/p>\n<p>Das Programm: Beitr\u00e4ge und anschlie\u00dfende Diskussion<\/p>\n<ul class=\"wp-block-list\">\n<li>\u201eRechte Raumnahme in der Arbeitswelt? Ein gewerkschaftlicher Blick auf Ost- und Westdeutschland\u201c \u2013 <strong>Mark Haarfeldt<\/strong> (<a href=\"https:\/\/www.dgb-bildungswerk.de\/\" target=\"_blank\" rel=\"noreferrer noopener nofollow\">DGB Bildungswerk e.V.<\/a>, aufgewachsen in Dresden, lebt in Bochum)<\/li>\n<li>\u201eResilienz?! Soziale Arbeit in Zeiten des Rechtsdrucks in einer Provinz in Nordth\u00fcringen\u201c \u2013 <strong>Stephanie Tiepelmann-Halm<\/strong> (<a href=\"https:\/\/www.schrankenlos.net\/\" target=\"_blank\" rel=\"noreferrer noopener nofollow\">schrankenlos e.V.<\/a>, lebt in Nordhausen)<\/li>\n<li>\u201eAffirmationen, Verunsicherungen und Offensiven \u2013 Vom Umgang mit Neutralit\u00e4tsanrufungen in der politischen Bildung\u201c \u2013 <strong><a href=\"https:\/\/folgensozialerhilfen.de\/team\/jana-saemann\/\" target=\"_blank\" rel=\"noreferrer noopener nofollow\">Jana S\u00e4mann<\/a><\/strong> (Universit\u00e4t Siegen, lebt in Bremen)<\/li>\n<li>Moderation: <strong>Stephan Dorf <\/strong>(Bergische Universit\u00e4t Wuppertal, lebt in Wuppertal) und <strong>Benjamin Bunk<\/strong> (Bergische Universit\u00e4t Wuppertal, lebt in Jena)<\/li>\n<\/ul>\n","protected":false},"excerpt":{"rendered":"Angesichts der multiplen Krisen, die die turbulente Gegenwart pr\u00e4gen, sind \u00f6ffentliche, staatliche oder private Institutionen wie Vereine, Parlamente,&hellip;\n","protected":false},"author":2,"featured_media":1125406,"comment_status":"","ping_status":"","sticky":false,"template":"","format":"standard","meta":{"footnotes":"","_share_on_mastodon":"0"},"categories":[1840],"tags":[20842,33950,3364,146,29,5393,30,618,1209,28437,770,16375,4418],"class_list":["post-1125405","post","type-post","status-publish","format-standard","has-post-thumbnail","category-wuppertal","tag-asta","tag-campus-grifflenberg","tag-de","tag-demokratie","tag-deutschland","tag-ehrenamt","tag-germany","tag-gewerkschaft","tag-nordrhein-westfalen","tag-paedagogik","tag-rechtsextremismus","tag-red","tag-wuppertal"],"share_on_mastodon":{"url":"https:\/\/pubeurope.com\/@de\/116821422645512261","error":""},"_links":{"self":[{"href":"https:\/\/www.europesays.com\/de\/wp-json\/wp\/v2\/posts\/1125405","targetHints":{"allow":["GET"]}}],"collection":[{"href":"https:\/\/www.europesays.com\/de\/wp-json\/wp\/v2\/posts"}],"about":[{"href":"https:\/\/www.europesays.com\/de\/wp-json\/wp\/v2\/types\/post"}],"author":[{"embeddable":true,"href":"https:\/\/www.europesays.com\/de\/wp-json\/wp\/v2\/users\/2"}],"replies":[{"embeddable":true,"href":"https:\/\/www.europesays.com\/de\/wp-json\/wp\/v2\/comments?post=1125405"}],"version-history":[{"count":0,"href":"https:\/\/www.europesays.com\/de\/wp-json\/wp\/v2\/posts\/1125405\/revisions"}],"wp:featuredmedia":[{"embeddable":true,"href":"https:\/\/www.europesays.com\/de\/wp-json\/wp\/v2\/media\/1125406"}],"wp:attachment":[{"href":"https:\/\/www.europesays.com\/de\/wp-json\/wp\/v2\/media?parent=1125405"}],"wp:term":[{"taxonomy":"category","embeddable":true,"href":"https:\/\/www.europesays.com\/de\/wp-json\/wp\/v2\/categories?post=1125405"},{"taxonomy":"post_tag","embeddable":true,"href":"https:\/\/www.europesays.com\/de\/wp-json\/wp\/v2\/tags?post=1125405"}],"curies":[{"name":"wp","href":"https:\/\/api.w.org\/{rel}","templated":true}]}}