{"id":112543,"date":"2025-05-15T12:51:10","date_gmt":"2025-05-15T12:51:10","guid":{"rendered":"https:\/\/www.europesays.com\/de\/112543\/"},"modified":"2025-05-15T12:51:10","modified_gmt":"2025-05-15T12:51:10","slug":"1-fc-saarbruecken-schwartz-appell-an-die-aachen-verlierer-sport","status":"publish","type":"post","link":"https:\/\/www.europesays.com\/de\/112543\/","title":{"rendered":"1. FC Saarbr\u00fccken: Schwartz-Appell an die Aachen-Verlierer | Sport"},"content":{"rendered":"<p><b>Das 2:4 in Aachen hat den 1. FC Saarbr\u00fccken zum Saisonfinale extrem unter Druck gesetzt. Gegen Borussia Dortmund II will die Drittliga-Mannschaft von Trainer Alois Schwartz (58) doch noch die Aufstiegs-Relegation erreichen und Cottbus, das wegen des besseren Torverh\u00e4ltnisses auf Rang 3 liegt, noch \u00fcberholen.<\/b><\/p>\n<p>Dabei appelliert Schwartz an seine Aachen-Verlierer, sagt: \u201eWas mich beeindruckt hat, war die Kulisse.\u201c 5000 FCS-Fans reisten mit in die Kaiserstadt, mussten entt\u00e4uscht wieder zur\u00fcck ins Saarland fahren. <\/p>\n<p><b>Schwartz weiter: \u201eTolle Fans, tolle Unterst\u00fctzung. Und f\u00fcr mich ist es im Leben immer so ein bisschen Geben und Nehmen. Am Samstag hat es nur einen gegeben, der alles gegeben hat und das waren unsere Fans. Jetzt sind wir, was den Samstag betrifft, auch ein bisschen in der Bringschuld, um da wieder etwas zur\u00fcckzugeben.\u201c<\/b><\/p>\n<p>Lesen Sie auch<\/p>\n<p><b>Dabei steht dem FCS zus\u00e4tzliches Personal zur Verf\u00fcgung. Wie BILD bereits berichtete, ist auch Sebastian Vasiliadis (27) nach seinem Muskelfaserriss wieder ein Kandidat. Und Calogero Rizzuto (34) kehrt nach seiner Gelbsperre ebenfalls wieder zur\u00fcck. <\/b><\/p>\n<p>Schwartz: \u201eBei Sebastian muss man schauen, wie es geht. Wir wollen nat\u00fcrlich versuchen, diesen dritten Platz noch zu bekommen. Ihn jetzt reinzuschmei\u00dfen und eventuell dann auf ihn verzichten zu m\u00fcssen \u2013 da muss man schon ein wenig aufpassen.\u201c<\/p>\n<p><b>Ein Vabanquespiel f\u00fcr den neuen FCS-Coach! <\/b><\/p>\n<p>Sohn gegen Vater: In dieser Fu\u00dfballer-Familie droht m\u00e4chtig \u00c4rger<a href=\"https:\/\/www.bild.de\/sport\/fussball\/sohn-gegen-vater-in-dieser-fussballer-familie-droht-jetzt-maechtig-aerger-68247a6ea010824e498f2ef6\" class=\"anchor\" target=\"_blank\" rel=\"noopener\"><img decoding=\"async\" width=\"992\" height=\"558\" alt=\"Teaser-Bild\" src=\"https:\/\/www.europesays.com\/de\/wp-content\/uploads\/2025\/05\/511a82ced2eec3935ecc2640fe39045d-landscape,d0cd6b4d\"   class=\"landscape teaser__image\" loading=\"lazy\"\/><\/a><\/p>\n<p>Quelle: BILD\/Sportdigital14.05.2025<\/p>\n<p>\u00dcber den Ablauf des Showdowns ist Schwartz auch auf der Bank informiert. Wie steht es zwischen Cottbus und Ingolstadt? Wie zwischen Rostock und Hannover II? Der Trainer erkl\u00e4rt: \u201eWir m\u00fcssen schon informiert sein, wie die Situation aussieht. Ob wir noch etwas brauchen, ob nach vorn oder hinten. Wichtig ist erst einmal, dass wir unser Spiel gewinnen.\u201c<\/p>\n<p><b>Damit der Traum vom Aufstieg nicht wieder am letzten Spieltag platzt &#8230;<\/b><\/p>\n","protected":false},"excerpt":{"rendered":"Das 2:4 in Aachen hat den 1. FC Saarbr\u00fccken zum Saisonfinale extrem unter Druck gesetzt. Gegen Borussia Dortmund&hellip;\n","protected":false},"author":2,"featured_media":112544,"comment_status":"","ping_status":"","sticky":false,"template":"","format":"standard","meta":{"footnotes":""},"categories":[1853],"tags":[3729,995,5641,1424,3364,29,996,548,663,3934,347,30,13,43858,14,15,1209,406,12,19292,469,45],"class_list":{"0":"post-112543","1":"post","2":"type-post","3":"status-publish","4":"format-standard","5":"has-post-thumbnail","7":"category-aachen","8":"tag-1-fc-saarbruecken","9":"tag-3-liga","10":"tag-3-liga-spielbegegnung","11":"tag-aachen","12":"tag-de","13":"tag-deutschland","14":"tag-dritte-liga","15":"tag-eu","16":"tag-europa","17":"tag-europe","18":"tag-fussball","19":"tag-germany","20":"tag-headlines","21":"tag-luginger-juergen","22":"tag-nachrichten","23":"tag-news","24":"tag-nordrhein-westfalen","25":"tag-saarland","26":"tag-schlagzeilen","27":"tag-spobi-3-liga","28":"tag-sport-leuchtturm-zentral","29":"tag-texttospeech"},"share_on_mastodon":{"url":"https:\/\/pubeurope.com\/@de\/114511943758318700","error":""},"_links":{"self":[{"href":"https:\/\/www.europesays.com\/de\/wp-json\/wp\/v2\/posts\/112543","targetHints":{"allow":["GET"]}}],"collection":[{"href":"https:\/\/www.europesays.com\/de\/wp-json\/wp\/v2\/posts"}],"about":[{"href":"https:\/\/www.europesays.com\/de\/wp-json\/wp\/v2\/types\/post"}],"author":[{"embeddable":true,"href":"https:\/\/www.europesays.com\/de\/wp-json\/wp\/v2\/users\/2"}],"replies":[{"embeddable":true,"href":"https:\/\/www.europesays.com\/de\/wp-json\/wp\/v2\/comments?post=112543"}],"version-history":[{"count":0,"href":"https:\/\/www.europesays.com\/de\/wp-json\/wp\/v2\/posts\/112543\/revisions"}],"wp:featuredmedia":[{"embeddable":true,"href":"https:\/\/www.europesays.com\/de\/wp-json\/wp\/v2\/media\/112544"}],"wp:attachment":[{"href":"https:\/\/www.europesays.com\/de\/wp-json\/wp\/v2\/media?parent=112543"}],"wp:term":[{"taxonomy":"category","embeddable":true,"href":"https:\/\/www.europesays.com\/de\/wp-json\/wp\/v2\/categories?post=112543"},{"taxonomy":"post_tag","embeddable":true,"href":"https:\/\/www.europesays.com\/de\/wp-json\/wp\/v2\/tags?post=112543"}],"curies":[{"name":"wp","href":"https:\/\/api.w.org\/{rel}","templated":true}]}}