{"id":1125499,"date":"2026-06-27T10:34:18","date_gmt":"2026-06-27T10:34:18","guid":{"rendered":"https:\/\/www.europesays.com\/de\/1125499\/"},"modified":"2026-06-27T10:34:18","modified_gmt":"2026-06-27T10:34:18","slug":"kostenloser-eintritt-ins-kunstmuseum-karlsruhe-wegen-hitzewelle-3","status":"publish","type":"post","link":"https:\/\/www.europesays.com\/de\/1125499\/","title":{"rendered":"Kostenloser Eintritt ins Kunstmuseum Karlsruhe wegen Hitzewelle"},"content":{"rendered":"<p class=\"mb-6 text-xs-varying md:text-m lg:text-l font-serif group-[.font-sans]:font-sans \">\n    Als direkte Reaktion auf die<a href=\"https:\/\/www.ka-news.de\/karlsruhe\/wetter-karlsruhe-hitze-tropennaechte-schwueles-wetter-und-gewitter-erwartet-26-6-26-114460538\" target=\"_self\" class=\"underline \" rel=\"nofollow noopener\"> aktuelle Hitzewelle<\/a> schaltet das\u00a0<strong class=\"font-bold\"><a href=\"https:\/\/www.ka-news.de\/karlsruhe\/kultur-in-karlsruhe\/kunstmuseum-karlsruhe-2026-114211943\" target=\"_self\" class=\"underline \" rel=\"nofollow noopener\">Kunstmuseum Karlsruhe<\/a>\u00a0<\/strong>von<strong class=\"font-bold\">\u00a0Donnerstag, 25. Juni, bis Sonntag, 28. Juni,\u00a0<\/strong>auf\u00a0\u201eHitzefrei\u201c: In diesen Tagen ist der <strong class=\"font-bold\">Besuch des Museums f\u00fcr alle kostenlos<\/strong> und bietet als <strong class=\"font-bold\">klimatisiertes Haus mit rund 21 Grad<\/strong> eine erholsame \u201eK\u00e4lteinsel\u201c. Das gibt die Stadt<a href=\"https:\/\/www.ka-news.de\/promis\/karlsruhe-kulturlandschaft-technologieregion-und-residenz-des-rechts-die-faecherstadt-im-ueberblick-art-2783253\" target=\"_self\" class=\"underline \" rel=\"nofollow noopener\"> Karlsruhe<\/a> in einer Mitteilung vom 25. Juni bekannt.\n  <\/p>\n<p>            Wo finde ich sonst in Karlsruhe Abk\u00fchlung?<\/p>\n<p class=\"mb-6 text-xs-varying md:text-m lg:text-l font-serif group-[.font-sans]:font-sans \">\n    Ebenfalls Abk\u00fchlung bieten die Karlsruher <a href=\"https:\/\/www.ka-news.de\/karlsruhe\/freizeit-und-veranstaltungen\/freibadsaison-karlsruhe-2026-oeffnungszeiten-und-preise-10-114110744\" target=\"_self\" class=\"underline \" rel=\"nofollow noopener\">Schwimmb\u00e4der<\/a> und <a href=\"https:\/\/www.ka-news.de\/region\/karlsruhe\/ein-tag-am-see-badespass-rund-um-karlsruhe-art-2806007\" target=\"_self\" class=\"underline \" rel=\"nofollow noopener\">Badeseen<\/a>. <strong class=\"font-bold\">Weitere k\u00fchle Orte in <a href=\"https:\/\/www.ka-news.de\/karlsruhe\" target=\"_self\" class=\"underline \" rel=\"nofollow noopener\">Karlsruhe<\/a><\/strong> sind unter anderem:\n  <\/p>\n<ul rel=\"\" class=\"[&amp;&gt;li]:relative list-none  [&amp;&gt;li]:pl-[1.2em] [&amp;&gt;li]:marker:text-[0] [&amp;&gt;li]:relative [&amp;&gt;li]:before:absolute [&amp;&gt;li]:before:w-3 [&amp;&gt;li]:before:h-3 [&amp;&gt;li]:before:bg-brand [&amp;&gt;li]:before:left-0 [&amp;&gt;li]:before:top-[8px] [&amp;&gt;li]:before:rounded-full  my-5\">\n<li class=\" mb-3 text-xs md:text-m lg:text-l\">Kirchen wie die evangelische Stadtkirche<\/li>\n<li class=\" mb-3 text-xs md:text-m lg:text-l\">Bibliotheken wie die Badische Landesbibliothek<\/li>\n<li class=\" mb-3 text-xs md:text-m lg:text-l\">Parks wie die G\u00fcnther-Klotz-Anlage<\/li>\n<\/ul>\n<p class=\"mb-6 text-xs-varying md:text-m lg:text-l font-serif group-[.font-sans]:font-sans \">\n    Eine \u00dcbersicht \u00fcber k\u00fchle Orte, Brunnen und Trinkm\u00f6glichkeiten bietet der <strong class=\"font-bold\">\u201eStadtplan f\u00fcr hei\u00dfe Tage\u201c<\/strong>. Er ist als interaktive Karte unter <a href=\"https:\/\/geoportal.karlsruhe.de\/stadtplan_heisse_tage_ps04\/?page=Karte\" rel=\"nofollow noopener\" target=\"_blank\" class=\"underline \">geoportal.karlsruhe.de <\/a>abrufbar.\n  <\/p>\n<p>            \u00d6ffentliche F\u00fchrungen am Freitag und Sonntag<\/p>\n<p class=\"mb-6 text-xs-varying md:text-m lg:text-l font-serif group-[.font-sans]:font-sans \">\n    Neben dem Ausstellungsbesuch k\u00f6nnen Kinder und Erwachsene auch selbst aktiv werden. In einer sogenannten\u00a0<strong class=\"font-bold\">Kid\u2019s Zone<\/strong>\u00a0stehen Angebote zum\u00a0<strong class=\"font-bold\">Malen<\/strong>,\u00a0<strong class=\"font-bold\">Lego-Bauen<\/strong>\u00a0und zum\u00a0<strong class=\"font-bold\">Ausruhen<\/strong>\u00a0bereit \u2013 gedacht als <strong class=\"font-bold\">kreativer Zusatz zum Museumsrundgang<\/strong>.\n  <\/p>\n<p class=\"mb-6 text-xs-varying md:text-m lg:text-l font-serif group-[.font-sans]:font-sans \">\n    Zudem ist die <strong class=\"font-bold\">neue Sonderausstellung<\/strong>\u00a0\u201eExpressiv! Grafik von D\u00fcrer bis Schlichter\u201c<strong class=\"font-bold\"> <\/strong>ge\u00f6ffnet. Am <strong class=\"font-bold\">Freitag und Sonntag <\/strong>werden\u00a0<strong class=\"font-bold\">\u00f6ffentliche F\u00fchrungen <\/strong>angeboten. F\u00fcr j\u00fcngere Besucherinnen und Besucher gibt es einen\u00a0<strong class=\"font-bold\">Kinderaudioguide, <\/strong>und an einem\u00a0<strong class=\"font-bold\">Origami-Tisch<\/strong>\u00a0kann eigene Faltkunst ausprobiert werden.\n  <\/p>\n<p>            Kinderwerkstatt wird am Sonntag angeboten<\/p>\n<p class=\"mb-6 text-xs-varying md:text-m lg:text-l font-serif group-[.font-sans]:font-sans \">\n    Am\u00a0<strong class=\"font-bold\">Sonntag<\/strong>\u00a0richtet sich das Programm dann gezielt an Kinder, die praktisch arbeiten m\u00f6chten: In der\u00a0<strong class=\"font-bold\">Kinderwerkstatt<\/strong>\u00a0dreht sich unter dem Titel\u00a0<strong class=\"font-bold\">\u201eEinfach magisch! Fotogramme mit der Cyanotypie\u201c<\/strong>\u00a0alles um die Sonne und eine experimentelle Druck- bzw. Fototechnik.\n  <\/p>\n<p class=\"mb-6 text-xs-varying md:text-m lg:text-l font-serif group-[.font-sans]:font-sans \">\n    Das Angebot versteht sich auch als sommerliche Alternative: <strong class=\"font-bold\">Wer Abk\u00fchlung sucht, kann in den Museumsr\u00e4umen Kultur erleben <\/strong>\u2013 und gleichzeitig ein Mitmachprogramm f\u00fcr die ganze Familie nutzen.\n  <\/p>\n","protected":false},"excerpt":{"rendered":"Als direkte Reaktion auf die aktuelle Hitzewelle schaltet das\u00a0Kunstmuseum Karlsruhe\u00a0von\u00a0Donnerstag, 25. Juni, bis Sonntag, 28. Juni,\u00a0auf\u00a0\u201eHitzefrei\u201c: In diesen&hellip;\n","protected":false},"author":2,"featured_media":1120699,"comment_status":"","ping_status":"","sticky":false,"template":"","format":"standard","meta":{"footnotes":"","_share_on_mastodon":"0"},"categories":[1775],"tags":[1793,29,214,30,11607,18113,236610,8903,80,1794,3003,215],"class_list":["post-1125499","post","type-post","status-publish","format-standard","has-post-thumbnail","category-kunst-und-design","tag-art-and-design","tag-deutschland","tag-entertainment","tag-germany","tag-hitze","tag-hitzewelle","tag-kaelteinsel","tag-karlsruhe","tag-kultur","tag-kunst-und-design","tag-kunstmuseum","tag-unterhaltung"],"share_on_mastodon":{"url":"https:\/\/pubeurope.com\/@de\/116821627175061871","error":""},"_links":{"self":[{"href":"https:\/\/www.europesays.com\/de\/wp-json\/wp\/v2\/posts\/1125499","targetHints":{"allow":["GET"]}}],"collection":[{"href":"https:\/\/www.europesays.com\/de\/wp-json\/wp\/v2\/posts"}],"about":[{"href":"https:\/\/www.europesays.com\/de\/wp-json\/wp\/v2\/types\/post"}],"author":[{"embeddable":true,"href":"https:\/\/www.europesays.com\/de\/wp-json\/wp\/v2\/users\/2"}],"replies":[{"embeddable":true,"href":"https:\/\/www.europesays.com\/de\/wp-json\/wp\/v2\/comments?post=1125499"}],"version-history":[{"count":0,"href":"https:\/\/www.europesays.com\/de\/wp-json\/wp\/v2\/posts\/1125499\/revisions"}],"wp:featuredmedia":[{"embeddable":true,"href":"https:\/\/www.europesays.com\/de\/wp-json\/wp\/v2\/media\/1120699"}],"wp:attachment":[{"href":"https:\/\/www.europesays.com\/de\/wp-json\/wp\/v2\/media?parent=1125499"}],"wp:term":[{"taxonomy":"category","embeddable":true,"href":"https:\/\/www.europesays.com\/de\/wp-json\/wp\/v2\/categories?post=1125499"},{"taxonomy":"post_tag","embeddable":true,"href":"https:\/\/www.europesays.com\/de\/wp-json\/wp\/v2\/tags?post=1125499"}],"curies":[{"name":"wp","href":"https:\/\/api.w.org\/{rel}","templated":true}]}}