{"id":1125605,"date":"2026-06-27T11:33:25","date_gmt":"2026-06-27T11:33:25","guid":{"rendered":"https:\/\/www.europesays.com\/de\/1125605\/"},"modified":"2026-06-27T11:33:25","modified_gmt":"2026-06-27T11:33:25","slug":"wer-rastet-rostet-gerald-riedel-engagiert-sich-seit-jahrzehnten-fuer-die-bergbauerinnerung","status":"publish","type":"post","link":"https:\/\/www.europesays.com\/de\/1125605\/","title":{"rendered":"&#8222;Wer rastet, rostet&#8220;: Gerald Riedel engagiert sich seit Jahrzehnten f\u00fcr die Bergbauerinnerung"},"content":{"rendered":"<p>        <img decoding=\"async\" src=\"https:\/\/www.europesays.com\/de\/wp-content\/uploads\/2026\/06\/riedel-tagebau-engagement-100.webp\" alt=\"Gerald Riedel setzt sich seit Jahrzehnten f\u00fcr die Erinnerung an die Tagebaue im Landkreis Leipzig ein.\" title=\"Gerald Riedel setzt sich seit Jahrzehnten f\u00fcr die Erinnerung an die Tagebaue im Landkreis Leipzig ein. | MDR\/Dirk Hentze\" class=\"responsive\"\/><\/p>\n<p>AUDIO:  Leipzig: S\u00e4chsischer Verdienstorden f\u00fcr Gerald Riedel (2 Min)<\/p>\n<p class=\"topline\">Portr\u00e4t<\/p>\n<p>\n                Stand: 27.06.2026 10:00 Uhr<\/p>\n<p class=\"preface\">Mit dem Verdienstorden werden Menschen in Sachsen geehrt, die \u00fcber Jahrzehnte hinweg Verantwortung f\u00fcr eine gute Sache \u00fcbernehmen. Einer von ihnen ist Gerald Riedel aus dem Landkreis Leipzig. Der Elektromeister im Ruhestand bewahrt mit gro\u00dfem Engagement die Geschichte des Braunkohletagebaus und h\u00e4lt die Erinnerung an seine verlorene Heimat lebendig.<\/p>\n<p class=\"textauthor\">von Dirk Hentze, MDR SACHSEN<\/p>\n<p class=\"\">In der zweiten Reihe passiert so viel Gutes, dass sie auch mal nach ganz vorn muss. Sachsens Ministerpr\u00e4sident Michael Kretschmer hat <a href=\"https:\/\/www.mdr.de\/nachrichten\/sachsen\/dresden\/meissen\/tafel-chefin-eklat-,preis-vorwuerfe-verdienstorden-100.html\" title=\"Vorerst kein S\u00e4chsischer Verdienstorden f\u00fcr Chefin der Plauener Tafel\" rel=\"nofollow noopener\" target=\"_blank\">diese Woche den S\u00e4chsischen Verdienstorden<\/a>, die h\u00f6chste Auszeichnung des Freistaates, verliehen. An besondere Pers\u00f6nlichkeiten mit besonderem Engagement weit \u00fcber das Verlangte hinaus. Dazu geh\u00f6rt auch der 76 Jahre alte Gerald Riedel aus Liebertwolkwitz, ein menschlicher Bodenschatz der Leipziger Tagebaulandschaft.<\/p>\n<p>Aber einen Verdienstorden bekommen? Na, wenns sein muss: &#8222;Ich brauch das auch nicht. Aber irgendwo freut man sich schon, aber deshalb macht man es nicht, sondern weil es einem Spa\u00df macht, sagt Riedel im Gespr\u00e4ch mit MDR SACHSEN.<\/p>\n<p>    Die Faszination begann fr\u00fch<\/p>\n<p class=\"\">Da beschreibt sich Gerald Riedel sehr gut selbst, man merkt schnell, dass der Mann wei\u00df, was er will, ihm Harmonie aber immer wichtiger ist als verbissen etwas durchzusetzen. Zu DDR-Zeiten hat er als Elektriker die ganz gro\u00dfen Anlagen im Braunkohletagebau Espenhain betreut. Beruf, Hobby, Leidenschaft alles in einem, das hatte sich schon fr\u00fch abgezeichnet. &#8222;Dann kriegte ich eine Eisenbahn mit sechs Jahren. Dann wurde bis in die Nacht hinein gebastelt. Und das hat sich dann auch weiter gesponnen im Unterrichtstag in der Produktion. Da waren wir im Tagebau. Da konnte man noch als Klasse auf den Bagger hoch. Das war f\u00fcr mich Wahnsinn.&#8220;<\/p>\n<p>        <img decoding=\"async\" src=\"https:\/\/www.europesays.com\/de\/wp-content\/uploads\/2026\/06\/bild-37802.webp\" alt=\"Kirchentag in G\u00f6rlitz vom 03.-05.06.1988 unter dem Motto Umkehr hilft Leben . Eine junge Gemeinde verteilte am 05.06. auf dem Kirchentagsmarkt Briketts mit der Aufschrift Betet f\u00fcr Klitten.\" title=\"Kirchentag in G\u00f6rlitz vom 03.-05.06.1988 unter dem Motto Umkehr hilft Leben . Eine junge Gemeinde verteilte am 05.06. auf dem Kirchentagsmarkt Briketts mit der Aufschrift Betet f\u00fcr Klitten. | imago stock&amp;people\" class=\"responsive\" loading=\"lazy\"\/><\/p>\n<p>    Magdeborn verschwindet<\/p>\n<p class=\"\">Gerald Riedel kommt aus Magdeborn, das machte die Liebe zum Tagebau nicht einfacher: &#8222;Ich habe meinen eigenen Heimatort wegbaggern helfen.&#8220; Da war er Anfang 30, als <a href=\"https:\/\/www.mdr.de\/geschichte\/ddr\/wirtschaft\/magdeborn-tagebau-kohle-102.html\" title=\"Magdeborn: Von der Kohle verschluckt\" rel=\"nofollow noopener\" target=\"_blank\">sein Heimatort von der Landkarte verschwand<\/a>, aber h\u00e4rter noch traf ihn die Wende, und das drohende Ende des Tagebaus. Gerald Riedel w\u00e4re nicht er selbst, s\u00e4he er in sowas nicht eher Anfang als Ende. Er meisterte auch seinen n\u00e4chsten Beruf als Kundendienstleiter eines Kleinbetriebs, aber vor allem lebte durch ihn gedanklich der Tagebau weiter: &#8222;Da hab ich damals schon Abteilungsleiter zusammengerufen und wir haben im Gasthof gesessen, haben Namen rangeholt. Das war eine gute Voraussetzung f\u00fcr die Ehemaligentreffen.&#8220;<\/p>\n<p>        <img decoding=\"async\" src=\"https:\/\/www.europesays.com\/de\/wp-content\/uploads\/2026\/06\/mdr-sachsen-166.webp\" alt=\"Verein Bergbau-Technik-Park Gr\u00f6\u00dfp\u00f6sna\" title=\"Verein Bergbau-Technik-Park Gr\u00f6\u00dfp\u00f6sna | MDR\/Stephan H\u00f6nigschmid\" class=\"responsive\" loading=\"lazy\"\/><\/p>\n<p>    Vereinsarbeit und Ehemaligentreffen halten Erinnerung wach<\/p>\n<p class=\"\">Daf\u00fcr haben er und andere Unterst\u00fctzer 800 bis 1.000 Briefeinladungen geschrieben. Leute beisammenhalten, das ist sein Ding. Nat\u00fcrlich organisiert er auch Treffen der ehemaligen Magdeborner, mit Heimatverein und ganz viel lebendiger Erinnerung. &#8222;Alle quatschen miteinander und alle sind wieder mal zusammen. Das macht einen gl\u00fccklich&#8220;, erz\u00e4hlt Riedel weiter.<\/p>\n<p>Nun gibt es ja auch noch den Bergbau-Technik-Park an der Autobahn. Wer mag da wohl Gr\u00fcndungsmitglied und bis heute Vorsitzender sein? Nat\u00fcrlich er, denn wie 76 Jahre alt, so f\u00fchlt er sich nicht: &#8222;Ich f\u00fchl mich noch wie 17 &#8211; wer rastet, der rostet&#8220;. Und das l\u00e4sst Gerald Riedel weder bei sich <a href=\"https:\/\/www.mdr.de\/nachrichten\/sachsen\/leipzig\/borna-geithain\/bagger-tagebau-schleenhain-umzug-bundesstrasse-100.html\" title=\"Landkreis Leipzig: Braunkohlebagger zieht in anderen Tagebau um\" rel=\"nofollow noopener\" target=\"_blank\">noch bei den Stahlriesen<\/a> zu.<\/p>\n<p>Mehr zum Thema Tagebaue in der Region<\/p>\n<p>        <img decoding=\"async\" src=\"https:\/\/www.europesays.com\/de\/wp-content\/uploads\/2026\/06\/mdraktuell-poedelwitz-126.webp\" alt=\"Ortsschild P\u00f6delwitz mit Herzchen\" title=\"Ortsschild P\u00f6delwitz mit Herzchen | IMAGO \/ PicturePoint\" class=\"responsive\" loading=\"lazy\"\/><\/p>\n<p>        <img decoding=\"async\" src=\"https:\/\/www.europesays.com\/de\/wp-content\/uploads\/2026\/06\/turow-106.webp\" alt=\"Ausl\u00e4ufer des Tagebaus Turow, im Hintergrund befindet sich das Braunkohle-Gro\u00dfkraftwerk Tur\u00f3w\" title=\"Ausl\u00e4ufer des Tagebaus Turow, im Hintergrund befindet sich das Braunkohle-Gro\u00dfkraftwerk Tur\u00f3w | picture alliance\/dpa | Paul Glaser\" class=\"responsive\" loading=\"lazy\"\/><\/p>\n<p>        <img decoding=\"async\" src=\"https:\/\/www.europesays.com\/de\/wp-content\/uploads\/2026\/06\/auftrag-mdraktuell-bild-podcast-tschuesskohle-106.webp\" alt=\"Episodencover f\u00fcr Tsch\u00fcss Kohle, Hallo Zukunft einstellen\" title=\"Episodencover f\u00fcr Tsch\u00fcss Kohle, Hallo Zukunft einstellen | MDR\/Franz-Paul Senftleben, Isabel Gruhle, Matthias Winkelmann\" class=\"responsive\" loading=\"lazy\"\/><\/p>\n<p>Tsch\u00fcss Kohle, Hallo Zukunft \u2013 2025<\/p>\n<p class=\"\">MDR (sme)<\/p>\n","protected":false},"excerpt":{"rendered":"AUDIO: Leipzig: S\u00e4chsischer Verdienstorden f\u00fcr Gerald Riedel (2 Min) Portr\u00e4t Stand: 27.06.2026 10:00 Uhr Mit dem Verdienstorden werden&hellip;\n","protected":false},"author":2,"featured_media":1125606,"comment_status":"","ping_status":"","sticky":false,"template":"","format":"standard","meta":{"footnotes":"","_share_on_mastodon":"0"},"categories":[1832],"tags":[114638,129,3364,29,26868,30,237423,71,130596,14,859,88167,97235],"class_list":["post-1125605","post","type-post","status-publish","format-standard","has-post-thumbnail","category-leipzig","tag-braunkohle","tag-ddr","tag-de","tag-deutschland","tag-ehemalige","tag-germany","tag-kohlemitarbeiter","tag-leipzig","tag-magdeborn","tag-nachrichten","tag-sachsen","tag-tagebau","tag-verdienst"],"share_on_mastodon":{"url":"https:\/\/pubeurope.com\/@de\/116821861125839002","error":""},"_links":{"self":[{"href":"https:\/\/www.europesays.com\/de\/wp-json\/wp\/v2\/posts\/1125605","targetHints":{"allow":["GET"]}}],"collection":[{"href":"https:\/\/www.europesays.com\/de\/wp-json\/wp\/v2\/posts"}],"about":[{"href":"https:\/\/www.europesays.com\/de\/wp-json\/wp\/v2\/types\/post"}],"author":[{"embeddable":true,"href":"https:\/\/www.europesays.com\/de\/wp-json\/wp\/v2\/users\/2"}],"replies":[{"embeddable":true,"href":"https:\/\/www.europesays.com\/de\/wp-json\/wp\/v2\/comments?post=1125605"}],"version-history":[{"count":0,"href":"https:\/\/www.europesays.com\/de\/wp-json\/wp\/v2\/posts\/1125605\/revisions"}],"wp:featuredmedia":[{"embeddable":true,"href":"https:\/\/www.europesays.com\/de\/wp-json\/wp\/v2\/media\/1125606"}],"wp:attachment":[{"href":"https:\/\/www.europesays.com\/de\/wp-json\/wp\/v2\/media?parent=1125605"}],"wp:term":[{"taxonomy":"category","embeddable":true,"href":"https:\/\/www.europesays.com\/de\/wp-json\/wp\/v2\/categories?post=1125605"},{"taxonomy":"post_tag","embeddable":true,"href":"https:\/\/www.europesays.com\/de\/wp-json\/wp\/v2\/tags?post=1125605"}],"curies":[{"name":"wp","href":"https:\/\/api.w.org\/{rel}","templated":true}]}}