{"id":1125791,"date":"2026-06-27T13:16:24","date_gmt":"2026-06-27T13:16:24","guid":{"rendered":"https:\/\/www.europesays.com\/de\/1125791\/"},"modified":"2026-06-27T13:16:24","modified_gmt":"2026-06-27T13:16:24","slug":"bill-kaulitz-beim-csd-in-muenchen-tokio-hotel-star-feiert-bei-parade-mit","status":"publish","type":"post","link":"https:\/\/www.europesays.com\/de\/1125791\/","title":{"rendered":"Bill Kaulitz beim CSD in M\u00fcnchen: Tokio-Hotel-Star feiert bei Parade mit"},"content":{"rendered":"<p>M\u00fcnchen feiert Vielfalt: Zum CSD-Wochenende wehen in der bayerischen Landeshauptstadt die Regenbogenflaggen, um Sichtbarkeit f\u00fcr die LGBTQI*-Community zu schaffen. Um 12 Uhr rollen am Samstag (27. Juni) die Trucks der Politparade durch die Stadt, begleitet von zahlreichen Fu\u00dfgruppen und zehntausenden Zuschauern. Mittendrin dabei: S\u00e4nger und Entertainer <a href=\"https:\/\/www.abendzeitung-muenchen.de\/person\/bill-kaulitz\/\" rel=\"nofollow noopener\" target=\"_blank\">Bill Kaulitz<\/a>. Was treibt den Schwager von <a href=\"https:\/\/www.abendzeitung-muenchen.de\/person\/heidi-klum\/\" rel=\"nofollow noopener\" target=\"_blank\">Heidi Klum<\/a> zum Pride-Wochenende in die Isar-Metropole?<\/p>\n<p>&#8222;The Party has arrived&#8220;: Bill Kaulitz beim CSD in M\u00fcnchen<\/p>\n<p>Bill Kaulitz ist ein begeisterter Anh\u00e4nger des Christopher Street Days und setzt sich f\u00fcr die Akzeptanz queerer Menschen ein. Der Frontmann der Band Tokio Hotel identifiziert sich selbst als queer. Am Samstag zeigt er sich in M\u00fcnchen bestens gelaunt und ausgelassen, wie die AZ vor Ort beobachtet.<\/p>\n<p>  <img decoding=\"async\" loading=\"lazy\" src=\"https:\/\/www.europesays.com\/de\/wp-content\/uploads\/2026\/06\/1706796_bill-kaulitz-auf-dem-csd-in-muenchen_artikelbild_1GfWWD_QrMX9l.jpg\" alt=\"Hat sich f\u00fcr den hei\u00dfen CSD-Tag in luftige Kleidung geschmissen: Tokio-Hotel-Frontmann Bill Kaulitz.\" title=\"Hat sich f\u00fcr den hei\u00dfen CSD-Tag in luftige Kleidung geschmissen: Tokio-Hotel-Frontmann Bill Kaulitz.\" width=\"812\" height=\"459\"\/><\/p>\n<p>      Hat sich f\u00fcr den hei\u00dfen CSD-Tag in luftige Kleidung geschmissen: Tokio-Hotel-Frontmann Bill Kaulitz.<br \/>\n      \u00a9 Sven Gei\u00dfelhardt<\/p>\n<p>    Hat sich f\u00fcr den hei\u00dfen CSD-Tag in luftige Kleidung geschmissen: Tokio-Hotel-Frontmann Bill Kaulitz.<\/p>\n<p>von Sven Gei\u00dfelhardt <\/p>\n<p>&#8222;}&#8220;&gt; <\/p>\n<p>Bereits am Freitag flog Bill Kaulitz von Paris nach M\u00fcnchen ein. Gen\u00e4chtigt wird standesgem\u00e4\u00df im Luxushotel Mandarin Oriental, wo er mit Schampus und Macarons empfangen wurde.<\/p>\n<p>Gefeiert wird auf dem M\u00fcnchner CSD nat\u00fcrlich nicht alleine. Bill Kaulitz ist auf dem Wagen des Burger-Franchise-Unternehmens &#8222;Hans im Gl\u00fcck&#8220; unterwegs und hat seinen Bandkollegen Georg Listing an der Seite. Bill Kaulitz hat sich f\u00fcr den hei\u00dfen CSD-Tag in luftige Kleidung geschmissen. Der S\u00e4nger tr\u00e4gt ein blaues Sporttrikot, dazu eine glitzernde kurze Hose und gelbe High-Heel-Stiefel.<\/p>\n<p>  <img decoding=\"async\" loading=\"lazy\" src=\"https:\/\/www.europesays.com\/de\/wp-content\/uploads\/2026\/06\/1706794_bill-kaulitz-auf-dem-csd-2026-in-muenchen_artikelbild_1GfWHq_lHHzh8.jpg\" alt=\"Tokio-Hotel-Star Bill Kaulitz f\u00e4hrt beim M\u00fcnchner CSD auf dem Wagen von &quot;Hans im Gl\u00fcck&quot; mit.\" title=\"Tokio-Hotel-Star Bill Kaulitz f\u00e4hrt beim M\u00fcnchner CSD auf dem Wagen von &quot;Hans im Gl\u00fcck&quot; mit.\" width=\"812\" height=\"459\"\/><\/p>\n<p>      Tokio-Hotel-Star Bill Kaulitz f\u00e4hrt beim M\u00fcnchner CSD auf dem Wagen von &#8222;Hans im Gl\u00fcck&#8220; mit.<br \/>\n      \u00a9 Sven Gei\u00dfelhardt<\/p>\n<p>    Tokio-Hotel-Star Bill Kaulitz f\u00e4hrt beim M\u00fcnchner CSD auf dem Wagen von &#8222;Hans im Gl\u00fcck&#8220; mit.<\/p>\n<p>von Sven Gei\u00dfelhardt <\/p>\n<p>&#8222;}&#8220;&gt; <\/p>\n<p>Am Sonntag pr\u00e4sentieren Bill &amp; Tom Kaulitz in M\u00fcnchen neues Projekt<\/p>\n<p>Dass Bill Kaulitz zum CSD-Wochenende in M\u00fcnchen weilt, ist kein Zufall. Am Sonntag (28. Juni) pr\u00e4sentiert der S\u00e4nger gemeinsam mit Zwillingsbruder Tom das neueste Projekt: Beim Animationsfilm &#8222;Minions &amp; Monsters&#8220; haben die beiden Sprechrollen \u00fcbernommen. Der Streifen feiert am Sonntagnachmittag gro\u00dfe Deutschlandpremiere im <a href=\"https:\/\/www.abendzeitung-muenchen.de\/organisation\/mathaeser-filmpalast\/\" rel=\"nofollow noopener\" target=\"_blank\">Math\u00e4ser Filmpalast<\/a>. Ob die Kaulitz-Twins trotz des hei\u00dfen Wetters mit einem Kreischkonzert ihrer Fans empfangen werden, bleibt abzuwarten. Erstmal wird noch ausgelassen auf dem CSD in M\u00fcnchen gefeiert.<\/p>\n","protected":false},"excerpt":{"rendered":"M\u00fcnchen feiert Vielfalt: Zum CSD-Wochenende wehen in der bayerischen Landeshauptstadt die Regenbogenflaggen, um Sichtbarkeit f\u00fcr die LGBTQI*-Community zu&hellip;\n","protected":false},"author":2,"featured_media":1125792,"comment_status":"","ping_status":"","sticky":false,"template":"","format":"standard","meta":{"footnotes":"","_share_on_mastodon":"0"},"categories":[1776],"tags":[30546,13914,1801,29,214,30,5135,1268,46088,1802,2045,5353,13913,215],"class_list":["post-1125791","post","type-post","status-publish","format-standard","has-post-thumbnail","category-prominente","tag-csd","tag-bill-kaulitz","tag-celebrities","tag-deutschland","tag-entertainment","tag-germany","tag-heidi-klum","tag-muenchen","tag-pride","tag-prominente","tag-promis","tag-tokio-hotel","tag-tom-kaulitz","tag-unterhaltung"],"share_on_mastodon":{"url":"https:\/\/pubeurope.com\/@de\/116822264484811955","error":""},"_links":{"self":[{"href":"https:\/\/www.europesays.com\/de\/wp-json\/wp\/v2\/posts\/1125791","targetHints":{"allow":["GET"]}}],"collection":[{"href":"https:\/\/www.europesays.com\/de\/wp-json\/wp\/v2\/posts"}],"about":[{"href":"https:\/\/www.europesays.com\/de\/wp-json\/wp\/v2\/types\/post"}],"author":[{"embeddable":true,"href":"https:\/\/www.europesays.com\/de\/wp-json\/wp\/v2\/users\/2"}],"replies":[{"embeddable":true,"href":"https:\/\/www.europesays.com\/de\/wp-json\/wp\/v2\/comments?post=1125791"}],"version-history":[{"count":0,"href":"https:\/\/www.europesays.com\/de\/wp-json\/wp\/v2\/posts\/1125791\/revisions"}],"wp:featuredmedia":[{"embeddable":true,"href":"https:\/\/www.europesays.com\/de\/wp-json\/wp\/v2\/media\/1125792"}],"wp:attachment":[{"href":"https:\/\/www.europesays.com\/de\/wp-json\/wp\/v2\/media?parent=1125791"}],"wp:term":[{"taxonomy":"category","embeddable":true,"href":"https:\/\/www.europesays.com\/de\/wp-json\/wp\/v2\/categories?post=1125791"},{"taxonomy":"post_tag","embeddable":true,"href":"https:\/\/www.europesays.com\/de\/wp-json\/wp\/v2\/tags?post=1125791"}],"curies":[{"name":"wp","href":"https:\/\/api.w.org\/{rel}","templated":true}]}}