{"id":1125810,"date":"2026-06-27T13:28:15","date_gmt":"2026-06-27T13:28:15","guid":{"rendered":"https:\/\/www.europesays.com\/de\/1125810\/"},"modified":"2026-06-27T13:28:15","modified_gmt":"2026-06-27T13:28:15","slug":"krefeld-grosseinsatz-in-altenheim-retter-helfen-mit-ventilatoren-und-kuehlpacks","status":"publish","type":"post","link":"https:\/\/www.europesays.com\/de\/1125810\/","title":{"rendered":"Krefeld: Gro\u00dfeinsatz in Altenheim \u2013 Retter helfen mit Ventilatoren und K\u00fchlpacks"},"content":{"rendered":"<p class=\"text_ohne_einzug richtext text-em-55 !leading-serif mx-6 desktop:mx-0\">Die extreme <a href=\"https:\/\/rp-online.de\/thema\/hitze\/\" rel=\"nofollow noopener\" target=\"_blank\">Hitze<\/a> mit Temperaturen nahe der 40-Grad-Grenze hat am Freitagabend und in der Nacht zu Samstag zu einem Gro\u00dfeinsatz von <a href=\"https:\/\/rp-online.de\/thema\/feuerwehr\/\" rel=\"nofollow noopener\" target=\"_blank\">Feuerwehr<\/a>, Katastrophenschutz und Zivilschutz in der Krefelder Innenstadt gef\u00fchrt. In einem Seniorenheim waren mehrere Bewohner kollabiert, in den R\u00e4umen lag die Temperatur zwischen 30 Grad Celsius und 39 Grad Celsius. F\u00fcnf Bewohner waren dadurch so schwer erkrankt, dass sie ins Krankenhaus eingeliefert werden mussten. Bei zwei von ihnen konnte Lebensgefahr zun\u00e4chst nicht ausgeschlossen werden, erkl\u00e4rte ein Feuerwehrsprecher.<\/p>\n","protected":false},"excerpt":{"rendered":"Die extreme Hitze mit Temperaturen nahe der 40-Grad-Grenze hat am Freitagabend und in der Nacht zu Samstag zu&hellip;\n","protected":false},"author":2,"featured_media":1125811,"comment_status":"","ping_status":"","sticky":false,"template":"","format":"standard","meta":{"footnotes":"","_share_on_mastodon":"0"},"categories":[2],"tags":[6581,19907,29,588,9032,237450,30,13,57225,73360,237449,259,5668,62642,10020,3479,10347,14,15,7014,220963,13868,12,10,8,9,11],"class_list":["post-1125810","post","type-post","status-publish","format-standard","has-post-thumbnail","category-deutschland","tag-altenheim","tag-bewohner","tag-deutschland","tag-einsatz","tag-einsatzkraefte","tag-einsatzstichwort","tag-germany","tag-headlines","tag-heim","tag-heissesten","tag-herunterzukuehlen","tag-informationen","tag-katastrophenschutz","tag-klimaanlage","tag-kraefte","tag-krefeld","tag-lage","tag-nachrichten","tag-news","tag-redaktion","tag-rettungsdiensteinsatz","tag-rettungseinsatz","tag-schlagzeilen","tag-top-news","tag-top-meldungen","tag-topmeldungen","tag-topnews"],"share_on_mastodon":{"url":"https:\/\/pubeurope.com\/@de\/116822311114816479","error":""},"_links":{"self":[{"href":"https:\/\/www.europesays.com\/de\/wp-json\/wp\/v2\/posts\/1125810","targetHints":{"allow":["GET"]}}],"collection":[{"href":"https:\/\/www.europesays.com\/de\/wp-json\/wp\/v2\/posts"}],"about":[{"href":"https:\/\/www.europesays.com\/de\/wp-json\/wp\/v2\/types\/post"}],"author":[{"embeddable":true,"href":"https:\/\/www.europesays.com\/de\/wp-json\/wp\/v2\/users\/2"}],"replies":[{"embeddable":true,"href":"https:\/\/www.europesays.com\/de\/wp-json\/wp\/v2\/comments?post=1125810"}],"version-history":[{"count":0,"href":"https:\/\/www.europesays.com\/de\/wp-json\/wp\/v2\/posts\/1125810\/revisions"}],"wp:featuredmedia":[{"embeddable":true,"href":"https:\/\/www.europesays.com\/de\/wp-json\/wp\/v2\/media\/1125811"}],"wp:attachment":[{"href":"https:\/\/www.europesays.com\/de\/wp-json\/wp\/v2\/media?parent=1125810"}],"wp:term":[{"taxonomy":"category","embeddable":true,"href":"https:\/\/www.europesays.com\/de\/wp-json\/wp\/v2\/categories?post=1125810"},{"taxonomy":"post_tag","embeddable":true,"href":"https:\/\/www.europesays.com\/de\/wp-json\/wp\/v2\/tags?post=1125810"}],"curies":[{"name":"wp","href":"https:\/\/api.w.org\/{rel}","templated":true}]}}