{"id":1125816,"date":"2026-06-27T13:32:48","date_gmt":"2026-06-27T13:32:48","guid":{"rendered":"https:\/\/www.europesays.com\/de\/1125816\/"},"modified":"2026-06-27T13:32:48","modified_gmt":"2026-06-27T13:32:48","slug":"hitzebelastung-mehr-patientinnen-und-patienten-im-uksh-kiel","status":"publish","type":"post","link":"https:\/\/www.europesays.com\/de\/1125816\/","title":{"rendered":"Hitzebelastung: Mehr Patientinnen und Patienten im UKSH Kiel"},"content":{"rendered":"<p>\n                Stand: 26.06.2026 10:41 Uhr<\/p>\n<p>                    <a href=\"https:\/\/www.europesays.com\/de\/wp-content\/uploads\/2026\/06\/uksh214.webp\" class=\"zoomimage\" title=\"Bild vergr\u00f6\u00dfern\"><\/p>\n<p>        <img decoding=\"async\" src=\"https:\/\/www.europesays.com\/de\/wp-content\/uploads\/2026\/06\/uksh214.webp\" alt=\"Das Universit\u00e4tsklinikum Schleswig-Holstein\" title=\"Im UKSH werden bis zu 30 Patientinnen mehr in der Notaufnahme behandelt. | NDR, Lisa Kaltenbach\" class=\"responsive\" loading=\"lazy\"\/><\/p>\n<p>                    <\/a><\/p>\n<p>                    Im UKSH werden bis zu 30 Patientinnen mehr in der Notaufnahme behandelt.<\/p>\n<p class=\"\">In der Notaufnahme des UKSH in <a href=\"https:\/\/www.ndr.de\/nachrichten\/schleswig-holstein\/Kiel-Aktuelle-Nachrichten-News-und-Videos,kiel7262.html\" title=\"Kiel - Aktuelle Nachrichten und Videos\" rel=\"nofollow noopener\" target=\"_blank\">Kiel<\/a> bleibt die andauernde Hitze nicht ohne Folgen. Etwa 20 bis 30 zus\u00e4tzliche Patientinnen und Patienten erwartet der \u00e4rztliche Leiter Domagoj Schunk t\u00e4glich in der Notaufnahme. Sein Team sei aber aufgrund der Kieler Woche ohnehin verst\u00e4rkt aufgestellt. H\u00e4ufig seien es \u00e4ltere Menschen, die zu wenig trinken w\u00fcrden und mit Schwindel Verwirrtheit oder Kreislaufkollaps eingeliefert werden, so Schunk.<\/p>\n<p>    Sonnenstich, Dehydration, Nierenversagen &#8211; die h\u00e4ufigsten Gr\u00fcnde<\/p>\n<p class=\"\">In der Notaufnahme werden bei Hitze vor allem Sonnenstiche, Kreislaufzusammenbr\u00fcche und Folgen von Fl\u00fcssigkeitsmangel behandelt. Typische Beschwerden sind Kopf- und Nackenschmerzen, Schwindel, \u00dcbelkeit bis hin zu Ohnmacht. Besonders gef\u00e4hrdet seien \u00e4ltere Menschen sowie Personen mit Herz-Kreislauf-Erkrankungen, erkl\u00e4rt Schunk. Warnzeichen wie Verwirrtheit oder starke Kreislaufprobleme sollten ernst genommen und im Notfall ein Krankenwagen gerufen werden.<\/p>\n<p>        <img decoding=\"async\" src=\"https:\/\/www.europesays.com\/de\/wp-content\/uploads\/2026\/06\/hitze-624.webp\" alt=\"Gewitter im Anflug an der Flensburger F\u00f6rde.\" title=\"Gewitter im Anflug an der Flensburger F\u00f6rde. | NDR, Frank Goldenstein\" class=\"responsive\" loading=\"lazy\"\/><\/p>\n<p>Der Deutsche Wetterdienst hat eine Hitzewarnung f\u00fcr das Wochenende ausgegeben. Zahlreiche Veranstaltungen wurden angesagt.<\/p>\n<p>        <img decoding=\"async\" src=\"https:\/\/www.europesays.com\/de\/wp-content\/uploads\/2026\/06\/hitze-514.webp\" alt=\"Die Sonne scheint hinter einem Thermometer, an dem eine Schwebefliege vorbeifliegt.\" title=\"Die Sonne scheint hinter einem Thermometer, an dem eine Schwebefliege vorbeifliegt. | dpa-Bildfunk\" class=\"responsive\" loading=\"lazy\"\/><\/p>\n<p>F\u00fcr das Wochenende sind Rekordtemperaturen von bis zu 38 Grad angek\u00fcndigt. Mensch und Tier stellt dies vor besondere Herausforderungen.<\/p>\n<p>        Schlagw\u00f6rter zu diesem Artikel<\/p>\n<p>            <a href=\"https:\/\/www.ndr.de\/nachrichten\/schleswig-holstein\/Kiel-Aktuelle-Nachrichten-News-und-Videos,kiel7262.html\" rel=\"nofollow noopener\" target=\"_blank\">Kiel<\/a><\/p>\n","protected":false},"excerpt":{"rendered":"Stand: 26.06.2026 10:41 Uhr Im UKSH werden bis zu 30 Patientinnen mehr in der Notaufnahme behandelt. In der&hellip;\n","protected":false},"author":2,"featured_media":1087451,"comment_status":"","ping_status":"","sticky":false,"template":"","format":"standard","meta":{"footnotes":"","_share_on_mastodon":"0"},"categories":[1852],"tags":[237452,3364,29,548,663,3934,30,13,11607,18113,4949,3263,14,15,12,1971,237451,41693],"class_list":["post-1125816","post","type-post","status-publish","format-standard","has-post-thumbnail","category-kiel","tag-appnewski","tag-de","tag-deutschland","tag-eu","tag-europa","tag-europe","tag-germany","tag-headlines","tag-hitze","tag-hitzewelle","tag-kiel","tag-krankenhaus","tag-nachrichten","tag-news","tag-schlagzeilen","tag-schleswig-holstein","tag-sh260626","tag-uksh"],"share_on_mastodon":{"url":"https:\/\/pubeurope.com\/@de\/116822327274277786","error":""},"_links":{"self":[{"href":"https:\/\/www.europesays.com\/de\/wp-json\/wp\/v2\/posts\/1125816","targetHints":{"allow":["GET"]}}],"collection":[{"href":"https:\/\/www.europesays.com\/de\/wp-json\/wp\/v2\/posts"}],"about":[{"href":"https:\/\/www.europesays.com\/de\/wp-json\/wp\/v2\/types\/post"}],"author":[{"embeddable":true,"href":"https:\/\/www.europesays.com\/de\/wp-json\/wp\/v2\/users\/2"}],"replies":[{"embeddable":true,"href":"https:\/\/www.europesays.com\/de\/wp-json\/wp\/v2\/comments?post=1125816"}],"version-history":[{"count":0,"href":"https:\/\/www.europesays.com\/de\/wp-json\/wp\/v2\/posts\/1125816\/revisions"}],"wp:featuredmedia":[{"embeddable":true,"href":"https:\/\/www.europesays.com\/de\/wp-json\/wp\/v2\/media\/1087451"}],"wp:attachment":[{"href":"https:\/\/www.europesays.com\/de\/wp-json\/wp\/v2\/media?parent=1125816"}],"wp:term":[{"taxonomy":"category","embeddable":true,"href":"https:\/\/www.europesays.com\/de\/wp-json\/wp\/v2\/categories?post=1125816"},{"taxonomy":"post_tag","embeddable":true,"href":"https:\/\/www.europesays.com\/de\/wp-json\/wp\/v2\/tags?post=1125816"}],"curies":[{"name":"wp","href":"https:\/\/api.w.org\/{rel}","templated":true}]}}