{"id":1125876,"date":"2026-06-27T14:10:21","date_gmt":"2026-06-27T14:10:21","guid":{"rendered":"https:\/\/www.europesays.com\/de\/1125876\/"},"modified":"2026-06-27T14:10:21","modified_gmt":"2026-06-27T14:10:21","slug":"nuernberg-zwei-festnahmen-nach-missbrauch-und-drogenabgabe-an-jugendliche","status":"publish","type":"post","link":"https:\/\/www.europesays.com\/de\/1125876\/","title":{"rendered":"N\u00fcrnberg: Zwei Festnahmen nach Missbrauch und Drogenabgabe an Jugendliche"},"content":{"rendered":"<p>N\u00fcrnberger Bahnhofsviertel <\/p>\n<p>Festnahmen bei Ermittlungen zu Sexual- und Drogendelikten<\/p>\n<p>27.06.2026 &#8211; 13:23 UhrLesedauer: 1 Min.<\/p>\n<p><a href=\"#focus-0\" class=\"transition-colors block text-current relative\" data-sctrack=\"FocusGalleryImage.Reference\"><img fetchpriority=\"high\" data-testid=\"Opener.Image\"   loading=\"eager\" src=\"https:\/\/www.europesays.com\/de\/wp-content\/uploads\/2026\/06\/1782569421_737_image.jpg\" alt=\"urn:newsml:dpa.com:20090101:260626-935-1437723\" title=\"urn:newsml:dpa.com:20090101:260626-935-1437723\" width=\"800\" height=\"450\" class=\"bg-[url:var(--lqipURL)] bg-cover bg-center flex h-full w-full max-w-full\" style=\"--lqipURL:url('https:\/\/images.t-online.de\/2026\/06\/7ZEa9jF0BlDn\/0x75:800x450\/fit-in\/150x0\/filters:blur(25)\/image.jpg')\" decoding=\"async\"\/><img loading=\"lazy\" src=\"https:\/\/nuernberg.t-online.de\/s\/paper\/_next\/static\/media\/zoom-in.f7dae02f.svg\" alt=\"Vergr\u00f6\u00dfern des Bildes\" title=\"Vergr\u00f6\u00dfern des Bildes\" class=\"block h-[calc(var(--height)_\/_16_*_1rem)] w-[calc(var(--width)_\/_16_*_1rem)] max-w-none absolute right-8 bottom-8 rounded-4 bg-snow p-8\" style=\"--width:32;--height:32\" decoding=\"async\"\/><\/a><\/p>\n<p>Handschellen am G\u00fcrtel eines Polizeibeamten (Symbolbild): Die M\u00e4nner kamen in verschiedene Justizvollzugsanstalten. (Quelle: Karl-Josef Hildenbrand\/dpa)<\/p>\n<p class=\"font-bold text-18 leading-17 user-text-lg:text-22 user-text-xl:text-24\">Eine Ermittlungskommission geht seit f\u00fcnf Wochen gegen Kriminalit\u00e4t rund um den N\u00fcrnberger Hauptbahnhof vor. Nun gibt es die n\u00e4chsten Verhaftungen.<\/p>\n<p class=\"text-18 leading-17 user-text-lg:text-22 user-text-xl:text-24\">Im N\u00fcrnberger Umland hat die Polizei zwei M\u00e4nner im Alter von 18 und 26 Jahren festgenommen. Beiden wird vorgeworfen, im Bereich des N\u00fcrnberger Hauptbahnhofs Drogen an Minderj\u00e4hrige abgegeben zu haben. Gegen einen der Tatverd\u00e4chtigen besteht zudem der Verdacht der Vergewaltigung von Jugendlichen. Gegen beide lagen Haftbefehle vor, wie die Polizei mitteilte.<\/p>\n<p class=\"text-18 leading-17 user-text-lg:text-22 user-text-xl:text-24\">Die Festnahmen erfolgten an einem Donnerstagnachmittag im F\u00fcrther und Erlanger Stadtgebiet. Beide M\u00e4nner wurden anschlie\u00dfend in Justizvollzugsanstalten gebracht.<\/p>\n<p class=\"text-18 leading-17 user-text-lg:text-22 user-text-xl:text-24\">Verantwortlich f\u00fcr die Verhaftungen ist die Ermittlungskommission &#8222;EKO Kajal&#8220;, die vor f\u00fcnf Wochen gegr\u00fcndet wurde. Ihr Auftrag: Sexualdelikte gegen M\u00e4dchen und junge Frauen sowie die Weitergabe von Bet\u00e4ubungsmitteln und Medikamenten an Minderj\u00e4hrige aufzukl\u00e4ren. Im Fokus stehen Drogendealer, denen vorgeworfen wird, M\u00e4dchen und junge Frauen gezielt von harten Drogen abh\u00e4ngig gemacht und sexuell missbraucht zu haben.<\/p>\n<p class=\"text-18 leading-17 user-text-lg:text-22 user-text-xl:text-24\">Seit ihrer Gr\u00fcndung hat die Kommission insgesamt acht Tatverd\u00e4chtige festgenommen und in Haft gebracht.<\/p>\n","protected":false},"excerpt":{"rendered":"N\u00fcrnberger Bahnhofsviertel Festnahmen bei Ermittlungen zu Sexual- und Drogendelikten 27.06.2026 &#8211; 13:23 UhrLesedauer: 1 Min. Handschellen am G\u00fcrtel&hellip;\n","protected":false},"author":2,"featured_media":1125877,"comment_status":"","ping_status":"","sticky":false,"template":"","format":"standard","meta":{"footnotes":"","_share_on_mastodon":"0"},"categories":[1837],"tags":[722,17161,7025,772,3364,29,433,24885,587,61730,30,18369,3601,5575,3783,121,1921],"class_list":["post-1125876","post","type-post","status-publish","format-standard","has-post-thumbnail","category-nuernberg","tag-722","tag-17161","tag-bahnhofsviertel","tag-bayern","tag-de","tag-deutschland","tag-drogen","tag-drogendelikt","tag-ermittlung","tag-ermittlungskommission","tag-germany","tag-handschelle","tag-hauptbahnhof","tag-justizvollzugsanstalt","tag-nuernberg","tag-polizei","tag-vergewaltigung"],"share_on_mastodon":{"url":"https:\/\/pubeurope.com\/@de\/116822478107776898","error":""},"_links":{"self":[{"href":"https:\/\/www.europesays.com\/de\/wp-json\/wp\/v2\/posts\/1125876","targetHints":{"allow":["GET"]}}],"collection":[{"href":"https:\/\/www.europesays.com\/de\/wp-json\/wp\/v2\/posts"}],"about":[{"href":"https:\/\/www.europesays.com\/de\/wp-json\/wp\/v2\/types\/post"}],"author":[{"embeddable":true,"href":"https:\/\/www.europesays.com\/de\/wp-json\/wp\/v2\/users\/2"}],"replies":[{"embeddable":true,"href":"https:\/\/www.europesays.com\/de\/wp-json\/wp\/v2\/comments?post=1125876"}],"version-history":[{"count":0,"href":"https:\/\/www.europesays.com\/de\/wp-json\/wp\/v2\/posts\/1125876\/revisions"}],"wp:featuredmedia":[{"embeddable":true,"href":"https:\/\/www.europesays.com\/de\/wp-json\/wp\/v2\/media\/1125877"}],"wp:attachment":[{"href":"https:\/\/www.europesays.com\/de\/wp-json\/wp\/v2\/media?parent=1125876"}],"wp:term":[{"taxonomy":"category","embeddable":true,"href":"https:\/\/www.europesays.com\/de\/wp-json\/wp\/v2\/categories?post=1125876"},{"taxonomy":"post_tag","embeddable":true,"href":"https:\/\/www.europesays.com\/de\/wp-json\/wp\/v2\/tags?post=1125876"}],"curies":[{"name":"wp","href":"https:\/\/api.w.org\/{rel}","templated":true}]}}