{"id":1125904,"date":"2026-06-27T14:28:18","date_gmt":"2026-06-27T14:28:18","guid":{"rendered":"https:\/\/www.europesays.com\/de\/1125904\/"},"modified":"2026-06-27T14:28:18","modified_gmt":"2026-06-27T14:28:18","slug":"hauptbahnhof-in-stuttgart-boeschung-brennt-zugverkehr-kurzzeitig-eingestellt","status":"publish","type":"post","link":"https:\/\/www.europesays.com\/de\/1125904\/","title":{"rendered":"Hauptbahnhof in Stuttgart: B\u00f6schung brennt \u2013 Zugverkehr kurzzeitig eingestellt"},"content":{"rendered":"<p>\t\t\t\t\t\t\t\t\t\t\t\t\t\t\t\t\t\t\t\t\t\t\t\t\t\t\t\t      \t\t            \t\t             \t\t\t\t   \t\t\t\t\t   <img decoding=\"async\" id=\"article-image\" fetchpriority=\"high\" alt=\"Hauptbahnhof in Stuttgart: B\u00f6schung brennt \u2013 Zugverkehr kurzzeitig eingestellt\" title=\"Hauptbahnhof in Stuttgart: B\u00f6schung brennt \u2013 Zugverkehr kurzzeitig eingestellt\" src=\"https:\/\/www.europesays.com\/de\/wp-content\/uploads\/2026\/06\/media.media.9934f407-cb76-4c94-9596-92d76426be4f.16x9_700.jpg\" data-linkto=\"https:\/\/www.stuttgarter-nachrichten.de\/javascript:void(0);\"\/>\t\t\t\t\t\t\t\t\t\t\t\t\t\t\t\t\t\t\t\t\t\t\t\tGleisvorfeld am Hauptbahnhof Stuttgart: Ein B\u00f6schungsbrand legte den kompletten Zugverkehr lahm (Archivbild).\u00a0Foto: IMAGO\/Arnulf Hettrich\t\t\t<\/p>\n<p>Eine B\u00f6schung hat am Hauptbahnhof in Stuttgart gebrannt. Der Zugverkehr wurde kurzzeitig komplett eingestellt. Was bisher bekannt ist.<\/p>\n<p> Die <a href=\"https:\/\/www.stuttgarter-nachrichten.de\/thema\/Deutsche_Bahn\" title=\"Deutsche Bahn\" class=\"art_thema\" rel=\"nofollow noopener\" target=\"_blank\">Deutsche Bahn<\/a> hat am Samstagmittag den Zugverkehr rund um den <a href=\"https:\/\/www.stuttgarter-nachrichten.de\/thema\/Hauptbahnhof\" title=\"Hauptbahnhof\" class=\"art_thema\" rel=\"nofollow noopener\" target=\"_blank\">Hauptbahnhof<\/a> in <a href=\"https:\/\/www.stuttgarter-nachrichten.de\/thema\/Stuttgart\" title=\"Stuttgart\" class=\"art_thema\" rel=\"nofollow noopener\" target=\"_blank\">Stuttgart<\/a> rund zwei Stunden lang komplett eingestellt. Betroffen waren sowohl die Fernz\u00fcge als auch die S-Bahnen. Der Grund: Ein Feuer war an einer <a href=\"https:\/\/www.stuttgarter-nachrichten.de\/thema\/B%C3%B6schung\" title=\"B\u00f6schung\" class=\"art_thema\" rel=\"nofollow noopener\" target=\"_blank\">B\u00f6schung<\/a> im Gleisvorfeld des Bahnhofs ausgebrochen. Rund 30 Quadratmeter waren betroffen. Verletzte gab es nach derzeitigen Informationen keine.<\/p>\n<p>\u201eBis die L\u00f6scharbeiten abgeschlossen sind, kann kein S-Bahnverkehr stattfinden\u201c, teilte die Deutsche Bahn zun\u00e4chst mit. Die Bahn bat Fahrg\u00e4ste darum, auf alternative Verkehrsmittel auszuweichen. Gegen 15 Uhr rollten die ersten Z\u00fcge wieder an, ein Gro\u00dfteil der Gleise wurde wieder freigegeben.<\/p>\n<p>Die <a href=\"https:\/\/www.stuttgarter-nachrichten.de\/thema\/Feuerwehr\" title=\"Feuerwehr\" class=\"art_thema\" rel=\"nofollow noopener\" target=\"_blank\">Feuerwehr<\/a> war gegen 13.30 Uhr zu dem Brand an der B\u00f6schung gerufen worden. Dort hatte sich Rauch entwickelt, teilte Feuerwehrsprecher Daniel Anand auf Anfrage unserer Redaktion mit. Da die Stelle schwer zu erreichen war, wurden die Einsatzkr\u00e4fte mit dem Zug zur Brandstelle gebracht. Gegen 15.30 Uhr war ein Gro\u00dfteil des Feuers gel\u00f6scht. <\/p>\n<p>Da auch die Einsatzfahrzeuge nicht zur Brandstelle vorr\u00fccken konnten, wurde ein so genannter Rettungszug der Deutschen Bahn angefordert. Dieser Zug transportiert Tanks mit rund 20.000 Litern Wasser. Mit diesem L\u00f6schwasser wurden am Nachmittag die \u00fcbrigen Glutnester gel\u00f6scht, damit das Feuer nicht erneut auflodert.<\/p>\n<p>Der Rauch war aus der Ferne zu sehen und offenbar im Gleisvorfeld des Bahnhofs zwischen dem Unteren Schlossgarten und der Rosensteinstra\u00dfe aufgestiegen. \u201eDie Brandstelle ist schwer zu erreichen\u201c, teilte Anand mit, als die L\u00f6scharbeiten gegen 14.30 Uhr begannen. Zu diesem Zeitpunkt hatten sich bereits mehrere Glutnester gebildet.<\/p>\n<p>Dritter Einsatz in zwei Tagen am Bahnhof <\/p>\n<p>Es ist bereits der dritte Einsatz der Feuerwehr innerhalb von zwei Tagen am Hauptbahnhof. <a href=\"https:\/\/www.stuttgarter-nachrichten.de\/inhalt.s-bahn-stuttgart-kurzschluss-am-hauptbahnhof-s-bahn-verkehr-zeitweise-eingestellt.db72570b-6d8d-4481-80d6-34fc5bf5367d.html\" target=\"_blank\" rel=\"nofollow noopener\">Bereits am Freitagnachmittag<\/a> hatte eine B\u00f6schung in der N\u00e4he des Schlossgartens gebrannt.<\/p>\n<p>Aufgrund der Wetterlage seien die Einsatzkr\u00e4fte in den vergangenen Tagen st\u00e4ndig im Einsatz, sagte Anand. Aaufgrund der Hitze w\u00fcrden immer wieder Brandmelder ausl\u00f6sen. Auch Gas war bereits ausgetreten, weil ein Sicherheitsventil auf die Hitze reagierte. Zudem h\u00e4ufe sich die Zahl an Br\u00e4nden. \u201eEs gibt gerade deutlich mehr Vegetationsbr\u00e4nde als sonst\u201c, so Anand. \u201eDa reicht ein kleiner Funke, um einen Brand auszul\u00f6sen.\u201c Er appelliert an die Bev\u00f6lkerung, \u201esehr vorsichtig zu sein in der Natur und die Grillverbote zu beachten\u201c.<\/p>\n<p>Derzeit herrscht Gefahrenstufe vier, was die Waldbrandgefahr in Stuttgart betrifft. Die Gefahr gilt als \u201ehoch\u201c, das ist die vorletzte Stufe auf der Skala.<\/p>\n","protected":false},"excerpt":{"rendered":"Gleisvorfeld am Hauptbahnhof Stuttgart: Ein B\u00f6schungsbrand legte den kompletten Zugverkehr lahm (Archivbild).\u00a0Foto: IMAGO\/Arnulf Hettrich Eine B\u00f6schung hat am&hellip;\n","protected":false},"author":2,"featured_media":1125905,"comment_status":"","ping_status":"","sticky":false,"template":"","format":"standard","meta":{"footnotes":"","_share_on_mastodon":"0"},"categories":[1830],"tags":[1634,41824,41825,3364,2030,29,985,30,3601,5721,1441,2869],"class_list":["post-1125904","post","type-post","status-publish","format-standard","has-post-thumbnail","category-stuttgart","tag-baden-wuerttemberg","tag-boeschung","tag-boeschungsbrand","tag-de","tag-deutsche-bahn","tag-deutschland","tag-feuerwehr","tag-germany","tag-hauptbahnhof","tag-s-bahn-stuttgart","tag-stuttgart","tag-zugverkehr"],"share_on_mastodon":{"url":"https:\/\/pubeurope.com\/@de\/116822548942295561","error":""},"_links":{"self":[{"href":"https:\/\/www.europesays.com\/de\/wp-json\/wp\/v2\/posts\/1125904","targetHints":{"allow":["GET"]}}],"collection":[{"href":"https:\/\/www.europesays.com\/de\/wp-json\/wp\/v2\/posts"}],"about":[{"href":"https:\/\/www.europesays.com\/de\/wp-json\/wp\/v2\/types\/post"}],"author":[{"embeddable":true,"href":"https:\/\/www.europesays.com\/de\/wp-json\/wp\/v2\/users\/2"}],"replies":[{"embeddable":true,"href":"https:\/\/www.europesays.com\/de\/wp-json\/wp\/v2\/comments?post=1125904"}],"version-history":[{"count":0,"href":"https:\/\/www.europesays.com\/de\/wp-json\/wp\/v2\/posts\/1125904\/revisions"}],"wp:featuredmedia":[{"embeddable":true,"href":"https:\/\/www.europesays.com\/de\/wp-json\/wp\/v2\/media\/1125905"}],"wp:attachment":[{"href":"https:\/\/www.europesays.com\/de\/wp-json\/wp\/v2\/media?parent=1125904"}],"wp:term":[{"taxonomy":"category","embeddable":true,"href":"https:\/\/www.europesays.com\/de\/wp-json\/wp\/v2\/categories?post=1125904"},{"taxonomy":"post_tag","embeddable":true,"href":"https:\/\/www.europesays.com\/de\/wp-json\/wp\/v2\/tags?post=1125904"}],"curies":[{"name":"wp","href":"https:\/\/api.w.org\/{rel}","templated":true}]}}