{"id":1126101,"date":"2026-06-27T16:16:25","date_gmt":"2026-06-27T16:16:25","guid":{"rendered":"https:\/\/www.europesays.com\/de\/1126101\/"},"modified":"2026-06-27T16:16:25","modified_gmt":"2026-06-27T16:16:25","slug":"papierfabrik-meldet-insolvenz-an-220-jobs-auf-der-kippe-regional","status":"publish","type":"post","link":"https:\/\/www.europesays.com\/de\/1126101\/","title":{"rendered":"Papierfabrik meldet Insolvenz an: 220 Jobs auf der Kippe | Regional"},"content":{"rendered":"<p><a class=\"skip-content skip-content--link\" href=\"#in-content-skip-link-target-v-0-0\">TTS-Player \u00fcberspringen\u21b5<\/a><a id=\"in-content-skip-link-target-v-0-0\" class=\"skip-content--target-link-hidden skip-content skip-content--target-link\" href=\"#in-content-skip-link-target-v-0-0\">Artikel weiterlesen<\/a><\/p>\n<p data-780e759e=\"0-743\">Baiersbronn \u2013 <b>Die Papierfabrik im Schwarzwald hatte zuletzt noch einen Jahresumsatz von 80 Millionen Euro gemacht. Doch jetzt ist der Verpackungshersteller pleite! Die Baiersbronn Frischfaser Karton GmbH musste beim Amtsgericht Rottweil einen Insolvenzantrag stellen. Wenn sich in den n\u00e4chsten Monaten kein Investor findet, k\u00f6nnten 220 Jobs verschwinden.<\/b><\/p>\n<p data-780e759e=\"0-743\">Das Unternehmen aus <a href=\"https:\/\/www.bild.de\/regional\/baden-wuerttemberg\/home-aK1F2gtJlD2xs4m3tWkn\" class=\"text-link\" rel=\"nofollow noopener\" target=\"_blank\">Baden-W\u00fcrttemberg<\/a> produziert vor allem sogenannte Faltschachtelkartons f\u00fcr Kunden aus der Lebensmittel-, Pharma- und Kosmetikindustrie. Trotz finanzieller Schieflage l\u00e4uft der Gesch\u00e4ftsbetrieb vorerst normal weiter. Als vorl\u00e4ufiger Insolvenzverwalter wurde der Rechtsanwalt Dr. Jan Markus Plathner bestellt.<\/p>\n<p><img decoding=\"async\" width=\"992\" height=\"558\" alt=\"Die Baiersbronn Frischfaser Karton GmbH besch\u00e4ftigt 220 Mitarbeiter\" loading=\"lazy\" src=\"https:\/\/www.europesays.com\/de\/wp-content\/uploads\/2026\/06\/c537f8e5b2739ef393dacc0913030e79,282b888d.jpeg\"   class=\"landscape\"\/><\/p>\n<p class=\"fig__caption__text\">Die Baiersbronn Frischfaser Karton GmbH besch\u00e4ftigt 220 Mitarbeiter<\/p>\n<p>Foto: Baiersbronn Frischfaser Karton GmbH<\/p>\n<p>Das sagt der Insolvenzverwalter<\/p>\n<p data-780e759e=\"0-743\">Auf BILD-Anfrage hielt sich der Sanierungsexperte noch zur\u00fcck, wollte keine Details zur H\u00f6he der aufgelaufenen Verbindlichkeiten preisgeben. Zun\u00e4chst m\u00fcsse sich das Team einen \u00dcberblick verschaffen und Ma\u00dfnahmen zur Stabilisierung des Betriebs einleiten. Die weitere Lieferf\u00e4higkeit des <a href=\"https:\/\/www.bild.de\/themen\/organisationen\/unternehmen\/news-fotos-videos-5n9Nevv68FAFS89DJteg\" class=\"text-link\" rel=\"nofollow noopener\" target=\"_blank\">Unternehmens<\/a> solle sichergestellt werden.<\/p>\n<p data-780e759e=\"766-1486\">Zuvor erkl\u00e4rte Dr. Plathner in einer Pressemitteilung: \u201eZiel ist es, im Rahmen eines strukturierten Prozesses zeitnah eine Investorenl\u00f6sung zu realisieren, welche auch die Arbeitspl\u00e4tze der Mitarbeiter langfristig sichert.\u201c Die L\u00f6hne und Geh\u00e4lter der rund 220 <a href=\"https:\/\/www.bild.de\/themen\/specials\/jobsuche\/ratgeber-karriere-nachrichten-news-fotos-videos-17041556.bild.html\" class=\"text-link\" rel=\"nofollow noopener\" target=\"_blank\">Mitarbeiter<\/a> sind f\u00fcr die Monate Juni, Juli und August \u00fcber das Insolvenzgeld der Bundesagentur f\u00fcr Arbeit abgesichert.<\/p>\n<p><img decoding=\"async\" width=\"992\" height=\"1178\" alt=\"Die Produktion von Papier und Kartons l\u00e4uft uneingeschr\u00e4nkt weiter\" loading=\"lazy\" src=\"https:\/\/www.europesays.com\/de\/wp-content\/uploads\/2026\/06\/c1bf4448b23ea7a26397502985c933de,e94672ec.jpeg\"   class=\"portrait\"\/><\/p>\n<p class=\"fig__caption__text\">Die Produktion von Papier und Kartons in der Fabrik l\u00e4uft uneingeschr\u00e4nkt weiter<\/p>\n<p>Foto: Baiersbronn Frischfaser Karton GmbH<\/p>\n<p>Die Gr\u00fcnde f\u00fcr die Pleite<\/p>\n<p data-780e759e=\"766-1486\">Besonders die hohen Energiekosten h\u00e4tten die Papierfabrik belastet und f\u00fcr <a href=\"https:\/\/www.bild.de\/themen\/specials\/wirtschaft\/wirtschaft-nachrichten-news-fotos-videos-47448734.bild.html\" class=\"text-link\" rel=\"nofollow noopener\" target=\"_blank\">wirtschaftliche<\/a> Probleme gesorgt. Hinzu komme der Auftragsmangel in einem schwierigen Marktumfeld. Vor der Anmeldung der <a href=\"https:\/\/www.bild.de\/themen\/specials\/insolvenz\/finanzen-nachrichten-news-fotos-videos-21175522.bild.html\" class=\"text-link\" rel=\"nofollow noopener\" target=\"_blank\">Insolvenz<\/a> hatte der etwa 75 Jahre alte Betrieb selbst versucht, die Produktionskosten zu senken \u2013 ohne Erfolg. Jetzt l\u00e4uft die Investorensuche auf Hochtouren.<\/p>\n<p>Mehr zum Thema<\/p>\n<p data-780e759e=\"1509-2252\">Die Krise breitet sich aus: Erst vor Kurzem war die <a href=\"https:\/\/www.bild.de\/regional\/sachsen\/dritte-insolvenz-in-neun-jahren-188-jahre-alte-papierfabrik-erneut-pleite-698b0629533764e367a48573\" class=\"text-link\" rel=\"nofollow noopener\" target=\"_blank\">traditionsreiche Papierfabrik Hainsberg in die mittlerweile dritte Pleite<\/a> geschlittert. Seit April befindet sich das Unternehmen ebenfalls im Insolvenzverfahren. Ein Unternehmenssprecher zu BILD: \u201eDie Papierbranche steht unter massivem Druck durch hohe <a href=\"https:\/\/www.bild.de\/themen\/specials\/kosten\/news-fotos-videos-23670088.bild.html\" class=\"text-link\" rel=\"nofollow noopener\" target=\"_blank\">Produktionskosten<\/a>, wie etwa erh\u00f6hte Energie- und Personalkosten \u2013 und k\u00e4mpft gegen einen deutlichen R\u00fcckgang der Nachfrage.\u201c<\/p>\n","protected":false},"excerpt":{"rendered":"TTS-Player \u00fcberspringen\u21b5Artikel weiterlesen Baiersbronn \u2013 Die Papierfabrik im Schwarzwald hatte zuletzt noch einen Jahresumsatz von 80 Millionen Euro&hellip;\n","protected":false},"author":2,"featured_media":1126102,"comment_status":"","ping_status":"","sticky":false,"template":"","format":"standard","meta":{"footnotes":"","_share_on_mastodon":"0"},"categories":[134],"tags":[17401,1634,10348,175,170,169,29,14507,1721,30,73728,1551,2263,1942,2985,12546,171,174,6400,1158,1371,185455,173,172,17591,55],"class_list":["post-1126101","post","type-post","status-publish","format-standard","has-post-thumbnail","category-unternehmen-maerkte","tag-arbeitsplatz","tag-baden-wuerttemberg","tag-baiersbronn","tag-business","tag-companies","tag-companies-markets","tag-deutschland","tag-fabrik","tag-finanzen","tag-germany","tag-hunting-carina","tag-insolvenz","tag-investor","tag-job","tag-kosten","tag-krisen","tag-markets","tag-maerkte","tag-mitarbeiter","tag-organisationen","tag-pleite","tag-seo-first","tag-unternehmen","tag-unternehmen-maerkte","tag-unternehmensformen","tag-wirtschaft"],"share_on_mastodon":{"url":"https:\/\/pubeurope.com\/@de\/116822972076409328","error":""},"_links":{"self":[{"href":"https:\/\/www.europesays.com\/de\/wp-json\/wp\/v2\/posts\/1126101","targetHints":{"allow":["GET"]}}],"collection":[{"href":"https:\/\/www.europesays.com\/de\/wp-json\/wp\/v2\/posts"}],"about":[{"href":"https:\/\/www.europesays.com\/de\/wp-json\/wp\/v2\/types\/post"}],"author":[{"embeddable":true,"href":"https:\/\/www.europesays.com\/de\/wp-json\/wp\/v2\/users\/2"}],"replies":[{"embeddable":true,"href":"https:\/\/www.europesays.com\/de\/wp-json\/wp\/v2\/comments?post=1126101"}],"version-history":[{"count":0,"href":"https:\/\/www.europesays.com\/de\/wp-json\/wp\/v2\/posts\/1126101\/revisions"}],"wp:featuredmedia":[{"embeddable":true,"href":"https:\/\/www.europesays.com\/de\/wp-json\/wp\/v2\/media\/1126102"}],"wp:attachment":[{"href":"https:\/\/www.europesays.com\/de\/wp-json\/wp\/v2\/media?parent=1126101"}],"wp:term":[{"taxonomy":"category","embeddable":true,"href":"https:\/\/www.europesays.com\/de\/wp-json\/wp\/v2\/categories?post=1126101"},{"taxonomy":"post_tag","embeddable":true,"href":"https:\/\/www.europesays.com\/de\/wp-json\/wp\/v2\/tags?post=1126101"}],"curies":[{"name":"wp","href":"https:\/\/api.w.org\/{rel}","templated":true}]}}