{"id":1126135,"date":"2026-06-27T16:35:28","date_gmt":"2026-06-27T16:35:28","guid":{"rendered":"https:\/\/www.europesays.com\/de\/1126135\/"},"modified":"2026-06-27T16:35:28","modified_gmt":"2026-06-27T16:35:28","slug":"es-war-doch-gruen-radfahrer-faehrt-bei-rot-vierjaehriges-maedchen-um-und-rast-davon","status":"publish","type":"post","link":"https:\/\/www.europesays.com\/de\/1126135\/","title":{"rendered":"\u201eEs war doch Gr\u00fcn!\u201c: Radfahrer f\u00e4hrt bei Rot vierj\u00e4hriges M\u00e4dchen um und rast davon"},"content":{"rendered":"<p id=\"absatz1\" class=\"em_text\">Bielefeld. F\u00fcr ein vierj\u00e4hriges M\u00e4dchen geriet nach ihrer eigenen Geburtstagsfeier in der Kita f\u00fcr einen Moment die Welt ins Wanken. Die Kleine wollte bei Gr\u00fcn eine Ampel an der Kurt-Schumacher-Stra\u00dfe \u00fcberqueren, als sie auf der Stra\u00dfe mit voller Wucht von einem Radfahrer erfasst wurde, der offenbar bei Rot einfach weitergefahren war. Das berichtet die Mutter in der Facebook-Gruppe \u201eBielefelder\/innen 2.0\u201c. Der Radler hielt zwar kurz an, raste dann aber weiter. Nun sucht die Polizei den Unfallverursacher.<\/p>\n<p id=\"absatz2\">Das M\u00e4dchen hatte Gl\u00fcck im Ungl\u00fcck. Sie erlitt lediglich Schrammen und Kratzer an Wange, Arm und Bein. Doch die Verzweiflung der Vierj\u00e4hrigen zeigte sich auf anderer Ebene: \u201eEs war doch Gr\u00fcn!\u201c, rief sie ihrer Mutter zu, die nur kurz hinter ihr gegangen war. \u201eSie verstand nicht, warum sie angefahren wurde, obwohl sie die Stra\u00dfe ordnungsgem\u00e4\u00df \u00fcberquert hatte\u201c, berichtet die Bielefelderin. <\/p>\n<p id=\"absatz3\" class=\"em_text\">Der Unfall ereignete sich laut Polizeibericht am Dienstag, 23 Juni, gegen 8.45 Uhr auf der Kurt-Schumacher-Stra\u00dfe (H\u00f6he Jakob-Kaiser-Stra\u00dfe). Das M\u00e4dchen war gemeinsam mit seiner Mutter entlang der Kurt-Schumacher-Stra\u00dfe unterwegs und \u201ebeabsichtigte, an einer Fu\u00dfg\u00e4ngerampel bei Gr\u00fcn die Kurt-Schumacher-Stra\u00dfe zu \u00fcberqueren\u201c, hei\u00dft es im Polizeibericht.<\/p>\n<p>Bielefelderin: \u201eEr fragte gar nicht nach dem Zustand meiner Tochter\u201c<\/p>\n<p class=\"em_text\">Der unbekannte Radfahrer fuhr in diesem Moment mit hoher Geschwindigkeit auf dem Radweg der Kurt-Schumacher-Stra\u00dfe stadteinw\u00e4rts, stie\u00df mit der Vierj\u00e4hrigen zusammen, die daraufhin zu Boden st\u00fcrzte. Erst als sich die Mutter laut rufend an den Radler wandte, hielt dieser kurz an, wandte sich um und entschuldigte sich. \u201eTrotzdem setzte er seinen Weg weiter fort\u201c, hei\u00dft es von der Polizei. Die Mutter entsetzt: \u201eDer Mann fragte gar nicht nach dem Zustand meiner Tochter.\u201c Das Verhalten des Unbekannten bezeichnet sie als \u201eabscheulich\u201c.<\/p>\n<p id=\"absatz5\" class=\"em_text\">Die Polizei sucht nun den Mann mutma\u00dflich wegen Fahrerflucht. Der Radler (30 bis 45 Jahre, sportliche Statur) trug schwarze, sportliche Kleidung mit einer Kappe oder einem Helm. Der Mann und m\u00f6gliche Zeugen werden gebeten, sich beim Verkehrskommissariat 1 zu melden unter Tel. 0521 5450.<\/p>\n<p>Weitere Bielefelder F\u00e4lle von Fahrerflucht mit Kindern<\/p>\n<p id=\"absatz6\" class=\"em_text\">Leider erleben Kinder immer wieder, dass Autofahrer nicht ihrer Verantwortung nachkommen und sich nach einem Unfall um die Verletzten k\u00fcmmern. Erst am 15. Juni, hatte ein Autofahrer an der Windelsbleicher Stra\u00dfe in Senne eine neunj\u00e4hrige Radfahrerin angefahren, noch genervt gehupt und war davongefahren.<\/p>\n<p id=\"absatz7\"><b class=\"bold\">Der Polizeibericht<\/b>: <a href=\"https:\/\/www.nw.de\/lokal\/bielefeld\/mitte\/24355695_Fahndung-Autofahrer-erfasst-auf-Bielefelder-Radweg-ein-neunjaehriges-Maedchen-und-haut-ab.html\" rel=\"nofollow noopener\" target=\"_blank\">Fahndung: Autofahrer erfasst auf Bielefelder Radweg ein neunj\u00e4hriges M\u00e4dchen und haut ab<\/a><\/p>\n<p id=\"absatz8\" class=\"em_text\">Am 8. Juni hatte es eine Autofahrerin einen siebenj\u00e4hrigen Radler in Heepen erwischt. Die Unfallfahrerin hatte sich zwar kurz nach dem Wohlbefinden des Jungen erkundigt und auch die Mutter war wenig sp\u00e4ter am Unfallort eingetroffen. Trotzdem verlie\u00df die 72-j\u00e4hrige Autofahrerin anschlie\u00dfend einfach den Unfallort.<\/p>\n<p id=\"absatz9\"><b class=\"bold\">Der Polizeibericht<\/b>: <a href=\"https:\/\/www.nw.de\/lokal\/bielefeld\/mitte\/24350073_Bielefelder-Autofahrerin-faehrt-Kind-an-und-laesst-das-Opfer-mit-der-Mutter-sitzen.html\" rel=\"nofollow noopener\" target=\"_blank\">Bielefelder Autofahrerin f\u00e4hrt Kind an und l\u00e4sst das Opfer mit der Mutter sitzen<\/a><\/p>\n<p id=\"absatz10\" class=\"em_text\">Wie die Polizei immer wieder betont, reicht es nicht aus, Kinder nach einem Unfall zu fragen, ob es ihnen gut geht: \u201eDurch eine Weiterfahrt erf\u00fcllen Sie den Tatbestand einer Unfallflucht\u201c, warnt die Polizei. \u201eRufen Sie immer die Polizei, wenn bei einem Unfall ein Kind beteiligt ist. Setzen Sie sich nicht dem Verdacht der Unfallflucht aus, indem sie weiterfahren, ohne die Polizei zu informieren.\u201c <\/p>\n","protected":false},"excerpt":{"rendered":"Bielefeld. F\u00fcr ein vierj\u00e4hriges M\u00e4dchen geriet nach ihrer eigenen Geburtstagsfeier in der Kita f\u00fcr einen Moment die Welt&hellip;\n","protected":false},"author":2,"featured_media":1126136,"comment_status":"","ping_status":"","sticky":false,"template":"","format":"standard","meta":{"footnotes":"","_share_on_mastodon":"0"},"categories":[1841],"tags":[1605,102404,3364,29,291,26256,30,237471,109361,100560,223412,16392,4280,1608,198343,736,164252,16384,1613,1209,121,16722,16721,32812,82499,1284],"class_list":["post-1126135","post","type-post","status-publish","format-standard","has-post-thumbnail","category-bielefeld","tag-bielefeld","tag-cnt_top-artikel","tag-de","tag-deutschland","tag-facebook","tag-geburtstagsfeier","tag-germany","tag-jakob-kaiser-strasse","tag-kind-angefahren","tag-kurt-schumacher-strasse","tag-label_beruehre-mich","tag-label_blaulicht","tag-label_l-120","tag-label_top-news","tag-meta_artikelklasse_aboanker","tag-meta_copyrights_nw","tag-meta_eo_zusammenfassung","tag-meta_themen_blaulicht_sicherheit","tag-meta_userneeds_informieremich","tag-nordrhein-westfalen","tag-polizei","tag-polizei-bielefeld","tag-polizeibericht-bielefeld","tag-radunfall","tag-rotlichtverstoss","tag-unfall"],"share_on_mastodon":{"url":"","error":"Validation failed: Text character limit of 500 exceeded"},"_links":{"self":[{"href":"https:\/\/www.europesays.com\/de\/wp-json\/wp\/v2\/posts\/1126135","targetHints":{"allow":["GET"]}}],"collection":[{"href":"https:\/\/www.europesays.com\/de\/wp-json\/wp\/v2\/posts"}],"about":[{"href":"https:\/\/www.europesays.com\/de\/wp-json\/wp\/v2\/types\/post"}],"author":[{"embeddable":true,"href":"https:\/\/www.europesays.com\/de\/wp-json\/wp\/v2\/users\/2"}],"replies":[{"embeddable":true,"href":"https:\/\/www.europesays.com\/de\/wp-json\/wp\/v2\/comments?post=1126135"}],"version-history":[{"count":0,"href":"https:\/\/www.europesays.com\/de\/wp-json\/wp\/v2\/posts\/1126135\/revisions"}],"wp:featuredmedia":[{"embeddable":true,"href":"https:\/\/www.europesays.com\/de\/wp-json\/wp\/v2\/media\/1126136"}],"wp:attachment":[{"href":"https:\/\/www.europesays.com\/de\/wp-json\/wp\/v2\/media?parent=1126135"}],"wp:term":[{"taxonomy":"category","embeddable":true,"href":"https:\/\/www.europesays.com\/de\/wp-json\/wp\/v2\/categories?post=1126135"},{"taxonomy":"post_tag","embeddable":true,"href":"https:\/\/www.europesays.com\/de\/wp-json\/wp\/v2\/tags?post=1126135"}],"curies":[{"name":"wp","href":"https:\/\/api.w.org\/{rel}","templated":true}]}}