{"id":1126161,"date":"2026-06-27T16:52:30","date_gmt":"2026-06-27T16:52:30","guid":{"rendered":"https:\/\/www.europesays.com\/de\/1126161\/"},"modified":"2026-06-27T16:52:30","modified_gmt":"2026-06-27T16:52:30","slug":"unwetter-in-deutschland-dwd-rechnet-in-hitzewelle-mit-gewitter-und-hagel","status":"publish","type":"post","link":"https:\/\/www.europesays.com\/de\/1126161\/","title":{"rendered":"Unwetter in Deutschland: DWD rechnet in Hitzewelle mit Gewitter und Hagel"},"content":{"rendered":"<p>Warnung vor Gewitternacht <\/p>\n<p>Hier rechnet der DWD mit Riesenhagel und Starkregen<\/p>\n<p>Aktualisiert am 27.06.2026 &#8211; 18:14 UhrLesedauer: 3 Min.<\/p>\n<p><a href=\"#focus-0\" class=\"transition-colors block text-current relative\" data-sctrack=\"FocusGalleryImage.Reference\"><img fetchpriority=\"high\" data-testid=\"Opener.Image\"   loading=\"eager\" src=\"https:\/\/www.europesays.com\/de\/wp-content\/uploads\/2026\/06\/in-vielen-teilen-deutschlands-koennte-es-zu-heftigen-gewittern-kommen.jpg\" alt=\"urn:newsml:dpa.com:20090101:260627-935-1440446\" title=\"urn:newsml:dpa.com:20090101:260627-935-1440446\" width=\"800\" height=\"450\" class=\"bg-[url:var(--lqipURL)] bg-cover bg-center flex h-full w-full max-w-full\" style=\"--lqipURL:url('https:\/\/images.t-online.de\/2026\/06\/5DtO9OVeWVtg\/0x75:800x450\/fit-in\/150x0\/filters:blur(25)\/in-vielen-teilen-deutschlands-koennte-es-zu-heftigen-gewittern-kommen.jpg')\" decoding=\"async\"\/><img loading=\"lazy\" src=\"https:\/\/www.t-online.de\/s\/paper\/_next\/static\/media\/zoom-in.f7dae02f.svg\" alt=\"Vergr\u00f6\u00dfern des Bildes\" title=\"Vergr\u00f6\u00dfern des Bildes\" class=\"block h-[calc(var(--height)_\/_16_*_1rem)] w-[calc(var(--width)_\/_16_*_1rem)] max-w-none absolute right-8 bottom-8 rounded-4 bg-snow p-8\" style=\"--width:32;--height:32\" decoding=\"async\"\/><\/a><\/p>\n<p>In vielen Teilen Deutschlands k\u00f6nnte es zu heftigen Gewittern kommen. (Symbolbild) (Quelle: Patrick Pleul)<\/p>\n<p><img loading=\"lazy\" src=\"https:\/\/www.t-online.de\/s\/paper\/_next\/static\/media\/audio-volume.6689034c.svg\" alt=\"\" title=\"\" class=\"block h-[calc(var(--height)_\/_16_*_1rem)] w-[calc(var(--width)_\/_16_*_1rem)] max-w-none group-hover:brightness-0 group-hover:invert\" style=\"--width:16;--height:16\" decoding=\"async\"\/>Vorlesen<\/p>\n<p>Aktuelle Zeit:0:00Gesamtdauer:0:00<\/p>\n<p>1x<\/p>\n<p class=\"text-center\">Jetzt neu bei t-online:<\/p>\n<p class=\"text-center\">Schriftgr\u00f6\u00dfe anpassen!<\/p>\n<p><img loading=\"lazy\" src=\"https:\/\/www.t-online.de\/s\/paper\/_next\/static\/media\/font-sizes.32942e33.svg\" alt=\"\" title=\"\" class=\"block h-[calc(var(--height)_\/_16_*_1rem)] w-[calc(var(--width)_\/_16_*_1rem)] max-w-none group-hover:hidden group-aria-expanded:hidden\" style=\"--width:16;--height:16\" decoding=\"async\"\/><img loading=\"lazy\" src=\"https:\/\/www.t-online.de\/s\/paper\/_next\/static\/media\/font-sizes-dark-mode.e382645c.svg\" alt=\"\" title=\"\" class=\"block h-[calc(var(--height)_\/_16_*_1rem)] w-[calc(var(--width)_\/_16_*_1rem)] max-w-none hidden group-hover:block group-aria-expanded:block\" style=\"--width:16;--height:16\" decoding=\"async\"\/><img loading=\"lazy\" src=\"https:\/\/www.t-online.de\/s\/paper\/_next\/static\/media\/sharing-menu-icon.1eb71368.svg\" alt=\"\" title=\"\" class=\"block h-[calc(var(--height)_\/_16_*_1rem)] w-[calc(var(--width)_\/_16_*_1rem)] max-w-none group-hover:brightness-0 group-hover:invert\" style=\"--width:16;--height:16\" decoding=\"async\"\/>Artikel teilen<\/p>\n<p class=\"font-bold text-18 leading-17 user-text-lg:text-22 user-text-xl:text-24\">Orkanartige Winde, riesige Hagelk\u00f6rner und Mengen an Niederschlag: Das Hitzewochenende wird am Abend in einzelnen Regionen mit einem gewaltigen Knall unterbrochen.<\/p>\n<p class=\"text-18 leading-17 user-text-lg:text-22 user-text-xl:text-24\">Deutschland \u00e4chzt unter der <a href=\"https:\/\/www.t-online.de\/themen\/hitzewelle\/\" class=\"transition-colors cursor-pointer no-underline md:hover:text-magenta md:focus:text-magenta border-b border-solid border-current text-salemsfur md:hover:border-magenta\" data-tracking=\"{&quot;action&quot;:&quot;click&quot;,&quot;category&quot;:&quot;intextLink&quot;,&quot;label&quot;:&quot;\/themen\/hitzewelle\/&quot;}\" data-sctrack=\"BodyAnchor\" rel=\"nofollow noopener\" target=\"_blank\">Hitzewelle<\/a> \u2013 und muss nach den Hitzerekorden dieser Tage wohl bis zur kommenden Woche auf Abk\u00fchlung warten. Trotzdem rechnet der Deutsche Wetterdienst (DWD) in einzelnen Gebieten Deutschlands bereits am Samstag mit schwerem und starkem Gewitter. F\u00fcr mehrere Regionen haben die Meteorologen bereits amtliche Warnungen ver\u00f6ffentlicht.<\/p>\n<p class=\"text-18 leading-17 user-text-lg:text-22 user-text-xl:text-24\">Laut dem <a href=\"https:\/\/www.t-online.de\/themen\/deutscher-wetterdienst\/\" class=\"transition-colors cursor-pointer no-underline md:hover:text-magenta md:focus:text-magenta border-b border-solid border-current text-salemsfur md:hover:border-magenta\" data-tracking=\"{&quot;action&quot;:&quot;click&quot;,&quot;category&quot;:&quot;intextLink&quot;,&quot;label&quot;:&quot;\/themen\/deutscher-wetterdienst\/&quot;}\" data-sctrack=\"BodyAnchor\" rel=\"nofollow noopener\" target=\"_blank\">DWD<\/a> ist vor allem der Nordwesten von Deutschland von den Unwettern betroffen. Die Wetterexperten rechnen in den Gebieten mit Sturm- und sogar Orkanb\u00f6en \u2013 es seien Windgeschwindigkeiten von bis zu 120 Kilometern pro Stunde m\u00f6glich. Zudem erwarten die Meteorologen <a href=\"https:\/\/www.t-online.de\/themen\/starkregen\/\" class=\"transition-colors cursor-pointer no-underline md:hover:text-magenta md:focus:text-magenta border-b border-solid border-current text-salemsfur md:hover:border-magenta\" data-tracking=\"{&quot;action&quot;:&quot;click&quot;,&quot;category&quot;:&quot;intextLink&quot;,&quot;label&quot;:&quot;\/themen\/starkregen\/&quot;}\" data-sctrack=\"BodyAnchor\" rel=\"nofollow noopener\" target=\"_blank\">Starkregen<\/a> mit bis zu 50 Liter Niederschlag pro Quadratmeter und Hagel.<\/p>\n<ul class=\"text-18 leading-17 block pl-24 *:pb-16 *:before:inline-block *:before:size-8 *:before:bg-magenta *:before:mt-0 *:before:mr-12 *:before:mb-2 *:before:-ml-[20px]\">\n<li><strong class=\"font-bold\">Deutsche Bahn bittet, nicht Zug zu fahren:<\/strong> <a href=\"https:\/\/www.t-online.de\/nachrichten\/panorama\/wetter\/id_101310584\/hitzewelle-in-deutschland-autobahn-reisst-auf-nrw-schraenkt-zugverkehr-ein.html\" class=\"transition-colors cursor-pointer no-underline md:hover:text-magenta md:focus:text-magenta border-b border-solid border-current text-salemsfur md:hover:border-magenta\" data-tracking=\"{&quot;action&quot;:&quot;click&quot;,&quot;category&quot;:&quot;intextLink&quot;,&quot;label&quot;:&quot;\/nachrichten\/panorama\/wetter\/id_101310584\/hitzewelle-in-deutschland-autobahn-reisst-auf-nrw-schraenkt-zugverkehr-ein.html&quot;}\" data-sctrack=\"BodyAnchor\" rel=\"nofollow noopener\" target=\"_blank\">Hitzewelle in Deutschland im Liveblog<\/a><\/li>\n<li><strong class=\"font-bold\">&#8222;Dumm und f\u00fcr viele Menschen t\u00f6dlich&#8220;:<\/strong> <a href=\"https:\/\/www.t-online.de\/nachrichten\/panorama\/wetter\/id_101315198\/hitze-tipps-joerg-kachelmann-wuetet-ueber-wetter-experten-dumm-.html\" class=\"transition-colors cursor-pointer no-underline md:hover:text-magenta md:focus:text-magenta border-b border-solid border-current text-salemsfur md:hover:border-magenta\" data-tracking=\"{&quot;action&quot;:&quot;click&quot;,&quot;category&quot;:&quot;intextLink&quot;,&quot;label&quot;:&quot;\/nachrichten\/panorama\/wetter\/id_101315198\/hitze-tipps-joerg-kachelmann-wuetet-ueber-wetter-experten-dumm-.html&quot;}\" data-sctrack=\"BodyAnchor\" rel=\"nofollow noopener\" target=\"_blank\">J\u00f6rg Kachelmann schimpft \u00fcber Aussage von Wetterexperten<\/a><\/li>\n<\/ul>\n<p>Unwetter in Deutschland: Wetterexperten rechnen mit Riesenhagel<\/p>\n<p class=\"text-18 leading-17 user-text-lg:text-22 user-text-xl:text-24\"><a href=\"https:\/\/hamburg.t-online.de\/region\/hamburg\/id_101316376\/hitzegewitter-in-hamburg-es-koennte-golfballgrosse-hagelkoerner-regnen.html\" class=\"transition-colors cursor-pointer no-underline md:hover:text-magenta md:focus:text-magenta border-b border-solid border-current text-salemsfur md:hover:border-magenta\" data-tracking=\"{&quot;action&quot;:&quot;click&quot;,&quot;category&quot;:&quot;intextLink&quot;,&quot;label&quot;:&quot;https:\/\/hamburg.t-online.de\/region\/hamburg\/id_101316376\/hitzegewitter-in-hamburg-es-koennte-golfballgrosse-hagelkoerner-regnen.html&quot;}\" data-sctrack=\"BodyAnchor\" rel=\"nofollow noopener\" target=\"_blank\">Der DWD rechnet bei der Unwetterfront in Schleswig-Holstein, der Region Hamburg,<\/a> Niedersachen und <a href=\"https:\/\/dortmund.t-online.de\/region\/dortmund\/id_101316472\/wetter-dortmund-und-region-dwd-warnt-vor-schweren-gewittern-und-unwetter.html\" class=\"transition-colors cursor-pointer no-underline md:hover:text-magenta md:focus:text-magenta border-b border-solid border-current text-salemsfur md:hover:border-magenta\" data-tracking=\"{&quot;action&quot;:&quot;click&quot;,&quot;category&quot;:&quot;intextLink&quot;,&quot;label&quot;:&quot;https:\/\/dortmund.t-online.de\/region\/dortmund\/id_101316472\/wetter-dortmund-und-region-dwd-warnt-vor-schweren-gewittern-und-unwetter.html&quot;}\" data-sctrack=\"BodyAnchor\" rel=\"nofollow noopener\" target=\"_blank\">Teilen von Nordrhein-Westfalen<\/a>, Hessen und Rheinland-Pfalz mit bis zu vier Zentimeter gro\u00dfen Hagelk\u00f6rnern. K\u00f6rner dieser Gr\u00f6\u00dfe entsprechen in etwa einem Golfball und k\u00f6nnen zu erheblichen Sch\u00e4den f\u00fchren \u2013 etwa an Autos, aber auch Fenstern, Hausd\u00e4chern oder sogar Photovoltaik-Anlagen. In Teilen von Brandenburg warnt DWD ebenfalls vor vor schweren Gewittern. Betroffen sei vor allem der Landkreis Prignitz, teilten die Meteorologen mit. Voraussichtlich ab 18.30 Uhr ist mit <a href=\"https:\/\/www.t-online.de\/themen\/unwetter\/\" class=\"transition-colors cursor-pointer no-underline md:hover:text-magenta md:focus:text-magenta border-b border-solid border-current text-salemsfur md:hover:border-magenta\" data-tracking=\"{&quot;action&quot;:&quot;click&quot;,&quot;category&quot;:&quot;intextLink&quot;,&quot;label&quot;:&quot;\/themen\/unwetter\/&quot;}\" data-sctrack=\"BodyAnchor\" rel=\"nofollow noopener\" target=\"_blank\">Unwetter<\/a> zu rechnen, das bis etwa 20.00 Uhr anhalten soll.<\/p>\n<p class=\"text-18 leading-17 user-text-lg:text-22 user-text-xl:text-24\">Laut der Prognose der Meteorologen kommt es in den meisten Regionen erst gegen Abend zu Gewittern. Die Experten rechnen damit, dass sich die meisten der Unwetter zwischen 21 Uhr am Samstag und 8 Uhr am Sonntag entladen werden.<\/p>\n<p class=\"text-18 leading-17 user-text-lg:text-22 user-text-xl:text-24\">F\u00fcr die Region um <a href=\"https:\/\/www.t-online.de\/themen\/schwerin\/\" class=\"transition-colors cursor-pointer no-underline md:hover:text-magenta md:focus:text-magenta border-b border-solid border-current text-salemsfur md:hover:border-magenta\" data-tracking=\"{&quot;action&quot;:&quot;click&quot;,&quot;category&quot;:&quot;intextLink&quot;,&quot;label&quot;:&quot;\/themen\/schwerin\/&quot;}\" data-sctrack=\"BodyAnchor\" rel=\"nofollow noopener\" target=\"_blank\">Schwerin<\/a> und um <a href=\"https:\/\/dortmund.t-online.de\/region\/dortmund\/\" class=\"transition-colors cursor-pointer no-underline md:hover:text-magenta md:focus:text-magenta border-b border-solid border-current text-salemsfur md:hover:border-magenta\" data-tracking=\"{&quot;action&quot;:&quot;click&quot;,&quot;category&quot;:&quot;intextLink&quot;,&quot;label&quot;:&quot;https:\/\/dortmund.t-online.de\/region\/dortmund\/&quot;}\" data-sctrack=\"BodyAnchor\" rel=\"nofollow noopener\" target=\"_blank\">Dortmund<\/a> hat der DWD bereits Unwetterwarnungen der Stufe drei ver\u00f6ffentlicht. Die amtlichen Warnungen gelten bis 18 Uhr.<\/p>\n<p><a href=\"#focus-1\" class=\"transition-colors block text-current relative\" data-sctrack=\"FocusGalleryImage.Reference\"><img   loading=\"lazy\" src=\"https:\/\/www.europesays.com\/de\/wp-content\/uploads\/2026\/06\/warnkarte-des-dwd-stand-17-24-uhr-die-wetterexperten-rechnen-mit-teils-schweren-gewittern.png\" alt=\"Warnkarte des DWD (Stand 17.24 Uhr)\" title=\"Warnkarte des DWD (Stand 17.24 Uhr)\" width=\"337\" height=\"409\" class=\"h-full w-full max-w-full rounded-8\" decoding=\"async\"\/><img loading=\"lazy\" src=\"https:\/\/www.t-online.de\/s\/paper\/_next\/static\/media\/zoom-in.f7dae02f.svg\" alt=\"Vergr\u00f6\u00dfern des Bildes\" title=\"Vergr\u00f6\u00dfern des Bildes\" class=\"block h-[calc(var(--height)_\/_16_*_1rem)] w-[calc(var(--width)_\/_16_*_1rem)] max-w-none absolute right-8 bottom-8 rounded-4 bg-snow p-8\" style=\"--width:32;--height:32\" decoding=\"async\"\/>Warnkarte des DWD (Stand 17.24 Uhr): Die Wetterexperten rechnen mit teils schweren Gewittern. (Quelle: Deutscher Wetterdienst)<\/a><\/p>\n<p>Vereinzelte Gewitter fanden bereits am Nachmittag statt<\/p>\n<p class=\"text-18 leading-17 user-text-lg:text-22 user-text-xl:text-24\">Vereinzelt gab es bereits am Nachmittag Gewitter: Nach Angaben des DWD gab es im Raum Kiel und in dem Raum <a href=\"https:\/\/www.t-online.de\/themen\/paderborn\/\" class=\"transition-colors cursor-pointer no-underline md:hover:text-magenta md:focus:text-magenta border-b border-solid border-current text-salemsfur md:hover:border-magenta\" data-tracking=\"{&quot;action&quot;:&quot;click&quot;,&quot;category&quot;:&quot;intextLink&quot;,&quot;label&quot;:&quot;\/themen\/paderborn\/&quot;}\" data-sctrack=\"BodyAnchor\" rel=\"nofollow noopener\" target=\"_blank\">Paderborn<\/a> bereits nach 15 Uhr erste Unwetter. Sie hielten sich bis kurz nach 16 Uhr.<\/p>\n<p class=\"text-18 leading-17 user-text-lg:text-22 user-text-xl:text-24\">Die Wetterexperten vom DWD betonen dabei, dass die zu erwartenden Unwetter in dieser Intensit\u00e4t typischerweise nur sehr lokal und an vereinzelten Orten auftreten. Wo es besonders heftig wird, lasse sich aktuell nicht prognostizieren \u2013 der Wetterdienst r\u00e4t deswegen dazu, rechtzeitig Vorbereitungen zu treffen. Die Meteorologen empfehlen etwa, sich auf Stromausf\u00e4lle vorzubereiten und nach M\u00f6glichkeit Aufenthalte im Freien zu vermeiden.<\/p>\n","protected":false},"excerpt":{"rendered":"Warnung vor Gewitternacht Hier rechnet der DWD mit Riesenhagel und Starkregen Aktualisiert am 27.06.2026 &#8211; 18:14 UhrLesedauer: 3&hellip;\n","protected":false},"author":2,"featured_media":1126162,"comment_status":"","ping_status":"","sticky":false,"template":"","format":"standard","meta":{"footnotes":"","_share_on_mastodon":"0"},"categories":[2],"tags":[1434,331,3924,332,3922,3364,950,29,4906,30,19634,237483,692,13,2052,18113,62388,14,3923,15,3921,1209,1756,237482,12,1971,4028],"class_list":["post-1126161","post","type-post","status-publish","format-standard","has-post-thumbnail","category-deutschland","tag-1434","tag-aktuelle-nachrichten","tag-aktuelle-nachrichten-aus-deutschland","tag-aktuelle-news","tag-aktuelle-news-aus-deutschland","tag-de","tag-deutscher-wetterdienst","tag-deutschland","tag-dwd","tag-germany","tag-gewitter","tag-gewitternacht","tag-hamburg","tag-headlines","tag-hessen","tag-hitzewelle","tag-hitzewochenende","tag-nachrichten","tag-nachrichten-aus-deutschland","tag-news","tag-news-aus-deutschland","tag-nordrhein-westfalen","tag-rheinland-pfalz","tag-riesenhagel","tag-schlagzeilen","tag-schleswig-holstein","tag-unwetter"],"share_on_mastodon":{"url":"https:\/\/pubeurope.com\/@de\/116823115476586637","error":""},"_links":{"self":[{"href":"https:\/\/www.europesays.com\/de\/wp-json\/wp\/v2\/posts\/1126161","targetHints":{"allow":["GET"]}}],"collection":[{"href":"https:\/\/www.europesays.com\/de\/wp-json\/wp\/v2\/posts"}],"about":[{"href":"https:\/\/www.europesays.com\/de\/wp-json\/wp\/v2\/types\/post"}],"author":[{"embeddable":true,"href":"https:\/\/www.europesays.com\/de\/wp-json\/wp\/v2\/users\/2"}],"replies":[{"embeddable":true,"href":"https:\/\/www.europesays.com\/de\/wp-json\/wp\/v2\/comments?post=1126161"}],"version-history":[{"count":0,"href":"https:\/\/www.europesays.com\/de\/wp-json\/wp\/v2\/posts\/1126161\/revisions"}],"wp:featuredmedia":[{"embeddable":true,"href":"https:\/\/www.europesays.com\/de\/wp-json\/wp\/v2\/media\/1126162"}],"wp:attachment":[{"href":"https:\/\/www.europesays.com\/de\/wp-json\/wp\/v2\/media?parent=1126161"}],"wp:term":[{"taxonomy":"category","embeddable":true,"href":"https:\/\/www.europesays.com\/de\/wp-json\/wp\/v2\/categories?post=1126161"},{"taxonomy":"post_tag","embeddable":true,"href":"https:\/\/www.europesays.com\/de\/wp-json\/wp\/v2\/tags?post=1126161"}],"curies":[{"name":"wp","href":"https:\/\/api.w.org\/{rel}","templated":true}]}}