{"id":1126223,"date":"2026-06-27T17:27:28","date_gmt":"2026-06-27T17:27:28","guid":{"rendered":"https:\/\/www.europesays.com\/de\/1126223\/"},"modified":"2026-06-27T17:27:28","modified_gmt":"2026-06-27T17:27:28","slug":"wohnungen-oder-dokumentationszentrum-streit-um-hitlers-letzten-bunker-in-berlin-politik","status":"publish","type":"post","link":"https:\/\/www.europesays.com\/de\/1126223\/","title":{"rendered":"Wohnungen oder Dokumentationszentrum? Streit um Hitlers letzten Bunker in Berlin | Politik"},"content":{"rendered":"<p><a class=\"skip-content skip-content--link\" href=\"#in-content-skip-link-target-v-0-0\">TTS-Player \u00fcberspringen\u21b5<\/a><a id=\"in-content-skip-link-target-v-0-0\" class=\"skip-content--target-link-hidden skip-content skip-content--target-link\" href=\"#in-content-skip-link-target-v-0-0\">Artikel weiterlesen<\/a><\/p>\n<p data-83f060b9=\"0-2298\">Berlin \u2013 <b>Ein letztes Kapitel der NS-Geschichte soll verschwinden. Auf dem ber\u00fchmten Kapitulationsfoto vom Mai 1945 sieht man den Berliner Stadtkommandanten Helmuth Weidling (\u2020 1955), wie er aus einem Schutzraum kommt, und sich der Roten Armee ergibt. Dieser Nazi-Bunker soll jetzt abgerissen werden. BILD erfuhr exklusiv: Ein Hamburger Investor will dort 66 Wohnungen und ein Gesch\u00e4ftshaus bauen.<\/b><\/p>\n<p data-83f060b9=\"0-2298\">Der Betonklotz im Untergrund ist der letzte Rest der Machtzentrale des Dritten Reiches. Er war das Fundament von Hitlers Neuer Reichskanzlei und diente Mitarbeitern als Unterschlupf.<\/p>\n<p>\u201eBunker ist in Top-Zustand\u201c<\/p>\n<p data-83f060b9=\"0-2298\">Der Eingang liegt unter dem H\u00fcgel einer Brache in Top-Lage \u2013 hinter den <a href=\"https:\/\/www.bz-berlin.de\/berlin\/hessen-soll-in-seinem-garten-nach-arsen-buddeln\" target=\"_blank\" rel=\"nofollow noopener\" class=\"text-link\">Landesvertretungen von Hessen<\/a> und Brandenburg. Das <a href=\"https:\/\/www.bild.de\/themen\/specials\/brandenburger-tor\/regional-news-fotos-videos-19694798.bild.html\" class=\"text-link\" rel=\"nofollow noopener\" target=\"_blank\">Brandenburger Tor<\/a> steht in Sichtweite. Unterwelten-Forscher Dietmar Arnold (61) protestiert gegen den Abriss: \u201eMan kann 2026 nicht mehr die Spuren der T\u00e4ter einfach wegrei\u00dfen. Der Bunker ist in Top-Zustand.\u201c Seine Idee: hier eine Erinnerungsst\u00e4tte zur Kapitulation zu errichten und den Wohnungsbau auf dem Areal \u00f6rtlich zu verschieben.<\/p>\n<p><img decoding=\"async\" width=\"992\" height=\"558\" alt=\"Berlins Stadtkommandant Helmuth Weidling tritt aus dem Bunker der Neuen Reichskanzlei in der Vo\u00dfstra\u00dfe. Diese \u201eGefangennahme\u201c durch die Rote Armee wurde vier Tage nach Unterzeichnung der Kapitulationsurkunde in Tempelhof nachgestellt\" loading=\"lazy\" src=\"https:\/\/www.europesays.com\/de\/wp-content\/uploads\/2026\/06\/7463eb56325b12cf5b78430c08f893a6,66038e9c.jpeg\"   class=\"landscape\"\/><\/p>\n<p class=\"fig__caption__text\">Berlins Stadtkommandant Helmuth Weidling tritt aus dem Bunker der Neuen Reichskanzlei in der Vo\u00dfstra\u00dfe. Diese \u201eGefangennahme\u201c durch die Rote Armee wurde vier Tage nach Unterzeichnung der Kapitulationsurkunde in Tempelhof nachgestellt<\/p>\n<p>Foto: picture alliance\/akg-images<\/p>\n<p>Mehr zum Thema<\/p>\n<p data-83f060b9=\"0-2298\">Auch die interne Empfehlung des Landesdenkmalrates, die der BILD vorliegt, sieht einen \u201em\u00f6glichen Abbruch kritisch\u201c. In dem Papier hei\u00dft es: \u201eDie Neue Reichskanzlei war Planungs- und Ausgangsort des <a href=\"https:\/\/www.bild.de\/bild\/themen\/ereignisse\/zweiter-weltkrieg-alle-infos-E9Bp66t6DRKjK5t1fqrC\" class=\"text-link\" rel=\"nofollow noopener\" target=\"_blank\">Zweiten Weltkriegs <\/a>und steht symbolhaft auch f\u00fcr das katastrophale Ende des NS-Regimes.\u201c<\/p>\n<p>Senat will keinen Wallfahrtsort<\/p>\n<p data-83f060b9=\"0-2298\">Konter von Berlins Senatsbaudirektorin Petra Kahlfeldt (65): \u201eDie <a href=\"https:\/\/www.bild.de\/regional\/berlin\/berlin-aktuell\/kein-scherz-dieses-dach-in-berlin-bekommt-denkmalschutz-86180004.bild.html\" class=\"text-link\" rel=\"nofollow noopener\" target=\"_blank\">Denkmalsch\u00fctzer<\/a> sehen nicht die Notwendigkeit, das zu erhalten \u2013 aber die Notwendigkeit der Dokumentation.\u201c Es gebe in Berlin schon genug gut besuchte und erhaltene Unterwelten. Auch Berlins <a href=\"https:\/\/www.bild.de\/politik\/inland\/berlin-senat-will-bauen-revolutionieren-69b9644617184da7cffdcd36\" class=\"text-link\" rel=\"nofollow noopener\" target=\"_blank\">Bausenator Christian Gaebler<\/a> (61, SPD) blockt ab: \u201eWir stehen dem Neubau von Wohnungen nicht im Wege, um einen Bunker zu erhalten, der dann wom\u00f6glich noch zum Wallfahrtsort wird.\u201c<\/p>\n<p><img decoding=\"async\" width=\"992\" height=\"558\" alt=\"Diese Brache an der Vo\u00dfstra\u00dfe in Berlin-Mitte hat ein Hamburger Investor im Laufe von zehn Jahren von verschiedenen Eigent\u00fcmern zu einem veritable Baugrundst\u00fcck zusammengekauft. Ab 1939 stand hier Hitlers Neue Reichskanzlei. Unter dem H\u00fcgel aus Tr\u00fcmmerschutt liegt der Eingang zum Bunker\" loading=\"lazy\" src=\"https:\/\/www.europesays.com\/de\/wp-content\/uploads\/2026\/06\/53945ee126a7a2322a44081ffe0e587d,4a19e66f.jpeg\"   class=\"landscape\"\/><\/p>\n<p class=\"fig__caption__text\">Diese Brache an der Vo\u00dfstra\u00dfe in Berlin-Mitte hat ein Hamburger Investor im Laufe von zehn Jahren von verschiedenen Eigent\u00fcmern zu einem veritablen Baugrundst\u00fcck zusammengekauft. Ab 1939 stand hier Hitlers Neue Reichskanzlei. Unter dem H\u00fcgel aus Tr\u00fcmmerschutt liegt der Eingang zum Bunker<\/p>\n<p>Foto: Privat<\/p>\n<p><img decoding=\"async\" width=\"992\" height=\"1178\" alt=\"Der Entwurf des Hamburger Architektenb\u00fcros blrm sieht ein Wohngeb\u00e4ude (7 Geschosse, 66 Wohnungen) und ein B\u00fcrogeb\u00e4ude (6 Geschosse) vor. Den daf\u00fcr notwendigen Abriss des Bunkers begleitet das Landesdenkmalamt\" loading=\"lazy\" src=\"https:\/\/www.europesays.com\/de\/wp-content\/uploads\/2026\/06\/450885f3f612ae770801d733872843d3,85646b7c.jpeg\"   class=\"portrait\"\/><\/p>\n<p class=\"fig__caption__text\">Der Entwurf des Architekturb\u00fcros blrm aus Hamburg sieht ein Wohngeb\u00e4ude (7 Geschosse, 66 Wohnungen) und ein B\u00fcrogeb\u00e4ude (6 Geschosse) vor. Den daf\u00fcr notwendigen Abriss des Bunkers begleitet das Berliner Landesdenkmalamt<\/p>\n<p>Foto: SMV Bauprojektsteuerung Berlin GmbH<\/p>\n<p data-83f060b9=\"0-2298\">Vom Bunker unter der <a href=\"https:\/\/www.bild.de\/politik\/inland\/adolf-hitler\/ard-doku-enthuellt-letzte-geheimnisse-reichskanzlei-26823280.bild.html\" class=\"text-link\" rel=\"nofollow noopener\" target=\"_blank\">Neuen Reichskanzlei <\/a>ist die H\u00e4lfte erhalten. W\u00e4hrend die Machtzentrale nach Kriegsende abgerissen wurde, war man beim Bunker vorsichtiger: Er lag im Todesstreifen zwischen Ost- und West-Berlin, und die Verkehrsbetriebe hatten Sorge um ihren nahen U-Bahn-Tunnel.<\/p>\n<p><img decoding=\"async\" width=\"992\" height=\"558\" alt=\"In Uniformmantel und M\u00fctze besichtigt Hitler mit seinem Architekten Albert Speer (r., \u2020 1955) den Neubau seiner Reichskanzlei (400 m lange Fassade). Seit 1937 waren Luftschutzr\u00e4ume verpflichtend. Der Bau (Bezug 1939) war mit 28 Millionen Reichsmark kalkuliert, wurde dreimal so teuer\" loading=\"lazy\" src=\"https:\/\/www.europesays.com\/de\/wp-content\/uploads\/2026\/06\/8bea560704392ee6da6c8b6440f979e9,b164cd36.jpeg\"   class=\"landscape\"\/><\/p>\n<p class=\"fig__caption__text\">In Uniformmantel und M\u00fctze besichtigt Hitler mit seinem Architekten Albert Speer (r., \u2020 1955) den Neubau seiner Reichskanzlei (400 m lange Fassade). Seit 1937 waren Luftschutzr\u00e4ume verpflichtend. Der Bau (Bezug 1939) war mit 28 Millionen Reichsmark kalkuliert, wurde dreimal so teuer<\/p>\n<p>Foto: bpk | Bayerische Staatsbibliothek | Archiv Heinrich Hoffmann<\/p>\n<p data-83f060b9=\"0-2298\">Und wer nutzte den Bunker? Hitler hatte ihn bei <a href=\"https:\/\/www.bild.de\/themen\/ereignisse\/bombenentschaerfung\/nachrichten-news-fotos-videos-21393822.bild.html\" class=\"text-link\" rel=\"nofollow noopener\" target=\"_blank\">Bombenangriffen<\/a> auch als Mutter-Kind-Unterschlupf freigegeben. Zeitweise betrieb das Rote Kreuz dort auch ein Not-Lazarett. <\/p>\n<p>F\u00fchrerbunker in der Nachbarschaft<\/p>\n<p>Dem F\u00fchrer selbst diente ein anderer Bunker unter dem Garten der Alten Reichskanzlei als Unterschlupf \u2013\u00a0etwa 120 Meter n\u00f6rdlich der Neuen Reichskanzlei. In diesem sogenannten <a href=\"https:\/\/www.bild.de\/regional\/berlin\/bunker\/hitlers-versunkener-bunker-30626350.bild.html\" class=\"text-link\" rel=\"nofollow noopener\" target=\"_blank\">F\u00fchrerbunker<\/a> tauchte Hitler w\u00e4hrend der letzten Kriegsmonate ab, heiratete Eva Braun und erschoss sich am 30. April 1945. Erhalten sind die Bodenplatte und Reste der Seitenw\u00e4nde des Bunkers. Mit Schutt verf\u00fcllt bedeckt die Reste heute ein Parkplatz.<\/p>\n","protected":false},"excerpt":{"rendered":"TTS-Player \u00fcberspringen\u21b5Artikel weiterlesen Berlin \u2013 Ein letztes Kapitel der NS-Geschichte soll verschwinden. Auf dem ber\u00fchmten Kapitulationsfoto vom Mai&hellip;\n","protected":false},"author":2,"featured_media":1126224,"comment_status":"","ping_status":"","sticky":false,"template":"","format":"standard","meta":{"footnotes":"","_share_on_mastodon":"0"},"categories":[1825],"tags":[296,8482,8920,3536,29,30,692,37287,626],"class_list":["post-1126223","post","type-post","status-publish","format-standard","has-post-thumbnail","category-berlin","tag-berlin","tag-brandenburger-tor","tag-bunker","tag-denkmalschutz","tag-deutschland","tag-germany","tag-hamburg","tag-hitler-adolf","tag-wohnung"],"share_on_mastodon":{"url":"https:\/\/pubeurope.com\/@de\/116823251564104814","error":""},"_links":{"self":[{"href":"https:\/\/www.europesays.com\/de\/wp-json\/wp\/v2\/posts\/1126223","targetHints":{"allow":["GET"]}}],"collection":[{"href":"https:\/\/www.europesays.com\/de\/wp-json\/wp\/v2\/posts"}],"about":[{"href":"https:\/\/www.europesays.com\/de\/wp-json\/wp\/v2\/types\/post"}],"author":[{"embeddable":true,"href":"https:\/\/www.europesays.com\/de\/wp-json\/wp\/v2\/users\/2"}],"replies":[{"embeddable":true,"href":"https:\/\/www.europesays.com\/de\/wp-json\/wp\/v2\/comments?post=1126223"}],"version-history":[{"count":0,"href":"https:\/\/www.europesays.com\/de\/wp-json\/wp\/v2\/posts\/1126223\/revisions"}],"wp:featuredmedia":[{"embeddable":true,"href":"https:\/\/www.europesays.com\/de\/wp-json\/wp\/v2\/media\/1126224"}],"wp:attachment":[{"href":"https:\/\/www.europesays.com\/de\/wp-json\/wp\/v2\/media?parent=1126223"}],"wp:term":[{"taxonomy":"category","embeddable":true,"href":"https:\/\/www.europesays.com\/de\/wp-json\/wp\/v2\/categories?post=1126223"},{"taxonomy":"post_tag","embeddable":true,"href":"https:\/\/www.europesays.com\/de\/wp-json\/wp\/v2\/tags?post=1126223"}],"curies":[{"name":"wp","href":"https:\/\/api.w.org\/{rel}","templated":true}]}}