{"id":1126250,"date":"2026-06-27T17:42:33","date_gmt":"2026-06-27T17:42:33","guid":{"rendered":"https:\/\/www.europesays.com\/de\/1126250\/"},"modified":"2026-06-27T17:42:33","modified_gmt":"2026-06-27T17:42:33","slug":"tempolimits-sperrungen-wichtige-autobahn-platzt-immer-weiter-auf-news","status":"publish","type":"post","link":"https:\/\/www.europesays.com\/de\/1126250\/","title":{"rendered":"Tempolimits, Sperrungen: Wichtige Autobahn platzt immer weiter auf | News"},"content":{"rendered":"<p><a class=\"skip-content skip-content--link\" href=\"#in-content-skip-link-target-v-0-0\">TTS-Player \u00fcberspringen\u21b5<\/a><a id=\"in-content-skip-link-target-v-0-0\" class=\"skip-content--target-link-hidden skip-content skip-content--target-link\" href=\"#in-content-skip-link-target-v-0-0\">Artikel weiterlesen<\/a><\/p>\n<p data-bbd632a7=\"0-1373\"><b>Seit Tagen brennt die Sonne unbarmherzig vom Himmel: Gefahr f\u00fcr Leib, Leben \u2013 und unsere Stra\u00dfen! Die Sommerglut macht Asphalt weich, sprengt Betonplatten auf. Die Hitzesch\u00e4den auf unseren Stra\u00dfen nehmen vor allem am Samstag richtig Fahrt auf, wie eine aktuelle Liste des ADAC zeigt. Der Automobilklub hat Informationen der Autobahn GmbH des Bundes (verantwortlich f\u00fcr die rund 13.200 deutschen Autobahnkilometer) ausgewertet, die belegen: Fast \u00fcberall im Land kann es zu Einschr\u00e4nkungen auf den Autobahnen kommen \u2013 teilweise wurden sogar schon Ma\u00dfnahmen wie Sperrungen oder Geschwindigkeitsbegrenzungen ergriffen. Ein Sprecher der Autobahn GmbH: \u201eBei hohen Temperaturen bitte besonders aufmerksam fahren. Wer Sch\u00e4den an der Fahrbahn bemerkt, sollte diese umgehend der Polizei melden.\u201c<\/b><\/p>\n<p>A2 besonders hart getroffen<\/p>\n<p data-bbd632a7=\"0-1373\">Besonders dramatisch ist die Lage auf der A2 in Brandenburg. Nach schweren Hitzesch\u00e4den bleibt die <a href=\"https:\/\/www.bild.de\/themen\/specials\/autobahnen\/news-nachrichten-news-fotos-videos-20641740.bild.html\" class=\"text-link\" rel=\"nofollow noopener\" target=\"_blank\">Autobahn<\/a> zwischen Ziesar und Wollin in Fahrtrichtung Berliner Ring weiterhin voll gesperrt. Nach neuen Fahrbahnsch\u00e4den rechnen Bauarbeiter vor Ort inzwischen fr\u00fchestens Anfang der kommenden Woche mit einer Freigabe.<\/p>\n<p><img decoding=\"async\" width=\"992\" height=\"558\" alt=\"Die Hitze hat die Autobahn A2 in Brandenburg regelrecht aufgesprengt\" loading=\"lazy\" src=\"https:\/\/www.europesays.com\/de\/wp-content\/uploads\/2026\/06\/bf4deb6b83e62f0e4aa65fe60142d842,daa9c74b.jpeg\"   class=\"landscape\"\/><\/p>\n<p class=\"fig__caption__text\">Die Hitze hat die Autobahn A2 in Brandenburg regelrecht aufgesprengt. Die Konsequenz: XXL-Staus <\/p>\n<p>Foto: Julian St\u00e4hle\/NonstopNews<\/p>\n<p><img decoding=\"async\" width=\"992\" height=\"558\" alt=\"Die Sommerhitze hat die A2 regelrecht aufgesprengt. Jetzt arbeiten Bagger und Bauarbeiter an der besch\u00e4digten Fahrbahn\" loading=\"lazy\" src=\"https:\/\/www.europesays.com\/de\/wp-content\/uploads\/2026\/06\/5a8630bac3ed93f35837f2d3097c6f5d,34c33857.jpeg\"   class=\"landscape\"\/><\/p>\n<p class=\"fig__caption__text\">Die Sommerhitze hat die A2 regelrecht aufgesprengt. Jetzt arbeiten Bagger und Bauarbeiter an der besch\u00e4digten Fahrbahn<\/p>\n<p>Foto: Julian St\u00e4hle<\/p>\n<p><img decoding=\"async\" width=\"992\" height=\"558\" alt=\"Aufgebrochene Fahrbahn auf der A2 in Brandenburg. Die Reparaturarbeiten sollen noch das gesamte Wochenende andauern\" loading=\"lazy\" src=\"https:\/\/www.europesays.com\/de\/wp-content\/uploads\/2026\/06\/833c9ca6beebb572582ebf4ae5bb6b27,dc17ed54.jpeg\"   class=\"landscape\"\/><\/p>\n<p class=\"fig__caption__text\">Aufgebrochene Fahrbahn auf der A2 in Brandenburg. Die Reparaturarbeiten sollen noch das gesamte Wochenende andauern<\/p>\n<p>Foto: Julian St\u00e4hle<\/p>\n<p>Autofahrer stundenlang im Stau<\/p>\n<p data-bbd632a7=\"0-1373\">Die Vollsperrung sorgt f\u00fcr erhebliche Verkehrsprobleme. Bei Temperaturen von bis zu 36 Grad standen Autofahrer und Lkw-Fahrer teils stundenlang im Stau. Der Verkehr wird bereits fr\u00fchzeitig von der Autobahn geleitet. Doch auch die Umleitungsstrecken sind \u00fcberlastet: F\u00fcr eine Strecke von rund 20 Kilometern mussten Verkehrsteilnehmer zeitweise bis zu zwei Stunden zus\u00e4tzliche Fahrzeit einplanen.<\/p>\n<p><img decoding=\"async\" width=\"992\" height=\"558\" alt=\"Die aufgebrochene Fahrbahn wurde bereits entfernt. Der Schutthaufen zeigt, wie massiv die Hitze den Stra\u00dfenbelag besch\u00e4digt hat\" loading=\"lazy\" src=\"https:\/\/www.europesays.com\/de\/wp-content\/uploads\/2026\/06\/1405ce96e8d0c1f6c97fa78c90e7c30c,c251e548.jpeg\"   class=\"landscape\"\/><\/p>\n<p class=\"fig__caption__text\">Die aufgebrochene Fahrbahn auf der A2 in Richtung Berlin <\/p>\n<p>Foto: NonstopNews<\/p>\n<p><img decoding=\"async\" width=\"992\" height=\"558\" alt=\"Meterlange Risse und aufgebrochener Asphalt: Die extremen Temperaturen haben die A2 schwer besch\u00e4digt\" loading=\"lazy\" src=\"https:\/\/www.europesays.com\/de\/wp-content\/uploads\/2026\/06\/8b42e5805c2802f8562dccd22aa2b9ce,1cbc1537.jpeg\"   class=\"landscape\"\/><\/p>\n<p class=\"fig__caption__text\">Meterlange Risse und aufgebrochener Asphalt: Die extremen Temperaturen haben die A2 schwer besch\u00e4digt<\/p>\n<p>Foto: Julian St\u00e4hle<\/p>\n<p>Lastwagen liefern neuen Asphalt aus<\/p>\n<p data-bbd632a7=\"1374-2747\">Die Reparaturarbeiten laufen unter Hochdruck. Lastwagen haben bereits neuen Asphalt angeliefert. Dieser muss nach dem Einbau ausreichend ausk\u00fchlen, bevor die Strecke wieder freigegeben werden kann. Allerdings versch\u00e4rfte sich die Lage am Samstagnachmittag weiter: Bei Thee\u00dfen platzte die Fahrbahn erneut auf \u2013 nach ersten Informationen waren alle vier Fahrstreifen betroffen. Die Autobahnpolizei Michendorf leitete daraufhin unter Einsatz von Blaulicht und Martinshorn eine Notsperrung ein. Nach Einsch\u00e4tzung der Bauarbeiter vor Ort d\u00fcrfte sich die Freigabe der A2 dadurch bis Anfang der kommenden Woche verz\u00f6gern. <\/p>\n<p data-bbd632a7=\"1374-2747\">Da auch auf anderen Stra\u00dfen in Brandenburg hitzebedingte Sch\u00e4den aufgetreten sind, mahnt das Infrastrukturministerium zur Vorsicht. Schwertransporte sollen Fahrten nach M\u00f6glichkeit vermeiden oder besonders vorsichtig unterwegs sein, um die aufgeheizten Fahrbahnen nicht zus\u00e4tzlich zu belasten.<\/p>\n<p><img decoding=\"async\" width=\"992\" height=\"558\" alt=\"Die A93 ist auf ganzer Breite aufgeplatzt\" loading=\"lazy\" src=\"https:\/\/www.europesays.com\/de\/wp-content\/uploads\/2026\/06\/f0c9ae98cdbd05c39453e2dc88594083,8f889eb8.jpeg\"   class=\"landscape\"\/><\/p>\n<p class=\"fig__caption__text\">Die A93 ist auf ganzer Breite aufgeplatzt<\/p>\n<p>Foto: picture alliance\/dpa<\/p>\n<p>Diese Autobahnen sind betroffen<\/p>\n<p data-bbd632a7=\"1374-2747\"><b>Autobahn A1: <\/b>Zwischen Bargteheide und Bad Oldesloe in Fahrtrichtung L\u00fcbeck. Erste Sch\u00e4den wurden bereits behoben. A1 zwischen Kreuz-Wittlich und Wittlich-Mitte: Vollsperrung wegen Hitzesch\u00e4den bis voraussichtlich 1. Juli.<\/p>\n<p data-bbd632a7=\"2748-4121\"><b>Autobahn A2<\/b>: Wie oben beschrieben bleibt der Abschnitt zwischen Ziesar und Wollin <a href=\"https:\/\/www.bild.de\/regional\/berlin\/a2-gesperrt-hitze-laesst-autobahn-aufreissen-30-autos-beschaedigt-6a3e597ef35865c1dfe233a2\" class=\"text-link\" rel=\"nofollow noopener\" target=\"_blank\">in Fahrtrichtung Berliner Ring voll gesperrt<\/a>. Au\u00dferdem ist die A2 zwischen Burg-Zentrum und Burg-Ost in Fahrtrichtung Hannover wegen Hitzesch\u00e4den gesperrt. Zwischen Lehrte und Lehrte-Ost in Fahrtrichtung Braunschweig ist der rechte Fahrstreifen wegen Asphaltverformungen bis voraussichtlich 29. Juni gesperrt.<\/p>\n<p data-bbd632a7=\"2748-4121\"><b>Autobahn A3:<\/b> Begrenzung auf maximal 80 km\/h zwischen M\u00f6nchhofdreieck und dem Wiesbadener Kreuz.<\/p>\n<p data-bbd632a7=\"2748-4121\"><b>Autobahn A6:<\/b> Zwischen Autobahnkreuz Mannheim und Mannheim\/Schwetzingen in Fahrtrichtung Heilbronn erste Sch\u00e4den gemeldet.<\/p>\n<p data-bbd632a7=\"2748-4121\"><b>Autobahn A7:<\/b> H\u00f6he Marmstorf Richtung Hamburg: Rechte Spur gesperrt bis voraussichtlich 29. Juni.<\/p>\n<p data-bbd632a7=\"2748-4121\"><b>Autobahn A9:<\/b> Bei Ingolstadt in beiden Richtungen erste Sch\u00e4den durch Blow-ups behoben. <\/p>\n<p><img decoding=\"async\" width=\"992\" height=\"558\" alt=\"Heftige Risse ziehen sich durch die Autobahn A6\" loading=\"lazy\" src=\"https:\/\/www.europesays.com\/de\/wp-content\/uploads\/2026\/06\/00dfd0b9b6895c453d556b5b258830b0,2826ceba.jpeg\"   class=\"landscape\"\/><\/p>\n<p class=\"fig__caption__text\">Heftige Risse ziehen sich durch die Autobahn A6<\/p>\n<p>Foto: picture alliance\/Rene Priebe\/dpa<\/p>\n<p data-bbd632a7=\"2748-4121\"><b>Autobahn A10:<\/b> Zwischen Berlin-Marzahn und Berlin-Hohensch\u00f6nhausen linker Fahrstreifen gesperrt. Erste Sch\u00e4den auf der A10 zwischen Seeberg-Ost (Rastst\u00e4tte) und Berlin-Hellersdorf in Fahrtrichtung Dreieck Spreeau und zwischen Potsdam-Nord und Berlin-Spandau in Fahrtrichtung Dreieck Havelland.<\/p>\n<p data-bbd632a7=\"2748-4121\"><b>Autobahn A13:<\/b> Zwischen Rastanlage Berstetal und Freiwalde in Fahrtrichtung Sch\u00f6nefelder Kreuz und zwischen Staakow und Am Bugkgraben in Fahrtrichtung Dresden erste Sch\u00e4den, teilweise Geschwindigkeitsbegrenzung.<\/p>\n<p data-bbd632a7=\"2748-4121\"><b>Autobahn A48:<\/b> H\u00f6chstgeschwindigkeit auf der Rheinbr\u00fccke bei Bendorf auf 60 km\/h reduziert. Laut Beh\u00f6rde gab es durch die Hitze Bewegungen im Bauwerk, die Unebenheiten in der Fahrbahn zur Folge hatten. <\/p>\n<p data-bbd632a7=\"4122-5495\"><b>Autobahn A66:<\/b> Zwischen Wiesbaden-Biebrich und Wiesbaden-Frauenstein in Fahrtrichtung Wiesbaden. Standstreifen gesperrt wegen Baustelle.<\/p>\n<p data-bbd632a7=\"4122-5495\"><b>Autobahn A93:<\/b> zwischen Weiden-S\u00fcd und Luhe-Wildenau in Fahrtrichtung Regensburg.<\/p>\n<p>Wasser gegen \u201eschmelzende\u201c Stra\u00dfen<\/p>\n<p data-bbd632a7=\"4122-5495\">Wegen der Hitzesch\u00e4den ist sogar der Winterdienst im Einsatz. Im Unstrut-Hainich-Kreis in Th\u00fcringen sind seit Tagen Mitarbeiter unter anderem auf den Landesstra\u00dfen 2028 und 1016 unterwegs. Weil die <a href=\"https:\/\/www.bild.de\/leben-wissen\/auto\/schmilzt-jetzt-die-strasse-so-viel-hitze-halten-asphalt-und-reifen-aus-6a3e3fb3f35865c1dfe230bd\" class=\"text-link\" rel=\"nofollow noopener\" target=\"_blank\">andauernde Hitze den Asphalt weich macht<\/a>, f\u00e4hrt der Winterdienst mit Spr\u00fchfahrzeugen \u00fcber die Abschnitte und k\u00fchlt die Stra\u00dfen mit Wasser. Gegen\u00fcber der \u201eTh\u00fcringer Allgemeine\u201c erkl\u00e4rte Andreas Bode, Leiter des Landesamtes f\u00fcr Bau und Verkehr f\u00fcr Nordth\u00fcringen, dass durch die Verdunstungsk\u00e4lte der Asphalt heruntergek\u00fchlt werden soll. In den <a href=\"https:\/\/www.bild.de\/news\/wetter\/hitzewelle\/thema-hitzewelle-alle-infos-80747866.bild.html\" class=\"text-link\" rel=\"nofollow noopener\" target=\"_blank\">Hitzeperioden<\/a> der letzten Jahre wurden die Stra\u00dfenabschnitte schon gesperrt, das soll in diesem Jahr vermieden werden. <\/p>\n<p><img decoding=\"async\" width=\"992\" height=\"558\" alt=\"Die Stra\u00dfensch\u00e4den auf der A7 H\u00f6he Marmstorf Richtung Norden bremsen den Verkehr aus\" loading=\"lazy\" src=\"https:\/\/www.europesays.com\/de\/wp-content\/uploads\/2026\/06\/480759cd7f9552240199ff08ccb54182,cc7ce7a4.jpeg\"   class=\"landscape\"\/><\/p>\n<p class=\"fig__caption__text\">Die Stra\u00dfensch\u00e4den auf der A7 H\u00f6he Marmstorf Richtung Norden bremsen den Verkehr aus<\/p>\n<p>Foto: -\/Autobahn GmbH\/dpa<\/p>\n<p data-bbd632a7=\"4122-5495\">Auch in L\u00fcnen (Nordrhein-Westfalen) testet die Stadt die Asphalt-Bew\u00e4sserung zum Schutz vor Stra\u00dfensch\u00e4den, lie\u00df Spr\u00fchfahrzeuge \u00fcber die betroffene Bergstra\u00dfe fahren. In Hessen ist der Winterdienst im Hitze-Einsatz am Autobahnkreuz A643\/A66.<\/p>\n<p>Kurioser Hitze-Einsatz: Hier r\u00fcckt der Winterdienst bei 40 Grad aus<a class=\"anchor video-teaser__anchor\" href=\"https:\/\/www.bild.de\/news\/inland\/kurioser-hitze-einsatz-hier-rueckt-der-winterdienst-bei-40-grad-aus-6a3f8283113e90346dc4eba8\" rel=\"nofollow noopener\" target=\"_blank\"><img decoding=\"async\" width=\"992\" height=\"558\" alt=\"\" loading=\"lazy\" src=\"https:\/\/www.europesays.com\/de\/wp-content\/uploads\/2026\/06\/d5268dcf8c07d8fbb380142096c09f7f,f25d5256.jpeg\"   class=\"landscape teaser__image\"\/><\/a><\/p>\n<p>Quelle: extremwetter.tv27.06.2026<\/p>\n","protected":false},"excerpt":{"rendered":"TTS-Player \u00fcberspringen\u21b5Artikel weiterlesen Seit Tagen brennt die Sonne unbarmherzig vom Himmel: Gefahr f\u00fcr Leib, Leben \u2013 und unsere&hellip;\n","protected":false},"author":2,"featured_media":1126251,"comment_status":"","ping_status":"","sticky":false,"template":"","format":"standard","meta":{"footnotes":"","_share_on_mastodon":"0"},"categories":[2],"tags":[17969,12619,11885,237498,53323,26482,21458,29,30,13,18113,14,15,12,524,138370,10,8,9,11,4106,1973,87874],"class_list":["post-1126250","post","type-post","status-publish","format-standard","has-post-thumbnail","category-deutschland","tag-asphalt","tag-autobahn-a-10","tag-autobahn-a-2","tag-autobahn-a-643","tag-autobahn-a-66","tag-autobahn-a-7","tag-autobahnen","tag-deutschland","tag-germany","tag-headlines","tag-hitzewelle","tag-nachrichten","tag-news","tag-schlagzeilen","tag-strasse","tag-team-first","tag-top-news","tag-top-meldungen","tag-topmeldungen","tag-topnews","tag-wasser","tag-wetter","tag-winterdienst"],"share_on_mastodon":{"url":"https:\/\/pubeurope.com\/@de\/116823310921555702","error":""},"_links":{"self":[{"href":"https:\/\/www.europesays.com\/de\/wp-json\/wp\/v2\/posts\/1126250","targetHints":{"allow":["GET"]}}],"collection":[{"href":"https:\/\/www.europesays.com\/de\/wp-json\/wp\/v2\/posts"}],"about":[{"href":"https:\/\/www.europesays.com\/de\/wp-json\/wp\/v2\/types\/post"}],"author":[{"embeddable":true,"href":"https:\/\/www.europesays.com\/de\/wp-json\/wp\/v2\/users\/2"}],"replies":[{"embeddable":true,"href":"https:\/\/www.europesays.com\/de\/wp-json\/wp\/v2\/comments?post=1126250"}],"version-history":[{"count":0,"href":"https:\/\/www.europesays.com\/de\/wp-json\/wp\/v2\/posts\/1126250\/revisions"}],"wp:featuredmedia":[{"embeddable":true,"href":"https:\/\/www.europesays.com\/de\/wp-json\/wp\/v2\/media\/1126251"}],"wp:attachment":[{"href":"https:\/\/www.europesays.com\/de\/wp-json\/wp\/v2\/media?parent=1126250"}],"wp:term":[{"taxonomy":"category","embeddable":true,"href":"https:\/\/www.europesays.com\/de\/wp-json\/wp\/v2\/categories?post=1126250"},{"taxonomy":"post_tag","embeddable":true,"href":"https:\/\/www.europesays.com\/de\/wp-json\/wp\/v2\/tags?post=1126250"}],"curies":[{"name":"wp","href":"https:\/\/api.w.org\/{rel}","templated":true}]}}