{"id":1126709,"date":"2026-06-27T22:19:21","date_gmt":"2026-06-27T22:19:21","guid":{"rendered":"https:\/\/www.europesays.com\/de\/1126709\/"},"modified":"2026-06-27T22:19:21","modified_gmt":"2026-06-27T22:19:21","slug":"schweine-kraulen-gegen-demenz-wie-der-kruemelhof-in-augsburg-erkrankten-hilft","status":"publish","type":"post","link":"https:\/\/www.europesays.com\/de\/1126709\/","title":{"rendered":"Schweine kraulen gegen Demenz: Wie der Kr\u00fcmelhof in Augsburg Erkrankten hilft"},"content":{"rendered":"<p class=\"mb-6 text-xs-varying md:text-m lg:text-l font-serif group-[.font-sans]:font-sans \">\n    Wenn die Kunekune-Schweine doll gekrault werden, kippen sie um und schlie\u00dfen die Augen. Jetzt nicht aufh\u00f6ren! Seraphisch strecken sie ihre Hufe von sich und grunzen vergn\u00fcgt. Was haben die Schweine f\u00fcr ein Gl\u00fcck: <a href=\"https:\/\/www.augsburger-allgemeine.de\/augsburg\/rett-syndrom-der-kruemelhof-in-augsburg-unterstuetzt-olivia-mit-tiergestuetzter-therapie-113570150\" target=\"_self\" class=\"underline \" rel=\"nofollow noopener\">Auf dem Kr\u00fcmelhof in Augsburg<\/a> genie\u00dfen sie heute die maximale Aufmerksamkeit. Sie werden gestreichelt von \u00e4lteren Damen und Herren in hellen Strickoberteilen und Strohh\u00fcten, die auf den Baumst\u00e4mmen im Schweinepferch Platz genommen haben. \u201eEin Batzibubele bist du\u201c, sagt eine aus der Gruppe, schlohwei\u00dfes Haar und freundliche Augen, w\u00e4hrend ihre Finger durch das struppige Fell von Schweinchen Edgar wuscheln. Weiter hinten hat sich Jolanda ausgestreckt, die gr\u00f6\u00dfte Sau im Pferch. Der Geruch nach Erde und Stroh h\u00e4ngt in der Luft. Ein Mann kratzt Jolandas Bauch, dass seine H\u00e4nde schon ganz braun sind. \u00a0\u00a0\u00a0\u00a0\u00a0\n  <\/p>\n","protected":false},"excerpt":{"rendered":"Wenn die Kunekune-Schweine doll gekrault werden, kippen sie um und schlie\u00dfen die Augen. Jetzt nicht aufh\u00f6ren! Seraphisch strecken&hellip;\n","protected":false},"author":2,"featured_media":1126710,"comment_status":"","ping_status":"","sticky":false,"template":"","format":"standard","meta":{"footnotes":"","_share_on_mastodon":"0"},"categories":[1846],"tags":[680,237539,772,3364,1051,29,59303,548,663,3934,30,13,237540,237542,4615,14,15,3728,237541,12],"class_list":["post-1126709","post","type-post","status-publish","format-standard","has-post-thumbnail","category-augsburg","tag-augsburg","tag-auszeithof","tag-bayern","tag-de","tag-demenz","tag-deutschland","tag-erkrankte","tag-eu","tag-europa","tag-europe","tag-germany","tag-headlines","tag-hochschule-kempten","tag-kruemelhof","tag-landwirtschaft","tag-nachrichten","tag-news","tag-oberhausen","tag-philipp-prestel","tag-schlagzeilen"],"share_on_mastodon":{"url":"https:\/\/pubeurope.com\/@de\/116824399409105871","error":""},"_links":{"self":[{"href":"https:\/\/www.europesays.com\/de\/wp-json\/wp\/v2\/posts\/1126709","targetHints":{"allow":["GET"]}}],"collection":[{"href":"https:\/\/www.europesays.com\/de\/wp-json\/wp\/v2\/posts"}],"about":[{"href":"https:\/\/www.europesays.com\/de\/wp-json\/wp\/v2\/types\/post"}],"author":[{"embeddable":true,"href":"https:\/\/www.europesays.com\/de\/wp-json\/wp\/v2\/users\/2"}],"replies":[{"embeddable":true,"href":"https:\/\/www.europesays.com\/de\/wp-json\/wp\/v2\/comments?post=1126709"}],"version-history":[{"count":0,"href":"https:\/\/www.europesays.com\/de\/wp-json\/wp\/v2\/posts\/1126709\/revisions"}],"wp:featuredmedia":[{"embeddable":true,"href":"https:\/\/www.europesays.com\/de\/wp-json\/wp\/v2\/media\/1126710"}],"wp:attachment":[{"href":"https:\/\/www.europesays.com\/de\/wp-json\/wp\/v2\/media?parent=1126709"}],"wp:term":[{"taxonomy":"category","embeddable":true,"href":"https:\/\/www.europesays.com\/de\/wp-json\/wp\/v2\/categories?post=1126709"},{"taxonomy":"post_tag","embeddable":true,"href":"https:\/\/www.europesays.com\/de\/wp-json\/wp\/v2\/tags?post=1126709"}],"curies":[{"name":"wp","href":"https:\/\/api.w.org\/{rel}","templated":true}]}}