{"id":1126843,"date":"2026-06-27T23:40:36","date_gmt":"2026-06-27T23:40:36","guid":{"rendered":"https:\/\/www.europesays.com\/de\/1126843\/"},"modified":"2026-06-27T23:40:36","modified_gmt":"2026-06-27T23:40:36","slug":"rund-185-000-menschen-beobachten-windjammerparade-in-kiel","status":"publish","type":"post","link":"https:\/\/www.europesays.com\/de\/1126843\/","title":{"rendered":"Rund 185.000 Menschen beobachten Windjammerparade in Kiel"},"content":{"rendered":"<p>&#13;<br \/>\n            Kiel. Bei bestem Sommerwetter haben rund 185.000 Menschen nach Veranstalterangaben an den Str\u00e4nden die Windjammerparade der Kieler Woche verfolgt. Es habe wenig Wind gegeben. \u201eAber die Segel konnten nat\u00fcrlich trotzdem gesetzt werden\u201c, sagte eine Stadtsprecherin der Deutschen Presse-Agentur. Ab und zu h\u00e4tten Skipper auch ihre Motoren gebraucht. \u201eAuf dem Wasser ist es, glaube ich, der k\u00fchlste Fleck, gerade bei den Temperaturen\u201c, sagte sie angesichts der Hitze. <\/p>\n<p>Im vergangenen Jahr hatten nach Sch\u00e4tzungen etwa 170.000 Menschen das Spektakel verfolgt, damals hatte das deutsche Segelschulschiff \u201eGorch Fock\u201c, das derzeit auf USA-Reise ist, die Windjammerparade angef\u00fchrt. <\/p>\n<p>            &#13;<br \/>\n              <img decoding=\"async\"   src=\"https:\/\/www.europesays.com\/de\/wp-content\/uploads\/2026\/06\/Hunderte-Boote-waren-auf-dem-Wasser-darunter-viele-1338644.jpg\" title=\"Rund 185.000 Menschen beobachten Windjammerparade in Kiel \" alt=\"Hunderte Boote waren auf dem Wasser - darunter viele Zuschauerboote.\" class=\"img-responsive\"\/>&#13;<br \/>\n              &#13;<\/p>\n<p>Hunderte Boote waren auf dem Wasser &#8211; darunter viele Zuschauerboote. &#13;<br \/>\n\t\t\t\t\t\t\t\tFoto: Frank Molter\/dpa<\/p>\n<p>&#13;<br \/>\n              &#13;<\/p>\n<p>In diesem Jahr f\u00fchrte das deutsche Traditionsschiff \u201eThor Heyerdahl\u201c die Segelparade an. Dabei waren unter anderem das offizielle Kieler-Woche-Schiff \u201eMare Frisium\u201c, die \u201eAmphitrite\u201c, die \u201eGro\u00dfherzogin Elisabeth\u201c und die \u201eSwaensborgh\u201c. \u201eWir hatten 53 Traditionsschiffe, 55 Sportboote und jede Menge Zuschauerboote\u201c, sagte die Sprecherin. \u201eInsgesamt waren 700 bis 800 Boote auf der F\u00f6rde zur Jubil\u00e4umsparade.\u201c Die Zuschauerboote seien dabei nicht direkt in der Parade mitgefahren, sondern am Rand. <\/p>\n<p>Tausende Menschen am Ufer <\/p>\n<p>Unter anderem vom Falckensteiner Strand aus verfolgten Schaulustige das Spektakel. Als besonders sch\u00f6ne Aussichtspunkte auf dem Westufer der F\u00f6rde gelten auch die Kiellinie, der Holtenauer Leuchtturm und das ehemalige MFG-5-Gel\u00e4nde in Holtenau. Auf dem Ostufer bot der F\u00f6rdewanderweg besonders in M\u00f6nkeberg, Kitzeberg und M\u00f6ltenort einen guten Blick auf das Geschehen auf dem Wasser. <\/p>\n<p><img decoding=\"async\"   src=\"https:\/\/www.europesays.com\/de\/wp-content\/uploads\/2026\/06\/Rund-185000-Menschen-beobachteten-nach-Veranstalterangaben-1338645.jpg\" title=\"Rund 185.000 Menschen beobachten Windjammerparade in Kiel \" alt=\"Rund 185.000 Menschen beobachteten nach Veranstalterangaben an den Str\u00e4nden die Windjammerparade.\" class=\"img-responsive\"\/><\/p>\n<p>Rund 185.000 Menschen beobachteten nach Veranstalterangaben an den Str\u00e4nden die Windjammerparade. &#13;<br \/>\n\t\t\t\t\t\t\t\tFoto: Frank Molter\/dpa<\/p>\n<p>Die Schiffe starteten am Vormittag gegen 11.00 Uhr in der Kieler F\u00f6rde und mussten die Formation bis zu einer gedachten Linie zwischen Kiel-Schilksee auf dem Westufer und Laboe auf dem Ostufer einhalten. Danach durften die Schiffe die Formation aufl\u00f6sen. <\/p>\n<p>Menschen beobachteten das Spektakel auf dem Wasser nicht nur von Land aus, sondern auch von zahlreichen Booten auf dem Wasser. Die Segelparade gilt als maritimer H\u00f6hepunkt der am Sonntagabend endenden Kieler Woche 2026. <\/p>\n","protected":false},"excerpt":{"rendered":"&#13; Kiel. Bei bestem Sommerwetter haben rund 185.000 Menschen nach Veranstalterangaben an den Str\u00e4nden die Windjammerparade der Kieler&hellip;\n","protected":false},"author":2,"featured_media":1126844,"comment_status":"","ping_status":"","sticky":false,"template":"","format":"standard","meta":{"footnotes":"","_share_on_mastodon":"0"},"categories":[1852],"tags":[3364,29,548,663,3934,22935,30,13,4949,23690,14,15,12,1971,69967],"class_list":["post-1126843","post","type-post","status-publish","format-standard","has-post-thumbnail","category-kiel","tag-de","tag-deutschland","tag-eu","tag-europa","tag-europe","tag-fest-kultur","tag-germany","tag-headlines","tag-kiel","tag-kieler-woche","tag-nachrichten","tag-news","tag-schlagzeilen","tag-schleswig-holstein","tag-windjammerparade"],"share_on_mastodon":{"url":"https:\/\/pubeurope.com\/@de\/116824718017696451","error":""},"_links":{"self":[{"href":"https:\/\/www.europesays.com\/de\/wp-json\/wp\/v2\/posts\/1126843","targetHints":{"allow":["GET"]}}],"collection":[{"href":"https:\/\/www.europesays.com\/de\/wp-json\/wp\/v2\/posts"}],"about":[{"href":"https:\/\/www.europesays.com\/de\/wp-json\/wp\/v2\/types\/post"}],"author":[{"embeddable":true,"href":"https:\/\/www.europesays.com\/de\/wp-json\/wp\/v2\/users\/2"}],"replies":[{"embeddable":true,"href":"https:\/\/www.europesays.com\/de\/wp-json\/wp\/v2\/comments?post=1126843"}],"version-history":[{"count":0,"href":"https:\/\/www.europesays.com\/de\/wp-json\/wp\/v2\/posts\/1126843\/revisions"}],"wp:featuredmedia":[{"embeddable":true,"href":"https:\/\/www.europesays.com\/de\/wp-json\/wp\/v2\/media\/1126844"}],"wp:attachment":[{"href":"https:\/\/www.europesays.com\/de\/wp-json\/wp\/v2\/media?parent=1126843"}],"wp:term":[{"taxonomy":"category","embeddable":true,"href":"https:\/\/www.europesays.com\/de\/wp-json\/wp\/v2\/categories?post=1126843"},{"taxonomy":"post_tag","embeddable":true,"href":"https:\/\/www.europesays.com\/de\/wp-json\/wp\/v2\/tags?post=1126843"}],"curies":[{"name":"wp","href":"https:\/\/api.w.org\/{rel}","templated":true}]}}