{"id":1126989,"date":"2026-06-28T01:16:57","date_gmt":"2026-06-28T01:16:57","guid":{"rendered":"https:\/\/www.europesays.com\/de\/1126989\/"},"modified":"2026-06-28T01:16:57","modified_gmt":"2026-06-28T01:16:57","slug":"kaufmann-verlaesst-eintracht-braunschweig-geruecht-um-wechsel-nach-thailand","status":"publish","type":"post","link":"https:\/\/www.europesays.com\/de\/1126989\/","title":{"rendered":"Kaufmann verl\u00e4sst Eintracht Braunschweig: Ger\u00fccht um Wechsel nach Thailand"},"content":{"rendered":"<p>Dienst\u00e4ltester Spieler\u00a0<\/p>\n<p>                                    <img decoding=\"async\" src=\"https:\/\/www.europesays.com\/de\/wp-content\/uploads\/2026\/06\/fabio-kaufmann-lino-tempelmann-eintracht-braunschweig-2025-1748956352-169261.jpg\" title=\"Kaufmann verl\u00e4sst Eintracht Braunschweig: Ger\u00fccht um Wechsel nach Thailand\" alt=\"Kaufmann verl\u00e4sst Eintracht Braunschweig: Ger\u00fccht um Wechsel nach Thailand\"\/><\/p>\n<p>\n                                       \u00a9IMAGO\n                                    <\/p>\n<p><a title=\"Eintracht Braunschweig\" href=\"https:\/\/www.transfermarkt.de\/eintracht-braunschweig\/startseite\/verein\/23\" target=\"_blank\" rel=\"nofollow noopener\">Eintracht Braunschweig<\/a> verliert seinen dienst\u00e4ltesten Spieler: Nach vier Jahren verl\u00e4sst <a title=\"Fabio Kaufmann\" href=\"https:\/\/www.transfermarkt.de\/fabio-kaufmann\/profil\/spieler\/160980\" target=\"_blank\" rel=\"nofollow noopener\">Fabio Kaufmann<\/a> den Zweitligisten mit Vertragsende. Wie der Verein mitteilte, sucht der 33-J\u00e4hrige eine neue Herausforderung im Ausland. Ger\u00fcchte gibt es um den thail\u00e4ndischen Klub <a title=\"BG Pathum United\" href=\"https:\/\/www.transfermarkt.de\/bg-pathum-united\/geruechte\/verein\/25444\" rel=\"nofollow noopener\" target=\"_blank\">BG Pathum United<\/a>.<\/p>\n<p>\n    <a class=\"bbcodesLink\" href=\"https:\/\/www.transfermarkt.de\/fabio-kaufmann-zu-bg-pathum-united-\/thread\/forum\/154\/thread_id\/1196707\" rel=\"nofollow noopener\" target=\"_blank\"><\/p>\n<tr>\n<p>                        Ger\u00fccht<\/p>\n<\/tr>\n<tr class=\"contentzeile\">\n<td class=\"spielerbild\" rowspan=\"2\">\n                        <img decoding=\"async\" src=\"https:\/\/www.europesays.com\/de\/wp-content\/uploads\/2026\/06\/160980-1657638759.jpg\" title=\"Fabio Kaufmann\" alt=\"Fabio Kaufmann\" class=\"\"\/>                    <\/td>\n<td class=\"spielername\">\n                        <a title=\"Fabio Kaufmann\" href=\"https:\/\/www.transfermarkt.de\/fabio-kaufmann\/profil\/spieler\/160980\" rel=\"nofollow noopener\" target=\"_blank\">F. Kaufmann<\/a>                    <\/td>\n<td class=\"vereinswappen\" rowspan=\"2\">\n                        <img decoding=\"async\" src=\"https:\/\/www.europesays.com\/de\/wp-content\/uploads\/2025\/06\/23.png\" title=\"Eintracht Braunschweig\" alt=\"Eintracht Braunschweig\" class=\"\"\/>                    <\/td>\n<td class=\"c2action\" rowspan=\"2\"><\/td>\n<\/tr>\n<tr class=\"contentzeile\">\n<td class=\"position\">\n                        Rechtsau\u00dfen                    <\/td>\n<\/tr>\n<tr class=\"contentZeileSpielerGK\">\n<td colspan=\"4\">\n<tr>\n<td class=\"vereinsname\">\n                                    E. Braunschweig                                <\/td>\n<td class=\"vereinswappen\" rowspan=\"2\">\n                                    <img decoding=\"async\" src=\"https:\/\/www.europesays.com\/de\/wp-content\/uploads\/2025\/06\/23.png\" title=\"Eintracht Braunschweig\" alt=\"Eintracht Braunschweig\" class=\"\"\/>                                <\/td>\n<td class=\"wahrscheinlichkeit-auf\" rowspan=\"2\">\n<p>\u00a0<\/p>\n<p>                                        91                                        %\n                                                                    <\/td>\n<td class=\"vereinswappen\" rowspan=\"2\">\n                                    <img decoding=\"async\" src=\"https:\/\/www.europesays.com\/de\/wp-content\/uploads\/2026\/06\/25444.png\" title=\"BG Pathum United\" alt=\"BG Pathum United\" class=\"\"\/>                                <\/td>\n<td class=\"vereinsname\">\n                                    BG Pathum Utd.                                <\/td>\n<\/tr>\n<tr>\n<td>\n                                    2. Bundesliga                                <\/td>\n<td>\n                                    Thai League                                <\/td>\n<\/tr>\n<\/td>\n<\/tr>\n<p>    <\/a>\n<\/p>\n<p>Kaufmann spielte bereits 2020\/21 f\u00fcr die Niedersachsen und kehrte 2022 abl\u00f6sefrei vom Karlsruher SC zur\u00fcck. Insgesamt absolvierte er 153 Partien (15 Tore, zehn Vorlagen) \u2013 mehr als f\u00fcr jeden anderen Verein in seiner Karriere. \u201eNach insgesamt f\u00fcnf Jahren im Eintracht-Trikot ist f\u00fcr mich der Zeitpunkt gekommen, noch einmal eine neue Herausforderung anzunehmen und ganz neue Erfahrungen im Ausland zu sammeln. Die Entscheidung ist mir nicht leichtgefallen, denn Braunschweig ist f\u00fcr mich l\u00e4ngst mehr als nur eine Station im Fu\u00dfball geworden. Ich habe das Eintracht-Trikot und den roten L\u00f6wen immer mit Stolz auf meiner Brust getragen und jeden Tag versucht, alles f\u00fcr diesen Verein zu geben. Ich bin dankbar f\u00fcr das Vertrauen, die vielen gemeinsamen Erlebnisse und die Unterst\u00fctzung, die ich hier immer gesp\u00fcrt habe. Es waren sehr intensive Jahre mit H\u00f6hen und Tiefen \u2013 f\u00fcr die Mannschaft wie f\u00fcr mich pers\u00f6nlich\u201c, sagte Kaufmann.<\/p>\n<p><\/p>\n<p>Sport-Gesch\u00e4ftsf\u00fchrer Benjamin Kessel gab zu Protokoll: \u201eWir hatten mit Fabio zu jeder Zeit einen offenen und vertrauensvollen Austausch und h\u00e4tten uns eine weitere Zusammenarbeit vorstellen k\u00f6nnen. Das haben wir sowohl ihm pers\u00f6nlich gesagt als auch \u00f6ffentlich bekundet. Fabio hat sich nun entschieden, im Herbst seiner Profi-Karriere nochmal eine andere Herausforderung zu suchen und neue Erfahrungen zu machen. Dies k\u00f6nnen wir nachvollziehen und respektieren selbstverst\u00e4ndlich seine Entscheidung. Fabios gro\u00dfe Verdienste um die Eintracht sind unstrittig, umso mehr ist es unser Anliegen, dass wir uns \u2013 sobald es ihm m\u00f6glich ist \u2013 im Rahmen eines unserer Heimspiele gemeinsam mit den Fans nochmals pers\u00f6nlich von ihm verabschieden k\u00f6nnen. Wir danken Fabio f\u00fcr seine Leistungen in unserem Trikot und f\u00fcr die zu jeder Zeit gro\u00dfe Identifikation mit der Eintracht. F\u00fcr seine fu\u00dfballerische und private Zukunft w\u00fcnschen wir ihm ganz viel Erfolg und nur das Beste. Danke Kaufi.\u201c<\/p>\n<p><\/p>\n<p>\n                                <strong>Hinweis:<\/strong><br \/>\n                                Wenn du etwas googelst, bekommst du neben den normalen Ergebnissen auch eine Box mit aktuellen News angezeigt. Wenn du Transfermarkt als bevorzugte Quelle hinterlegst, tauchen unsere Inhalte dort h\u00e4ufiger f\u00fcr dich auf.<br \/>\n                                <a href=\"https:\/\/www.google.com\/preferences\/source?q=transfermarkt.de\" target=\"_blank\" rel=\"noopener noreferrer nofollow\" onclick=\"tmEvent(&#039;news&#039;,&#039;click&#039;,&#039;google-preferences&#039;);&#010;\"><br \/>\n                                    F\u00fcge Transfermarkt hier als bevorzugte Quelle hinzu.                                <\/a>\n                            <\/p>\n","protected":false},"excerpt":{"rendered":"Dienst\u00e4ltester Spieler\u00a0 \u00a9IMAGO Eintracht Braunschweig verliert seinen dienst\u00e4ltesten Spieler: Nach vier Jahren verl\u00e4sst Fabio Kaufmann den Zweitligisten mit&hellip;\n","protected":false},"author":2,"featured_media":1126990,"comment_status":"","ping_status":"","sticky":false,"template":"","format":"standard","meta":{"footnotes":"","_share_on_mastodon":"0"},"categories":[1850],"tags":[621,237582,6429,3364,29,8704,548,663,3934,70555,30,13,14,15,1411,12],"class_list":["post-1126989","post","type-post","status-publish","format-standard","has-post-thumbnail","category-braunschweig","tag-2-bundesliga","tag-bg-pathum-united","tag-braunschweig","tag-de","tag-deutschland","tag-eintracht-braunschweig","tag-eu","tag-europa","tag-europe","tag-fabio-kaufmann","tag-germany","tag-headlines","tag-nachrichten","tag-news","tag-niedersachsen","tag-schlagzeilen"],"share_on_mastodon":{"url":"https:\/\/pubeurope.com\/@de\/116825100824667414","error":""},"_links":{"self":[{"href":"https:\/\/www.europesays.com\/de\/wp-json\/wp\/v2\/posts\/1126989","targetHints":{"allow":["GET"]}}],"collection":[{"href":"https:\/\/www.europesays.com\/de\/wp-json\/wp\/v2\/posts"}],"about":[{"href":"https:\/\/www.europesays.com\/de\/wp-json\/wp\/v2\/types\/post"}],"author":[{"embeddable":true,"href":"https:\/\/www.europesays.com\/de\/wp-json\/wp\/v2\/users\/2"}],"replies":[{"embeddable":true,"href":"https:\/\/www.europesays.com\/de\/wp-json\/wp\/v2\/comments?post=1126989"}],"version-history":[{"count":0,"href":"https:\/\/www.europesays.com\/de\/wp-json\/wp\/v2\/posts\/1126989\/revisions"}],"wp:featuredmedia":[{"embeddable":true,"href":"https:\/\/www.europesays.com\/de\/wp-json\/wp\/v2\/media\/1126990"}],"wp:attachment":[{"href":"https:\/\/www.europesays.com\/de\/wp-json\/wp\/v2\/media?parent=1126989"}],"wp:term":[{"taxonomy":"category","embeddable":true,"href":"https:\/\/www.europesays.com\/de\/wp-json\/wp\/v2\/categories?post=1126989"},{"taxonomy":"post_tag","embeddable":true,"href":"https:\/\/www.europesays.com\/de\/wp-json\/wp\/v2\/tags?post=1126989"}],"curies":[{"name":"wp","href":"https:\/\/api.w.org\/{rel}","templated":true}]}}