{"id":1127010,"date":"2026-06-28T01:34:16","date_gmt":"2026-06-28T01:34:16","guid":{"rendered":"https:\/\/www.europesays.com\/de\/1127010\/"},"modified":"2026-06-28T01:34:16","modified_gmt":"2026-06-28T01:34:16","slug":"minijob-deutsches-studierendenwerk-fordert-ausnahme-fuer-studierende-blickfeld","status":"publish","type":"post","link":"https:\/\/www.europesays.com\/de\/1127010\/","title":{"rendered":"Minijob: Deutsches Studierendenwerk fordert Ausnahme f\u00fcr Studierende &#8211; blickfeld"},"content":{"rendered":"<p class=\"wp-block-paragraph\">\u201eIch verstehe, dass die Bundesregierung das m\u00fchselig geschn\u00fcrte <strong>Gesamtpaket der Rentenkommission<\/strong> nicht aufmachen m\u00f6chte. Dennoch sollte sie die <strong>Ausnahme bei den Minijobs<\/strong> von den Sch\u00fcler:innen auch auf Studierende ausweiten, geht es hier doch auch um einen <strong>Nebenjob <\/strong>in einer <strong>kurzen, klar umrissenen Lebensphase<\/strong>. Ein solcher minimalinvasiver Eingriff in das Gesamtpaket w\u00fcrde die Statik des <strong>Rentenkompromisses <\/strong>nicht gef\u00e4hrden\u201c, f\u00fchrt Anbuhl die Forderung des DSW aus.<\/p>\n<p class=\"wp-block-paragraph\">Es sei nicht bekannt, wie viele der insgesamt <strong>63 Prozent der Studierenden<\/strong>, die neben dem Studium arbeiten, einen <strong>Minijob <\/strong>haben. Das DSW geht jedoch davon aus, dass ihr <strong>Anteil gro\u00df<\/strong> ist. \u201eWenn eine seit dem Jahr 2003 <strong>etablierte Finanzierungsquelle<\/strong> f\u00fcr jobbende Studierende kurzfristig wegf\u00e4llt, stellt sich die Frage, auf welche <strong>Alternativen<\/strong> Studierende zur\u00fcckgreifen k\u00f6nnen\u201c, so Anbuhl weiter.<\/p>\n<p>Drohen Finanzierungsprobleme oder gar Studienabbr\u00fcche?<\/p>\n<p class=\"wp-block-paragraph\">\u201eDenn unabh\u00e4ngig von der arbeitsmarkt- oder sozialpolitischen Bewertung: Mit einem Minijob ist die zeitliche Jobbelastung f\u00fcr Studierende zumindest klar umrissen, auf <strong>zehn Stunden in der Woche<\/strong>: <strong>603 Euro<\/strong> Minijob im Monat, beim aktuellen <strong>Mindestlohn<\/strong> von <strong>13,90 Euro<\/strong> in der Stunde. Das ist aus unserer Sicht eine gerade noch <strong>vertretbare zeitliche Belastung<\/strong> in einem <strong>Vollzeitstudium<\/strong>, und l\u00e4ngst nicht alle Studierenden k\u00f6nnen studienfach-nah jobben\u201c, so Matthias Anbuhl.<\/p>\n<p class=\"wp-block-paragraph\">Es bestehe die gro\u00dfe Gefahr, dass es f\u00fcr diejenigen Studierenden, die zur <strong>Finanzierung ihres Studiums <\/strong>zwingend auf einen <strong>Nebenjob<\/strong> angewiesen sind, viel schwieriger wird, <strong>alternative Besch\u00e4ftigungsangebote<\/strong> zu finden. Es w\u00fcrden <strong>Finanzierungsprobleme <\/strong>drohen, im schlimmsten Fall <strong>Studienabbr\u00fcche<\/strong>. \u201eDas <strong>Budget der Studierenden<\/strong> ist schon jetzt auf Kante gen\u00e4ht, und f\u00fcr zwei Drittel von ihnen ist der Nebenjob Teil ihrer wirtschaftlichen Realit\u00e4t\u201c, verdeutlicht Anbuhl.<\/p>\n<p>Unterst\u00fctze die CampusZeitung blickfeld<\/p>\n<p><strong>Schon ein kleiner Beitrag hilft uns, unseren Job noch besser zu machen!<\/strong> So kannst du uns unterst\u00fctzen:<\/p>\n<p>Abo per <a class=\"gofollow\" data-track=\"MTIsMCwxMA==\" href=\"https:\/\/steadyhq.com\/de\/blickfeld-wuppertal\" rel=\"noopener noreferrer nofollow\" target=\"_blank\">Steady<\/a>, <a class=\"gofollow\" data-track=\"MTIsMCwxMA==\" href=\"https:\/\/www.paypal.me\/blickfeldwtal\" rel=\"noopener noreferrer nofollow\" target=\"_blank\">Einmalzahlung<\/a> oder <a class=\"gofollow\" data-track=\"MTIsMCwxMA==\" href=\"https:\/\/www.blickfeld-wuppertal.de\/anzeigen-abo\/werbeanzeige-schalten\" rel=\"noopener noreferrer nofollow\" target=\"_blank\">Anzeige<\/a><\/p>\n<p>Damit wir unser Engagement ausbauen k\u00f6nnen, ist eure Unterst\u00fctzung gefragt &#8211; f\u00fcr mehr Recherchen und Berichte.<\/p>\n<p><strong>Ihr k\u00f6nnt uns mit einem monatlichen oder einmaligen Beitrag unterst\u00fctzen oder eine Anzeige schalten.<\/strong><\/p>\n<p><a class=\"gofollow\" data-track=\"MTIsMCwxMA==\" href=\"https:\/\/steadyhq.com\/de\/blickfeld-wuppertal\" rel=\"noopener noreferrer nofollow\" target=\"_blank\">Abo per Steady<\/a> | <a class=\"gofollow\" data-track=\"MTIsMCwxMA==\" href=\"https:\/\/www.paypal.me\/blickfeldwtal\" rel=\"noopener noreferrer nofollow\" target=\"_blank\">Einmalzahlung mit PayPal<\/a> | <a class=\"gofollow\" data-track=\"MTIsMCwxMA==\" href=\"https:\/\/www.blickfeld-wuppertal.de\/anzeigen-abo\/werbeanzeige-schalten\" rel=\"noopener noreferrer nofollow\" target=\"_blank\">Anzeige schalten<\/a><\/p>\n<p>Zur CampusZeitung blickfeld:<\/p>\n<p>Seit 2011 versorgen wir als <a class=\"gofollow\" data-track=\"MTIsMCwxMA==\" href=\"https:\/\/www.blickfeld-wuppertal.de\/ueber-uns\" rel=\"noopener noreferrer nofollow\" target=\"_blank\">unabh\u00e4ngiges Medium an der Bergischen Universit\u00e4t Wuppertal<\/a> die Studierenden, Mitarbeiter\/-innen und alle Interessierten aus dem Bergischen St\u00e4dtedreieck und dar\u00fcber hinaus mit Nachrichten vom Campus und aus dem Tal. Unsere <strong>Unabh\u00e4ngigkeit<\/strong> ist unsere st\u00e4rkste Eigenschaft. Wir sind weder eine Zeitung des Allgemeinen Studierendenausschusses (AStA) noch eine Publikation unter der Schirmherrschaft der Universit\u00e4t. Damit sind wir keinen fremden Interessen verpflichtet, k\u00f6nnen frei Themen w\u00e4hlen und dabei auch unbequem werden. <a class=\"gofollow\" data-track=\"MTIsMCwxMA==\" href=\"https:\/\/www.blickfeld-wuppertal.de\/ueber-uns\" rel=\"noopener noreferrer nofollow\" target=\"_blank\">Mehr \u00fcber uns &#8230;<\/a><\/p>\n<p class=\"wp-block-paragraph\">Alle Auszubildenden, und somit auch die Studierenden, sollten weiterhin Minijobs machen k\u00f6nnen. Die Bundesregierung m\u00fcsste ihre Rentenpl\u00e4ne an diesem Punkt \u00fcberdenken, sonst w\u00fcrde sie jobbende Studierende einer wichtigen Einnahmequelle berauben. \u00bb<a href=\"https:\/\/www.blickfeld-wuppertal.de\/ueber-uns\/blickfeld-redaktion\" rel=\"nofollow noopener\" target=\"_blank\">red<\/a>\u00ab<\/p>\n","protected":false},"excerpt":{"rendered":"\u201eIch verstehe, dass die Bundesregierung das m\u00fchselig geschn\u00fcrte Gesamtpaket der Rentenkommission nicht aufmachen m\u00f6chte. Dennoch sollte sie die&hellip;\n","protected":false},"author":2,"featured_media":62816,"comment_status":"","ping_status":"","sticky":false,"template":"","format":"standard","meta":{"footnotes":"","_share_on_mastodon":"0"},"categories":[1840],"tags":[3364,29,30,42784,1209,16375,52965,4938,4418],"class_list":["post-1127010","post","type-post","status-publish","format-standard","has-post-thumbnail","category-wuppertal","tag-de","tag-deutschland","tag-germany","tag-nebenjob","tag-nordrhein-westfalen","tag-red","tag-studienfinanzierung","tag-studium","tag-wuppertal"],"share_on_mastodon":{"url":"","error":""},"_links":{"self":[{"href":"https:\/\/www.europesays.com\/de\/wp-json\/wp\/v2\/posts\/1127010","targetHints":{"allow":["GET"]}}],"collection":[{"href":"https:\/\/www.europesays.com\/de\/wp-json\/wp\/v2\/posts"}],"about":[{"href":"https:\/\/www.europesays.com\/de\/wp-json\/wp\/v2\/types\/post"}],"author":[{"embeddable":true,"href":"https:\/\/www.europesays.com\/de\/wp-json\/wp\/v2\/users\/2"}],"replies":[{"embeddable":true,"href":"https:\/\/www.europesays.com\/de\/wp-json\/wp\/v2\/comments?post=1127010"}],"version-history":[{"count":0,"href":"https:\/\/www.europesays.com\/de\/wp-json\/wp\/v2\/posts\/1127010\/revisions"}],"wp:featuredmedia":[{"embeddable":true,"href":"https:\/\/www.europesays.com\/de\/wp-json\/wp\/v2\/media\/62816"}],"wp:attachment":[{"href":"https:\/\/www.europesays.com\/de\/wp-json\/wp\/v2\/media?parent=1127010"}],"wp:term":[{"taxonomy":"category","embeddable":true,"href":"https:\/\/www.europesays.com\/de\/wp-json\/wp\/v2\/categories?post=1127010"},{"taxonomy":"post_tag","embeddable":true,"href":"https:\/\/www.europesays.com\/de\/wp-json\/wp\/v2\/tags?post=1127010"}],"curies":[{"name":"wp","href":"https:\/\/api.w.org\/{rel}","templated":true}]}}