{"id":1127441,"date":"2026-06-28T06:19:20","date_gmt":"2026-06-28T06:19:20","guid":{"rendered":"https:\/\/www.europesays.com\/de\/1127441\/"},"modified":"2026-06-28T06:19:20","modified_gmt":"2026-06-28T06:19:20","slug":"der-us-praesident-hat-den-direktor-der-einwanderungs-und-zollbehoerde-nominiert","status":"publish","type":"post","link":"https:\/\/www.europesays.com\/de\/1127441\/","title":{"rendered":"Der US-Pr\u00e4sident hat den Direktor der Einwanderungs- und Zollbeh\u00f6rde nominiert."},"content":{"rendered":"<p class=\"pBody\"><img loading=\"lazy\" decoding=\"async\" class=\"dthumb iCenter\" style=\"width: 1000px; height: 563px;;cursor:pointer\" src=\"https:\/\/www.europesays.com\/de\/wp-content\/uploads\/2026\/06\/1782624708943_362d0091225t11000l1-ice-13.webp\" alt=\"Der US-Pr\u00e4sident hat den Direktor der Einwanderungs- und Zollbeh\u00f6rde nominiert.\" width=\"1000\" height=\"563\"\/><\/p>\n<p class=\"pCaption\"> Am 27. Juni gab <a class=\"data-link\" data-org-href=\"https:\/\/www.vietnam.vn\/tag\/my\" href=\"https:\/\/www.vietnam.vn\/tag\/my\" title=\"Amerika\" target=\"_blank\" rel=\"nofollow noopener\">US-<\/a> Pr\u00e4sident Donald Trump die Nominierung von Lance Schroyer zum neuen Direktor der US-Einwanderungs- und Zollbeh\u00f6rde (ICE) bekannt. Foto: newson6.<\/p>\n<p class=\"pBody\"> In einer schriftlichen Erkl\u00e4rung, die er am 27. Juni auf seinem Social-Media-Account ver\u00f6ffentlichte, gab Pr\u00e4sident Trump bekannt, dass er Schroyer f\u00fcr die Leitung von ICE nominiert habe \u2013 der Beh\u00f6rde, die f\u00fcr die Abschiebung von Einwanderern ohne g\u00fcltige Papiere zust\u00e4ndig ist.<\/p>\n<p class=\"pBody\"> Pr\u00e4sident Trump schrieb: \u201eIch freue mich, bekannt geben zu k\u00f6nnen, dass ich Lance Schroyer als unseren n\u00e4chsten Direktor von ICE nominiert habe\u201c, und f\u00fcgte hinzu, dass Schroyer \u00fcber mehr als 29 Jahre Erfahrung im Bereich der Strafverfolgung verf\u00fcge.<\/p>\n<p class=\"pBody\"> Pr\u00e4sident Trump erkl\u00e4rte, sein Kandidat sei ein ehemaliger Sheriff des Bundesstaates Oklahoma und Mitglied des US-Marinekorps, und betonte, Schroyer sei eine \u201ebew\u00e4hrte F\u00fchrungspers\u00f6nlichkeit\u201c im Bereich der Sicherheit.<\/p>\n<p class=\"pBody\"> Der US-Pr\u00e4sident sagte: \u201eHerr Schroyer verf\u00fcgt \u00fcber praktische Erfahrung darin, undokumentierte Einwanderer von unseren Stra\u00dfen zu holen. Noch wichtiger ist, dass er die notwendigen Qualit\u00e4ten besitzt, um Kriminelle, die illegal ins Land eingereist sind, in beispielloser Geschwindigkeit festzunehmen und abzuschieben.\u201c<\/p>\n<p class=\"pBody\"> Pr\u00e4sident Trump erkl\u00e4rte au\u00dferdem, der US-Senat m\u00fcsse Schroyers Ernennung \u201eunverz\u00fcglich best\u00e4tigen\u201c und betonte: \u201eEs darf keine Verz\u00f6gerungen geben. Gemeinsam werden wir Amerika wieder sicher machen.\u201c<\/p>\n<p class=\"pBody\"> Seit seinem Amtsantritt im vergangenen Jahr hat Pr\u00e4sident Trump die Versch\u00e4rfung der Einwanderungskontrollen zu einer seiner obersten Priorit\u00e4ten erkl\u00e4rt. Rechtsorganisationen argumentieren jedoch, dass die Ma\u00dfnahmen <a class=\"data-link\" data-org-href=\"https:\/\/www.vietnam.vn\/tag\/chinh-phu\" href=\"https:\/\/www.vietnam.vn\/tag\/chinh-phu\" title=\"Regierung\" target=\"_blank\" rel=\"nofollow noopener\">der Regierung<\/a> die B\u00fcrgerrechte verletzen und ein unsicheres Umfeld schaffen, insbesondere f\u00fcr ethnische Minderheiten. <\/p>\n<p class=\"pBody\"><img loading=\"lazy\" decoding=\"async\" class=\"iCenter\" style=\"width: 1000px; height: 666px;;cursor:pointer\" src=\"https:\/\/www.europesays.com\/de\/wp-content\/uploads\/2026\/06\/1782624709612_362d0091453t11280l1-ice-22.webp\" alt=\"Der US-Pr\u00e4sident hat den Direktor der Einwanderungs- und Zollbeh\u00f6rde nominiert.\" width=\"1000\" height=\"666\"\/><\/p>\n<p class=\"pCaption\"> ICE spielte eine zentrale Rolle in Pr\u00e4sident Trumps Kampagne zur Versch\u00e4rfung der Einwanderungskontrollen durch Verhaftungen und Abschiebungen von Einwanderern. Foto: NJ.com.<\/p>\n<p class=\"pBody\"> Die US-Einwanderungsbeh\u00f6rde ICE spielt eine zentrale Rolle in Pr\u00e4sident Trumps hartem Vorgehen gegen Einwanderung durch Verhaftungen und Abschiebungen. Die t\u00f6dlichen Sch\u00fcsse von ICE-Beamten auf die beiden US-B\u00fcrger Alex Pretti und Renee Good im Januar in Minnesota l\u00f6sten landesweite Proteste aus. Laut einer Analyse von Reuters auf Basis von Daten der US-Einwanderungsbeh\u00f6rde ICE sind seit Beginn von Trumps gro\u00dfangelegter Abschiebungskampagne mindestens 50 Menschen in Abschiebehaftanstalten gestorben. Pr\u00e4sident Trump behauptet, das harte Vorgehen diene der Reduzierung illegaler Einwanderung und der St\u00e4rkung der nationalen Sicherheit.<\/p>\n<p class=\"pAuthor\"> Thanh V\u00e2n<\/p>\n<p class=\"pSource\"> Quelle: Aa, Reuters.<\/p>\n<p class=\"mb-0\"> Quelle: https:\/\/baothanhhoa.vn\/tong-thong-my-de-cu-giam-doc-co-quan-thuc-thi-di-tru-va-hai-quan-292613.htm<\/p>\n","protected":false},"excerpt":{"rendered":"Am 27. Juni gab US- Pr\u00e4sident Donald Trump die Nominierung von Lance Schroyer zum neuen Direktor der US-Einwanderungs-&hellip;\n","protected":false},"author":2,"featured_media":1127442,"comment_status":"","ping_status":"","sticky":false,"template":"","format":"standard","meta":{"footnotes":"","_share_on_mastodon":"0"},"categories":[3977],"tags":[237650,331,332,188275,13,30629,36005,1030,29955,14,15,12,4017,4018,4016,100211,36546,3941,64,4019,4020],"class_list":["post-1127441","post","type-post","status-publish","format-standard","has-post-thumbnail","category-usa","tag-abschiebung-von-einwanderern","tag-aktuelle-nachrichten","tag-aktuelle-news","tag-benachrichtigung","tag-headlines","tag-illegale-einwanderung","tag-kampagne","tag-manager","tag-marine","tag-nachrichten","tag-news","tag-schlagzeilen","tag-united-states","tag-united-states-of-america","tag-us","tag-us-marine-corps","tag-us-praesident-donald-trump","tag-us-senat","tag-usa","tag-vereinigte-staaten","tag-vereinigte-staaten-von-amerika"],"share_on_mastodon":{"url":"https:\/\/pubeurope.com\/@de\/116826287045871477","error":""},"_links":{"self":[{"href":"https:\/\/www.europesays.com\/de\/wp-json\/wp\/v2\/posts\/1127441","targetHints":{"allow":["GET"]}}],"collection":[{"href":"https:\/\/www.europesays.com\/de\/wp-json\/wp\/v2\/posts"}],"about":[{"href":"https:\/\/www.europesays.com\/de\/wp-json\/wp\/v2\/types\/post"}],"author":[{"embeddable":true,"href":"https:\/\/www.europesays.com\/de\/wp-json\/wp\/v2\/users\/2"}],"replies":[{"embeddable":true,"href":"https:\/\/www.europesays.com\/de\/wp-json\/wp\/v2\/comments?post=1127441"}],"version-history":[{"count":0,"href":"https:\/\/www.europesays.com\/de\/wp-json\/wp\/v2\/posts\/1127441\/revisions"}],"wp:featuredmedia":[{"embeddable":true,"href":"https:\/\/www.europesays.com\/de\/wp-json\/wp\/v2\/media\/1127442"}],"wp:attachment":[{"href":"https:\/\/www.europesays.com\/de\/wp-json\/wp\/v2\/media?parent=1127441"}],"wp:term":[{"taxonomy":"category","embeddable":true,"href":"https:\/\/www.europesays.com\/de\/wp-json\/wp\/v2\/categories?post=1127441"},{"taxonomy":"post_tag","embeddable":true,"href":"https:\/\/www.europesays.com\/de\/wp-json\/wp\/v2\/tags?post=1127441"}],"curies":[{"name":"wp","href":"https:\/\/api.w.org\/{rel}","templated":true}]}}