{"id":1127450,"date":"2026-06-28T06:24:21","date_gmt":"2026-06-28T06:24:21","guid":{"rendered":"https:\/\/www.europesays.com\/de\/1127450\/"},"modified":"2026-06-28T06:24:21","modified_gmt":"2026-06-28T06:24:21","slug":"auf-wunsch-kiews-eu-will-schutzstatus-fuer-wehrfaehige-ukrainer-beenden","status":"publish","type":"post","link":"https:\/\/www.europesays.com\/de\/1127450\/","title":{"rendered":"Auf Wunsch Kiews: EU will Schutzstatus f\u00fcr wehrf\u00e4hige Ukrainer beenden"},"content":{"rendered":"<p>Die EU-Kommission will den automatischen Schutzstatus f\u00fcr ukrainische M\u00e4nner im wehrf\u00e4higen Alter beenden. Dies k\u00fcndigte EU-Innenkommissar Magnus Brunner an. K\u00fcnftig sollen neu einreisende Ukrainer keinen vor\u00fcbergehenden Schutz mehr erhalten, wenn sie die Ukraine nach ukrainischem Recht wegen ihrer Wehrpflicht nicht verlassen d\u00fcrften. Der Vorschlag geht nach Angaben Brunners auf eine Bitte der ukrainischen Regierung zur\u00fcck.<\/p>\n<p>                <img src=\"https:\/\/www.europesays.com\/de\/wp-content\/uploads\/2026\/06\/522519110_highres-2-1024x683.jpg\" alt=\"MARCIN OBARA \/ KEYSTONE\" itemprop=\"contentUrl\" class=\"story-img story-img--landscape\" loading=\"lazy\" decoding=\"async\"\/><\/p>\n<p>                                                    epa09985212 Ukrainian citizens during the March of Gratitude in Warsaw, Poland 29 May 2022<br \/>\n                                                                            <\/p>\n<p>                                        MARCIN OBARA \/ KEYSTONE<\/p>\n<p>In der Ukraine gilt seit Beginn des Kriegs ein Ausreiseverbot f\u00fcr M\u00e4nner im Alter von 23 bis 60 Jahren. Brunner betonte, die geplante Regelung stelle keine Diskriminierung dar. Sie soll in Kraft treten, sobald die EU-Mitgliedstaaten dem Vorschlag zugestimmt haben.<\/p>\n<p>F\u00fcr alle \u00fcbrigen ukrainischen Fl\u00fcchtlinge will die EU-Kommission den vor\u00fcbergehenden Schutz um ein weiteres Jahr bis M\u00e4rz 2028 verl\u00e4ngern. Die sogenannte Massenzustrom-Richtlinie erm\u00f6glicht ukrainischen Fl\u00fcchtlingen seit 2022 ohne individuelles Asylverfahren den Aufenthalt sowie den Zugang zum Arbeitsmarkt, zum Bildungswesen sowie zu Sozial- und Gesundheitsleistungen.<\/p>\n<p>Bundesinnenminister Alexander Dobrindt (CSU) hatte sich bereits zuvor f\u00fcr eine Ausnahme wehrf\u00e4higer ukrainischer M\u00e4nner von der Schutzregelung ausgesprochen. Deutschland hat seit Beginn des Ukraine-Kriegs mehr als 1,1 Millionen Fl\u00fcchtlinge aufgenommen. Weitere wichtige Aufnahmel\u00e4nder sind Polen und Tschechien.<\/p>\n","protected":false},"excerpt":{"rendered":"Die EU-Kommission will den automatischen Schutzstatus f\u00fcr ukrainische M\u00e4nner im wehrf\u00e4higen Alter beenden. Dies k\u00fcndigte EU-Innenkommissar Magnus Brunner&hellip;\n","protected":false},"author":2,"featured_media":1127451,"comment_status":"","ping_status":"","sticky":false,"template":"","format":"standard","meta":{"footnotes":"","_share_on_mastodon":"0"},"categories":[3933],"tags":[331,332,548,942,663,158,3934,3935,1014,13,984,382,14,15,16,12,317,690],"class_list":["post-1127450","post","type-post","status-publish","format-standard","has-post-thumbnail","category-eu","tag-aktuelle-nachrichten","tag-aktuelle-news","tag-eu","tag-eu-kommission","tag-europa","tag-europaeische-union","tag-europe","tag-european-union","tag-gesetzgebung","tag-headlines","tag-international","tag-migration","tag-nachrichten","tag-news","tag-politik","tag-schlagzeilen","tag-ukraine","tag-wehrpflicht"],"share_on_mastodon":{"url":"https:\/\/pubeurope.com\/@de\/116826307782213385","error":""},"_links":{"self":[{"href":"https:\/\/www.europesays.com\/de\/wp-json\/wp\/v2\/posts\/1127450","targetHints":{"allow":["GET"]}}],"collection":[{"href":"https:\/\/www.europesays.com\/de\/wp-json\/wp\/v2\/posts"}],"about":[{"href":"https:\/\/www.europesays.com\/de\/wp-json\/wp\/v2\/types\/post"}],"author":[{"embeddable":true,"href":"https:\/\/www.europesays.com\/de\/wp-json\/wp\/v2\/users\/2"}],"replies":[{"embeddable":true,"href":"https:\/\/www.europesays.com\/de\/wp-json\/wp\/v2\/comments?post=1127450"}],"version-history":[{"count":0,"href":"https:\/\/www.europesays.com\/de\/wp-json\/wp\/v2\/posts\/1127450\/revisions"}],"wp:featuredmedia":[{"embeddable":true,"href":"https:\/\/www.europesays.com\/de\/wp-json\/wp\/v2\/media\/1127451"}],"wp:attachment":[{"href":"https:\/\/www.europesays.com\/de\/wp-json\/wp\/v2\/media?parent=1127450"}],"wp:term":[{"taxonomy":"category","embeddable":true,"href":"https:\/\/www.europesays.com\/de\/wp-json\/wp\/v2\/categories?post=1127450"},{"taxonomy":"post_tag","embeddable":true,"href":"https:\/\/www.europesays.com\/de\/wp-json\/wp\/v2\/tags?post=1127450"}],"curies":[{"name":"wp","href":"https:\/\/api.w.org\/{rel}","templated":true}]}}