{"id":1127546,"date":"2026-06-28T07:25:14","date_gmt":"2026-06-28T07:25:14","guid":{"rendered":"https:\/\/www.europesays.com\/de\/1127546\/"},"modified":"2026-06-28T07:25:14","modified_gmt":"2026-06-28T07:25:14","slug":"130-neue-buecher-lesesommer-xxl-2026-startet-in-der-stadtbibliothek-in-stendal","status":"publish","type":"post","link":"https:\/\/www.europesays.com\/de\/1127546\/","title":{"rendered":"130 neue B\u00fccher: Lesesommer XXL 2026 startet in der Stadtbibliothek in Stendal"},"content":{"rendered":"<p class=\"fp-paragraph\"><strong>Stendal<\/strong> &#8211; Der Lesesommer XXL startet in der <a href=\"https:\/\/www.volksstimme.de\/lokal\/stendal\/stadtbibliothek-in-stendal-welche-veranstaltungen-2026-geplant-sind-4198698\" rel=\"nofollow noopener\" target=\"_blank\">Stadtbibliothek \u201eAnna Seghers\u201c  in Stendal<\/a> in die dritte Runde. Bibliotheksleiterin Andrea Fischer erkl\u00e4rt, was sich hinter dem Angebot verbirgt.<\/p>\n<p class=\"fp-paragraph\">Mit der landesweiten Aktion sollen die Leselust geweckt und die Fantasie der Kinder angeregt werden. Los geht es am 2. Juli. Bis zum 14. August k\u00f6nnen Kinder der ersten bis sechsten Klasse kostenlos B\u00fccher ausleihen und zu Hause oder auf der Urlaubsreise lesen. Zum Abschluss gibt es ein Fest in der Bibliothek mit einigen \u00dcberraschungen. <\/p>\n<p>Klassiker in leichter Sprache<\/p>\n<p class=\"fp-paragraph\">Die Auswahl ist 2026 noch gr\u00f6\u00dfer als  2025: Etwa 130 neue B\u00fccher hat Andrea Fischer mit ihrem Team exklusiv f\u00fcr die jungen Leserinnen und Leser zusammengestellt. \u201eWir haben darauf geachtet, m\u00f6glichst viele verschiedene Themen anzubieten. Von Piraten- \u00fcber Pferde- bis hin zur Abenteuergeschichten ist alles dabei. Auch Sachb\u00fccher sind dieses Mal im Leseturm zu finden.\u201c<\/p>\n<p class=\"fp-paragraph\">Zudem ist das Regal am Eingang f\u00fcr die dritte Auflage mit vielen Klassikern in leichter Sprache best\u00fcckt wie \u201eDie Reise zum Mittelpunkt der Erde\u201c oder \u201e20.000 Meilen unter dem Meer\u201c. Aber auch Kindergeschichten wie \u201eDas kleine Gespenst\u201c und \u201eR\u00e4uber Hotzenplotz\u201c sind dabei. <\/p>\n<p class=\"fp-paragraph\"><strong>Lesen Sie auch: <\/strong><a href=\"https:\/\/www.volksstimme.de\/lokal\/stendal\/silent-book-club-in-stendal-das-steckt-hinter-dem-angebot-4117305\" rel=\"nofollow noopener\" target=\"_blank\"><strong>\u201eSilent Book Club\u201c in Stendal: Das steckt hinter dem Angebot<\/strong><\/a><\/p>\n<p class=\"fp-paragraph\">\u201eUns ist aufgefallen, dass viele Kinder diese Geschichten gar nicht mehr kennen. Wir wollen so wieder Aufmerksamkeit auf sie lenken und sie wieder aufleben lassen\u201c, sagt Andrea Fischer. <\/p>\n<p class=\"fp-paragraph\">Wie funktioniert der Lesesommer? In einem gro\u00dfen Regal an der Information direkt am Eingang k\u00f6nnen die jungen Leseratten st\u00f6bern. Die Kinder suchen sich in der Bibliothek zwei B\u00fccher aus und bewerten sie. Am Ende gibt es f\u00fcr alle ein Zertifikat vom Oberb\u00fcrgermeister. In den ausgew\u00e4hlten B\u00fcchern befinden sich dann die Bewertungsb\u00f6gen. \u201eDas Bewerten ist ganz leicht\u201c, verspricht Andrea Fischer. <\/p>\n<p class=\"fp-paragraph\"><strong>Lesen Sie auch: <\/strong><a href=\"https:\/\/www.volksstimme.de\/lokal\/stendal\/abschied-mit-lob-und-kritik-zwei-schauspielerinnen-verlassen-das-theater-der-altmark-in-stendal-4272172\" rel=\"nofollow noopener\" target=\"_blank\"><strong>Abschied mit Lob und Kritik: Zwei Schauspielerinnen verlassen das Theater der Altmark in Stendal<\/strong><\/a><\/p>\n<p class=\"fp-paragraph\">Die Kinder sollen unter anderem dar\u00fcber nachdenken, wie ihnen das Buch gefallen hat, welche Stimmung es in ihnen ausgel\u00f6st hat und was ihnen besonders in Erinnerung geblieben ist.  \u201eAm wichtigsten ist aber, dass die Kinder Spa\u00df haben und sie langfristig Freude am Lesen entwickeln.\u201c<\/p>\n<p>Lese-Aktion kommt in Stendal gut an<\/p>\n<p class=\"fp-paragraph\">Wer m\u00f6chte, kann auch mehr als zwei B\u00fccher lesen. \u201eIm vergangenen Jahr hatten wir eine sehr flei\u00dfige Leserin. Sie hat 14 B\u00fccher in der Zeit geschafft. Ich bin mir sicher, dass sie in diesem Jahr auch wieder viel lesen wird.\u201c Zudem gibt es die M\u00f6glichkeit, an einem Quiz teilzunehmen und Preise zu gewinnen.<\/p>\n<p class=\"fp-paragraph\">Allgemein wird der Lese-Sommer von den Kindern und Jugendlichen gut angenommen, sagt Andrea Fischer. So haben bei der Premiere 2024 insgesamt 18 Jungen und M\u00e4dchen teilgenommen und es wurden 47 B\u00fccher gelesen. \u201eLetztes Jahr hatten wir 27 Teilnehmer und 90 gelesene B\u00fccher.\u201c<\/p>\n<p class=\"fp-paragraph\"><strong>Lesen Sie auch: <\/strong><a href=\"https:\/\/www.volksstimme.de\/lokal\/stendal\/tiergarten-wird-fur-kinder-gunstiger-4269893\" rel=\"nofollow noopener\" target=\"_blank\"><strong>Tiergarten in Stendal wird f\u00fcr Kinder g\u00fcnstiger<\/strong><\/a><\/p>\n<p class=\"fp-paragraph\">Nach der Lese-Aktion bleiben die neuen B\u00fccher weiter im Sortiment der Bibliothek und k\u00f6nnen von allen Besucherinnen und Besuchern  ausgeliehen werden. <\/p>\n","protected":false},"excerpt":{"rendered":"Stendal &#8211; Der Lesesommer XXL startet in der Stadtbibliothek \u201eAnna Seghers\u201c in Stendal in die dritte Runde. Bibliotheksleiterin&hellip;\n","protected":false},"author":2,"featured_media":1127547,"comment_status":"","ping_status":"","sticky":false,"template":"","format":"standard","meta":{"footnotes":"","_share_on_mastodon":"0"},"categories":[1860],"tags":[1785,3364,29,548,663,3934,30,4062,17332,13,2337,57580,14,15,17331,860,12,4947,6430],"class_list":["post-1127546","post","type-post","status-publish","format-standard","has-post-thumbnail","category-halle-saale","tag-buecher","tag-de","tag-deutschland","tag-eu","tag-europa","tag-europe","tag-germany","tag-halle","tag-halle-saale","tag-headlines","tag-lesen","tag-lesesommer-xxl","tag-nachrichten","tag-news","tag-saale","tag-sachsen-anhalt","tag-schlagzeilen","tag-stadtbibliothek","tag-stendal"],"share_on_mastodon":{"url":"https:\/\/pubeurope.com\/@de\/116826546534912044","error":""},"_links":{"self":[{"href":"https:\/\/www.europesays.com\/de\/wp-json\/wp\/v2\/posts\/1127546","targetHints":{"allow":["GET"]}}],"collection":[{"href":"https:\/\/www.europesays.com\/de\/wp-json\/wp\/v2\/posts"}],"about":[{"href":"https:\/\/www.europesays.com\/de\/wp-json\/wp\/v2\/types\/post"}],"author":[{"embeddable":true,"href":"https:\/\/www.europesays.com\/de\/wp-json\/wp\/v2\/users\/2"}],"replies":[{"embeddable":true,"href":"https:\/\/www.europesays.com\/de\/wp-json\/wp\/v2\/comments?post=1127546"}],"version-history":[{"count":0,"href":"https:\/\/www.europesays.com\/de\/wp-json\/wp\/v2\/posts\/1127546\/revisions"}],"wp:featuredmedia":[{"embeddable":true,"href":"https:\/\/www.europesays.com\/de\/wp-json\/wp\/v2\/media\/1127547"}],"wp:attachment":[{"href":"https:\/\/www.europesays.com\/de\/wp-json\/wp\/v2\/media?parent=1127546"}],"wp:term":[{"taxonomy":"category","embeddable":true,"href":"https:\/\/www.europesays.com\/de\/wp-json\/wp\/v2\/categories?post=1127546"},{"taxonomy":"post_tag","embeddable":true,"href":"https:\/\/www.europesays.com\/de\/wp-json\/wp\/v2\/tags?post=1127546"}],"curies":[{"name":"wp","href":"https:\/\/api.w.org\/{rel}","templated":true}]}}