{"id":1127571,"date":"2026-06-28T07:41:37","date_gmt":"2026-06-28T07:41:37","guid":{"rendered":"https:\/\/www.europesays.com\/de\/1127571\/"},"modified":"2026-06-28T07:41:37","modified_gmt":"2026-06-28T07:41:37","slug":"dynamo-dresden-schnappt-sich-tobias-raschl-von-absteiger-muenster","status":"publish","type":"post","link":"https:\/\/www.europesays.com\/de\/1127571\/","title":{"rendered":"Dynamo Dresden schnappt sich Tobias Raschl von Absteiger M\u00fcnster"},"content":{"rendered":"<p>Abl\u00f6sefrei <\/p>\n<p>Dynamo schnappt sich Mittelfeldspieler von Absteiger M\u00fcnster<\/p>\n<p>Aktualisiert am 24.06.2026Lesedauer: 1 Min.<\/p>\n<p><a href=\"#focus-0\" class=\"transition-colors block text-current relative\" data-sctrack=\"FocusGalleryImage.Reference\"><img fetchpriority=\"high\" data-testid=\"Opener.Image\"   loading=\"eager\" src=\"https:\/\/www.europesays.com\/de\/wp-content\/uploads\/2026\/06\/tobias-raschl-archivbild-heute-soll-der-26-jaehrige-das-trikot-des-preussen-muenster-gegen-das-schwa.jpeg\" alt=\"Tobias Raschl (Archivbild): Heute soll der 26-J\u00e4hrige das Trikot des Preussen M\u00fcnster gegen das schwarz-gelbe tauschen.\" title=\"Tobias Raschl (Archivbild): Heute soll der 26-J\u00e4hrige das Trikot des Preussen M\u00fcnster gegen das schwarz-gelbe tauschen.\" width=\"3722\" height=\"2094\" class=\"bg-[url:var(--lqipURL)] bg-cover bg-center flex h-full w-full max-w-full\" style=\"--lqipURL:url('https:\/\/images.t-online.de\/2026\/06\/uupT5DJgFKe5\/0x516:3722x2094\/fit-in\/150x0\/filters:blur(25)\/tobias-raschl-archivbild-heute-soll-der-26-jaehrige-das-trikot-des-preussen-muenster-gegen-das-schwarz-gelbe-tauschen.jpg')\" decoding=\"async\"\/><img loading=\"lazy\" src=\"https:\/\/dresden.t-online.de\/s\/paper\/_next\/static\/media\/zoom-in.f7dae02f.svg\" alt=\"Vergr\u00f6\u00dfern des Bildes\" title=\"Vergr\u00f6\u00dfern des Bildes\" class=\"block h-[calc(var(--height)_\/_16_*_1rem)] w-[calc(var(--width)_\/_16_*_1rem)] max-w-none absolute right-8 bottom-8 rounded-4 bg-snow p-8\" style=\"--width:32;--height:32\" decoding=\"async\"\/><\/a><\/p>\n<p>Tobias Raschl (Archivbild): Der Mittelfeldspieler soll am Mittwoch seinen Vertrag bei Dynamo Dresden unterschreiben. (Quelle: IMAGO\/Ralf Brueck)<\/p>\n<p><img loading=\"lazy\" src=\"https:\/\/dresden.t-online.de\/s\/paper\/_next\/static\/media\/audio-volume.6689034c.svg\" alt=\"\" title=\"\" class=\"block h-[calc(var(--height)_\/_16_*_1rem)] w-[calc(var(--width)_\/_16_*_1rem)] max-w-none group-hover:brightness-0 group-hover:invert\" style=\"--width:16;--height:16\" decoding=\"async\"\/>Vorlesen<\/p>\n<p>Aktuelle Zeit:0:00Gesamtdauer:0:00<\/p>\n<p>1x<\/p>\n<p class=\"text-center\">Jetzt neu bei t-online:<\/p>\n<p class=\"text-center\">Schriftgr\u00f6\u00dfe anpassen!<\/p>\n<p><img loading=\"lazy\" src=\"https:\/\/dresden.t-online.de\/s\/paper\/_next\/static\/media\/font-sizes.32942e33.svg\" alt=\"\" title=\"\" class=\"block h-[calc(var(--height)_\/_16_*_1rem)] w-[calc(var(--width)_\/_16_*_1rem)] max-w-none group-hover:hidden group-aria-expanded:hidden\" style=\"--width:16;--height:16\" decoding=\"async\"\/><img loading=\"lazy\" src=\"https:\/\/dresden.t-online.de\/s\/paper\/_next\/static\/media\/font-sizes-dark-mode.e382645c.svg\" alt=\"\" title=\"\" class=\"block h-[calc(var(--height)_\/_16_*_1rem)] w-[calc(var(--width)_\/_16_*_1rem)] max-w-none hidden group-hover:block group-aria-expanded:block\" style=\"--width:16;--height:16\" decoding=\"async\"\/><img loading=\"lazy\" src=\"https:\/\/dresden.t-online.de\/s\/paper\/_next\/static\/media\/sharing-menu-icon.1eb71368.svg\" alt=\"\" title=\"\" class=\"block h-[calc(var(--height)_\/_16_*_1rem)] w-[calc(var(--width)_\/_16_*_1rem)] max-w-none group-hover:brightness-0 group-hover:invert\" style=\"--width:16;--height:16\" decoding=\"async\"\/>Artikel teilen<\/p>\n<p class=\"font-bold text-18 leading-17 user-text-lg:text-22 user-text-xl:text-24\">Zweitligist Dynamo Dresden verst\u00e4rkt sein zentrales Mittelfeld. Tobias Raschl wechselt offenbar von Absteiger Preu\u00dfen M\u00fcnster nach Dresden \u2013 und ersetzt einen prominenten Abgang.<\/p>\n<p class=\"text-18 leading-17 user-text-lg:text-22 user-text-xl:text-24\"><a href=\"https:\/\/www.t-online.de\/themen\/dynamo-dresden\/\" class=\"transition-colors cursor-pointer no-underline md:hover:text-magenta md:focus:text-magenta border-b border-solid border-current text-salemsfur md:hover:border-magenta\" data-tracking=\"{&quot;action&quot;:&quot;click&quot;,&quot;category&quot;:&quot;intextLink&quot;,&quot;label&quot;:&quot;https:\/\/www.t-online.de\/themen\/dynamo-dresden\/&quot;}\" data-sctrack=\"BodyAnchor\" rel=\"nofollow noopener\" target=\"_blank\">Dynamo Dresden<\/a> steht vor der Verpflichtung von Tobias Raschl. Der 26-j\u00e4hrige Mittelfeldspieler wechselt vom Zweitliga-Absteiger Preu\u00dfen M\u00fcnster zu den Sachsen, berichten &#8222;Bild&#8220; und das Dynamo-Portal &#8222;1953update&#8220; \u00fcbereinstimmend. Laut &#8222;1952update&#8220; unterschreibt Raschl seinen Vertrag bereits am Mittwoch, 24. Juni 2026.<\/p>\n<p>Abl\u00f6sefrei dank Halbjahres-Vertrag<\/p>\n<p class=\"text-18 leading-17 user-text-lg:text-22 user-text-xl:text-24\">Der Transfer w\u00fcrde Dynamo keine Abl\u00f6se kosten. Raschl hatte in M\u00fcnster lediglich einen Vertrag bis zum Saisonende unterschrieben, der nun ausgelaufen ist.<\/p>\n<p>Empfohlener externer Inhalt<img loading=\"lazy\" src=\"https:\/\/dresden.t-online.de\/s\/paper\/_next\/static\/media\/facebook.62c97f9a.svg\" alt=\"Facebook\" title=\"Facebook\" class=\"block h-[calc(var(--height)_\/_16_*_1rem)] w-[calc(var(--width)_\/_16_*_1rem)] max-w-none undefined\" style=\"--height:24\" decoding=\"async\"\/>Facebook<\/p>\n<p class=\"text-14 leading-15\">Wir ben\u00f6tigen Ihre Einwilligung, um den von unserer Redaktion eingebundenen Facebook-Inhalt anzuzeigen. Sie k\u00f6nnen diesen (und damit auch alle weiteren Facebook-Inhalte auf t-online.de) mit einem Klick anzeigen lassen und auch wieder deaktivieren.<\/p>\n<p>Facebook-Inhalte immer anzeigen<\/p>\n<p>Ich bin damit einverstanden, dass mir externe Inhalte angezeigt werden. Damit k\u00f6nnen personenbezogene Daten an Drittplattformen \u00fcbermittelt werden. <a href=\"https:\/\/www.t-online.de\/datenschutz\/id_88397036\/index#17-externe-inhalte\" target=\"_blank\" class=\"transition-colors text-magenta\" rel=\"nofollow noopener\">Mehr dazu in unseren Datenschutzhinweisen<\/a>.<\/p>\n<p class=\"text-18 leading-17 user-text-lg:text-22 user-text-xl:text-24\">Raschl blickt auf eine unruhige Spielzeit zur\u00fcck. Die erste Saisonh\u00e4lfte verbrachte er beim 1. FC Kaiserslautern, im Februar wechselte er dann nach M\u00fcnster. Dort bremsten ihn eine Verletzung und ein Trainerwechsel aus.<\/p>\n<p class=\"text-18 leading-17 user-text-lg:text-22 user-text-xl:text-24\">Insgesamt kam er in der abgelaufenen Zweitliga-Saison auf 13 Eins\u00e4tze.<\/p>\n","protected":false},"excerpt":{"rendered":"Abl\u00f6sefrei Dynamo schnappt sich Mittelfeldspieler von Absteiger M\u00fcnster Aktualisiert am 24.06.2026Lesedauer: 1 Min. Tobias Raschl (Archivbild): Der Mittelfeldspieler&hellip;\n","protected":false},"author":2,"featured_media":1118094,"comment_status":"","ping_status":"","sticky":false,"template":"","format":"standard","meta":{"footnotes":"","_share_on_mastodon":"0"},"categories":[1843],"tags":[722,621,34566,3364,29,2386,3766,30,11455,8970,1209,7650],"class_list":["post-1127571","post","type-post","status-publish","format-standard","has-post-thumbnail","category-muenster","tag-722","tag-2-bundesliga","tag-absteiger","tag-de","tag-deutschland","tag-dresden","tag-dynamo-dresden","tag-germany","tag-mittelfeld","tag-muenster","tag-nordrhein-westfalen","tag-preussen-muenster"],"share_on_mastodon":{"url":"https:\/\/pubeurope.com\/@de\/116826611157241511","error":""},"_links":{"self":[{"href":"https:\/\/www.europesays.com\/de\/wp-json\/wp\/v2\/posts\/1127571","targetHints":{"allow":["GET"]}}],"collection":[{"href":"https:\/\/www.europesays.com\/de\/wp-json\/wp\/v2\/posts"}],"about":[{"href":"https:\/\/www.europesays.com\/de\/wp-json\/wp\/v2\/types\/post"}],"author":[{"embeddable":true,"href":"https:\/\/www.europesays.com\/de\/wp-json\/wp\/v2\/users\/2"}],"replies":[{"embeddable":true,"href":"https:\/\/www.europesays.com\/de\/wp-json\/wp\/v2\/comments?post=1127571"}],"version-history":[{"count":0,"href":"https:\/\/www.europesays.com\/de\/wp-json\/wp\/v2\/posts\/1127571\/revisions"}],"wp:featuredmedia":[{"embeddable":true,"href":"https:\/\/www.europesays.com\/de\/wp-json\/wp\/v2\/media\/1118094"}],"wp:attachment":[{"href":"https:\/\/www.europesays.com\/de\/wp-json\/wp\/v2\/media?parent=1127571"}],"wp:term":[{"taxonomy":"category","embeddable":true,"href":"https:\/\/www.europesays.com\/de\/wp-json\/wp\/v2\/categories?post=1127571"},{"taxonomy":"post_tag","embeddable":true,"href":"https:\/\/www.europesays.com\/de\/wp-json\/wp\/v2\/tags?post=1127571"}],"curies":[{"name":"wp","href":"https:\/\/api.w.org\/{rel}","templated":true}]}}