{"id":1127589,"date":"2026-06-28T08:00:17","date_gmt":"2026-06-28T08:00:17","guid":{"rendered":"https:\/\/www.europesays.com\/de\/1127589\/"},"modified":"2026-06-28T08:00:17","modified_gmt":"2026-06-28T08:00:17","slug":"poker-um-abwehr-riese-bvb-bekommt-konkurrenz-aus-frankreich","status":"publish","type":"post","link":"https:\/\/www.europesays.com\/de\/1127589\/","title":{"rendered":"Poker um Abwehr-Riese: BVB bekommt Konkurrenz aus Frankreich"},"content":{"rendered":"<p>Emmanuel Fernandez (24) hat sich bei den Rangers in nur einer Saison zu einem der gefragtesten Innenverteidiger Europas entwickelt. Jetzt mischt auch ein Ligue-1-Klub im Poker mit.\n<\/p>\n<p>Borussia Dortmund wurde bereits vor Wochen als Interessent f\u00fcr Emmanuel Fernandez gehandelt, nun gibt es neue Konkurrenz. Stade Rennes ist in das Rennen um eingestiegen. <\/p>\n<p><a href=\"https:\/\/www.ouest-france.fr\/sport\/football\/stade-rennais\/mercato-dans-sa-quete-dun-defenseur-axial-le-stade-rennais-lorgne-vers-letranger-et-tente-charlie-cresswell-ad119720-6d56-11f1-971c-5aa54f866c16\" target=\"_blank\" rel=\"noopener noreferrer nofollow\">Wie Ouest France berichtet<\/a>, steht der 1,98 Meter gro\u00dfe Innenverteidiger auf einer Liste mit drei Kandidaten, mit denen die Bretonen ihre Defensive f\u00fcr die kommende Saison verst\u00e4rken wollen.<\/p>\n<p><a href=\"https:\/\/www.fussballeuropa.com\/news\/fc-bayern-und-bvb-beobachten-wechselt-emmanuel-fernandez-in-die-bundesligaij-2026-02\" rel=\"nofollow noopener\" target=\"_blank\">Rennes und der BVB sind nicht die einzigen Bewerber f\u00fcr den Innenverteidiger<\/a>. Feyenoord Rotterdam und  Bayer Leverkusen verfolgen den in London geborenen Nigerianer aufmerksam. <\/p>\n<p>Starke Deb\u00fctsaison in Glasgow<\/p>\n<p><a href=\"https:\/\/www.fussballeuropa.com\/news\/nach-anselmino-schock-bvb-baggert-an-abwehr-hune-2026-01\" rel=\"nofollow noopener\" target=\"_blank\">Fernandez kam erst im vergangenen Sommer f\u00fcr rund 2,9 Millionen Euro vom englischen Drittligisten Peterborough United nach Glasgow<\/a>. In seiner ersten Saison kommt der Rechtsfu\u00df auf 31 Eins\u00e4tze (f\u00fcnf Tore) und 2.595 Spielminuten. <\/p>\n<\/p>\n<p>Am Saisonende wurde er zum Spieler der Saison der Rangers gew\u00e4hlt. Auch in der Nationalmannschaft hat er Fu\u00df gefasst. Drei L\u00e4nderspiele f\u00fcr Nigeria stehen zu Buche. Sein Vertrag in Glasgow l\u00e4uft noch bis 2029, dem Vernehmen nach ohne Ausstiegsklausel \u2013 eine starke Verhandlungsposition f\u00fcr die Schotten.<\/p>\n<p>Hohe Abl\u00f6se erwartet<\/p>\n<p>Die Rangers wollen im Falle eines Verkaufs einen deutlichen Gewinn erzielen. Eine konkrete Abl\u00f6seforderung ist nicht \u00fcberliefert, d\u00fcrfte aber ein Vielfaches \u00fcber der vor einem Jahr investierten Summe betragen.<\/p>\n","protected":false},"excerpt":{"rendered":"Emmanuel Fernandez (24) hat sich bei den Rangers in nur einer Saison zu einem der gefragtesten Innenverteidiger Europas&hellip;\n","protected":false},"author":2,"featured_media":1127590,"comment_status":"","ping_status":"","sticky":false,"template":"","format":"standard","meta":{"footnotes":"","_share_on_mastodon":"0"},"categories":[3974],"tags":[331,332,888,299,237661,548,663,3934,3980,156,13,4445,14,15,74255,12],"class_list":["post-1127589","post","type-post","status-publish","format-standard","has-post-thumbnail","category-frankreich","tag-aktuelle-nachrichten","tag-aktuelle-news","tag-borussia-dortmund","tag-bundesliga","tag-emmanuel-fernandez","tag-eu","tag-europa","tag-europe","tag-france","tag-frankreich","tag-headlines","tag-ligue-1","tag-nachrichten","tag-news","tag-rennes","tag-schlagzeilen"],"share_on_mastodon":{"url":"https:\/\/pubeurope.com\/@de\/116826683832882291","error":""},"_links":{"self":[{"href":"https:\/\/www.europesays.com\/de\/wp-json\/wp\/v2\/posts\/1127589","targetHints":{"allow":["GET"]}}],"collection":[{"href":"https:\/\/www.europesays.com\/de\/wp-json\/wp\/v2\/posts"}],"about":[{"href":"https:\/\/www.europesays.com\/de\/wp-json\/wp\/v2\/types\/post"}],"author":[{"embeddable":true,"href":"https:\/\/www.europesays.com\/de\/wp-json\/wp\/v2\/users\/2"}],"replies":[{"embeddable":true,"href":"https:\/\/www.europesays.com\/de\/wp-json\/wp\/v2\/comments?post=1127589"}],"version-history":[{"count":0,"href":"https:\/\/www.europesays.com\/de\/wp-json\/wp\/v2\/posts\/1127589\/revisions"}],"wp:featuredmedia":[{"embeddable":true,"href":"https:\/\/www.europesays.com\/de\/wp-json\/wp\/v2\/media\/1127590"}],"wp:attachment":[{"href":"https:\/\/www.europesays.com\/de\/wp-json\/wp\/v2\/media?parent=1127589"}],"wp:term":[{"taxonomy":"category","embeddable":true,"href":"https:\/\/www.europesays.com\/de\/wp-json\/wp\/v2\/categories?post=1127589"},{"taxonomy":"post_tag","embeddable":true,"href":"https:\/\/www.europesays.com\/de\/wp-json\/wp\/v2\/tags?post=1127589"}],"curies":[{"name":"wp","href":"https:\/\/api.w.org\/{rel}","templated":true}]}}