{"id":1127642,"date":"2026-06-28T08:31:18","date_gmt":"2026-06-28T08:31:18","guid":{"rendered":"https:\/\/www.europesays.com\/de\/1127642\/"},"modified":"2026-06-28T08:31:18","modified_gmt":"2026-06-28T08:31:18","slug":"25-06-koeln-unbekannter-spricht-kind-an-und-stellt-ihm-nach","status":"publish","type":"post","link":"https:\/\/www.europesays.com\/de\/1127642\/","title":{"rendered":"25.06.: K\u00f6ln: Unbekannter spricht Kind an und stellt ihm nach"},"content":{"rendered":"<p>&#13;<br \/>\n            <b>K\u00f6ln<\/b>. Am Donnerstag (25. Juni) gegen 16 Uhr hat eine Anruferin aus Roggendorf\/Thenhoven die Polizei K\u00f6ln \u00fcber einen verd\u00e4chtigen Vorfall informiert, der ihr kurz zuvor von ihrer Tochter geschildert worden sei. Demzufolge sei das Kind gegen 15 Uhr an der Sinnersdorfer Stra\u00dfe von dem Beifahrer eines neben ihr fahrenden dunkelgr\u00fcnen Kastenwagens mit silberfarbenem Anh\u00e4nger angesprochen worden. Der Verd\u00e4chtige sei dem M\u00e4dchen zeitweise zu Fu\u00df gefolgt und an der Straberger Stra\u00dfe wieder zugestiegen und weggefahren. <\/p>\n<p>Der als etwa 45 bis 50 Jahre alt beschriebene Mann soll einen Schnurrbart getragen und mit einem dunkelgr\u00fcnen Hemd bekleidet gewesen sein. Der etwa gleichaltrige Fahrer habe eine Brille und ebenfalls ein dunkelgr\u00fcnes Hemd getragen. <\/p>\n<p>Eingesetzte Streifenkr\u00e4fte konnten das gemeldete Fahrzeug nicht mehr feststellen. Die Polizistinnen und Polizisten wurden entsprechend sensibilisiert. Konkrete Hinweise auf Straftaten liegen bislang nicht vor. <\/p>\n<p>Unklar ist, ob es sich bei den aktuell in sozialen Netzwerken geteilten Fotos eines Ford Transit Tourneo um das Fahrzeug handelt, aus dem heraus das Kind angesprochen worden sein soll. Um Zeugenhinweise, auch zu dem beschriebenen Geschehen an der Sinnersdorfer Stra\u00dfe, wird gebeten unter Tel.-Nr. 0221 229-0 oder an poststelle.koeln@polizei.nrw.de. Pressemitteilung Polizei K\u00f6ln <\/p>\n<p>                <a href=\"https:\/\/www.blick-aktuell.de\/Nachrichten\/2506-Randale-im-Discounter-Mann-verletzt-Kundin-mit-Wasserpistole-668093.html?StoryId=668094\" rel=\"nofollow noopener\" target=\"_blank\">&#13;<br \/>\n                  <img decoding=\"async\" class=\"img-responsive WebStoryLink-Image\" src=\"https:\/\/www.europesays.com\/de\/wp-content\/uploads\/2026\/06\/2506-Randale-im-Discounter-Mann-verletzt-Kundin-mit-Wasserpistole-668093t.jpg\" alt=\"25.06.: Randale im Discounter: Mann verletzt Kundin mit Wasserpistole\"\/>&#13;<br \/>\n                <\/a><\/p>\n<p>                <a href=\"https:\/\/www.blick-aktuell.de\/Nachrichten\/2706-Fussgaenger-von-Stadtbahn-erfasst-26-Jaehriger-wird-schwer-verletzt-668092.html?StoryId=668094\" rel=\"nofollow noopener\" target=\"_blank\">&#13;<br \/>\n                  <img decoding=\"async\" class=\"img-responsive WebStoryLink-Image\" src=\"https:\/\/www.europesays.com\/de\/wp-content\/uploads\/2026\/06\/2706-Fussgaenger-von-Stadtbahn-erfasst-26-Jaehriger-wird-schwer-verletzt-668092t.jpg\" alt=\"27.06.: Fu\u00dfg\u00e4nger von Stadtbahn erfasst: 26-J\u00e4hriger wird schwer verletzt\"\/>&#13;<br \/>\n                <\/a><\/p>\n<p>                <a href=\"https:\/\/www.blick-aktuell.de\/Berichte\/Quiz-Wie-gut-kenn-ihr-euch-in-Koeln-aus--652811.html?StoryId=668094\" rel=\"nofollow noopener\" target=\"_blank\">&#13;<br \/>\n                  <img decoding=\"async\" class=\"img-responsive WebStoryLink-Image\" src=\"https:\/\/www.europesays.com\/de\/wp-content\/uploads\/2026\/02\/Quiz-Wie-gut-kenn-ihr-euch-in-Koeln-aus--652811t.jpg\" alt=\"Quiz: Wie gut kennt ihr euch in K\u00f6ln aus?\"\/>&#13;<br \/>\n                <\/a><\/p>\n","protected":false},"excerpt":{"rendered":"&#13; K\u00f6ln. Am Donnerstag (25. Juni) gegen 16 Uhr hat eine Anruferin aus Roggendorf\/Thenhoven die Polizei K\u00f6ln \u00fcber&hellip;\n","protected":false},"author":2,"featured_media":1127643,"comment_status":"","ping_status":"","sticky":false,"template":"","format":"standard","meta":{"footnotes":"","_share_on_mastodon":"0"},"categories":[1828],"tags":[2499,29,30,1420,1209,121],"class_list":["post-1127642","post","type-post","status-publish","format-standard","has-post-thumbnail","category-koeln","tag-kln","tag-deutschland","tag-germany","tag-koeln","tag-nordrhein-westfalen","tag-polizei"],"share_on_mastodon":{"url":"https:\/\/pubeurope.com\/@de\/116826807967142441","error":""},"_links":{"self":[{"href":"https:\/\/www.europesays.com\/de\/wp-json\/wp\/v2\/posts\/1127642","targetHints":{"allow":["GET"]}}],"collection":[{"href":"https:\/\/www.europesays.com\/de\/wp-json\/wp\/v2\/posts"}],"about":[{"href":"https:\/\/www.europesays.com\/de\/wp-json\/wp\/v2\/types\/post"}],"author":[{"embeddable":true,"href":"https:\/\/www.europesays.com\/de\/wp-json\/wp\/v2\/users\/2"}],"replies":[{"embeddable":true,"href":"https:\/\/www.europesays.com\/de\/wp-json\/wp\/v2\/comments?post=1127642"}],"version-history":[{"count":0,"href":"https:\/\/www.europesays.com\/de\/wp-json\/wp\/v2\/posts\/1127642\/revisions"}],"wp:featuredmedia":[{"embeddable":true,"href":"https:\/\/www.europesays.com\/de\/wp-json\/wp\/v2\/media\/1127643"}],"wp:attachment":[{"href":"https:\/\/www.europesays.com\/de\/wp-json\/wp\/v2\/media?parent=1127642"}],"wp:term":[{"taxonomy":"category","embeddable":true,"href":"https:\/\/www.europesays.com\/de\/wp-json\/wp\/v2\/categories?post=1127642"},{"taxonomy":"post_tag","embeddable":true,"href":"https:\/\/www.europesays.com\/de\/wp-json\/wp\/v2\/tags?post=1127642"}],"curies":[{"name":"wp","href":"https:\/\/api.w.org\/{rel}","templated":true}]}}